{"id":654850,"date":"2023-11-10T20:48:31","date_gmt":"2023-11-10T16:48:31","guid":{"rendered":"https:\/\/arantv.az\/?p=654850"},"modified":"2023-11-10T20:48:31","modified_gmt":"2023-11-10T16:48:31","slug":"armen-qriqoryan-erm%c9%99nistan-sulh%c9%99-hazirdir","status":"publish","type":"post","link":"https:\/\/arantv.az\/?p=654850","title":{"rendered":"Armen Qriqoryan: \u201cErm\u0259nistan s\u00fclh\u0259 haz\u0131rd\u0131r\u201d"},"content":{"rendered":"<p>\u201cErm\u0259nistan Br\u00fcsseld\u0259 \u00fc\u00e7t\u0259r\u0259fli g\u00f6r\u00fc\u015f\u0259 haz\u0131rd\u0131r v\u0259 \u00fcmid edir ki, bu g\u00f6r\u00fc\u015f yax\u0131n vaxtlarda ba\u015f tutacaq\u201d.<\/p>\n<p>Bu s\u00f6zl\u0259ri Erm\u0259nistan T\u0259hl\u00fck\u0259sizlik \u015euras\u0131n\u0131n katibi Armen Qriqoryan Br\u00fcsseld\u0259 \u201cErm\u0259nistan-Avropa\u201d konfrans\u0131nda deyib.<\/p>\n<p>\u201cErm\u0259nistan s\u00fclh\u0259 haz\u0131rd\u0131r. Haz\u0131rk\u0131 m\u0259rh\u0259l\u0259d\u0259 \u0130r\u0259van Az\u0259rbaycanla s\u0259rh\u0259din d\u0259qiql\u0259\u015fdirilm\u0259si, respublikan\u0131n \u0259razi b\u00fct\u00f6vl\u00fcy\u00fcn\u00fcn tan\u0131nmas\u0131 il\u0259 ba\u011fl\u0131 d\u0259qiql\u0259\u015fdirm\u0259l\u0259r aparma\u011fa \u00e7al\u0131\u015f\u0131r\u201d, &#8211; dey\u0259 o bildirib.<\/p>\n<p>Armen Qriqoryan\u0131n s\u00f6zl\u0259rin\u0259 g\u00f6r\u0259, \u0130r\u0259van h\u0259m\u00e7inin d\u00f6rd prinsip \u0259sas\u0131nda regionda blokadan\u0131n aradan qald\u0131r\u0131lmas\u0131na s\u0259y g\u00f6st\u0259rir. Bunlardan biri d\u0259 \u0259sirl\u0259rin qaytar\u0131lmas\u0131 v\u0259 s\u00fclh\u00fcn \u0259ld\u0259 olunmas\u0131 il\u0259 ba\u011fl\u0131d\u0131r.<\/p>\n<p>\u201cErm\u0259nistan bu g\u00fcnd\u0259m \u00fczr\u0259 dan\u0131\u015f\u0131qlar\u0131 davam etdirm\u0259y\u0259, Br\u00fcssel\u0259 g\u0259lm\u0259y\u0259, son n\u00f6qt\u0259y\u0259 \u00e7atma\u011fa v\u0259 s\u00fclh m\u00fcqavil\u0259sini imzalama\u011fa haz\u0131rd\u0131r\u201d, &#8211; dey\u0259 Qriqoryan qeyd edib.<\/p>\n<p>M\u0259nb\u0259: Erm\u0259ni K\u0130V<\/p>\n","protected":false},"excerpt":{"rendered":"<p>\u201cErm\u0259nistan Br\u00fcsseld\u0259 \u00fc\u00e7t\u0259r\u0259fli g\u00f6r\u00fc\u015f\u0259 haz\u0131rd\u0131r v\u0259 \u00fcmid edir ki, bu g\u00f6r\u00fc\u015f yax\u0131n vaxtlarda ba\u015f tutacaq\u201d. Bu s\u00f6zl\u0259ri Erm\u0259nistan T\u0259hl\u00fck\u0259sizlik \u015euras\u0131n\u0131n katibi Armen Qriqoryan Br\u00fcsseld\u0259 \u201cErm\u0259nistan-Avropa\u201d konfrans\u0131nda deyib. \u201cErm\u0259nistan s\u00fclh\u0259 haz\u0131rd\u0131r. Haz\u0131rk\u0131 m\u0259rh\u0259l\u0259d\u0259 \u0130r\u0259van Az\u0259rbaycanla s\u0259rh\u0259din d\u0259qiql\u0259\u015fdirilm\u0259si, respublikan\u0131n \u0259razi b\u00fct\u00f6vl\u00fcy\u00fcn\u00fcn tan\u0131nmas\u0131 il\u0259 ba\u011fl\u0131 d\u0259qiql\u0259\u015fdirm\u0259l\u0259r aparma\u011fa \u00e7al\u0131\u015f\u0131r\u201d, &#8211; dey\u0259 o bildirib. Armen Qriqoryan\u0131n s\u00f6zl\u0259rin\u0259 g\u00f6r\u0259, \u0130r\u0259van h\u0259m\u00e7inin d\u00f6rd prinsip \u0259sas\u0131nda regionda blokadan\u0131n aradan qald\u0131r\u0131lmas\u0131na s\u0259y g\u00f6st\u0259rir. Bunlardan biri d\u0259 \u0259sirl\u0259rin qaytar\u0131lmas\u0131 v\u0259 s\u00fclh\u00fcn \u0259ld\u0259 olunmas\u0131 il\u0259 ba\u011fl\u0131d\u0131r. \u201cErm\u0259nistan bu g\u00fcnd\u0259m \u00fczr\u0259 dan\u0131\u015f\u0131qlar\u0131 davam etdirm\u0259y\u0259, Br\u00fcssel\u0259 g\u0259lm\u0259y\u0259, son n\u00f6qt\u0259y\u0259 \u00e7atma\u011fa v\u0259 s\u00fclh m\u00fcqavil\u0259sini&hellip;<\/p>\n","protected":false},"author":2,"featured_media":654852,"comment_status":"closed","ping_status":"closed","sticky":false,"template":"","format":"standard","meta":{"om_disable_all_campaigns":false,"_monsterinsights_skip_tracking":false,"_monsterinsights_sitenote_active":false,"_monsterinsights_sitenote_note":"","_monsterinsights_sitenote_category":0},"categories":[4],"tags":[],"aioseo_notices":[],"gutentor_comment":0,"rttpg_featured_image_url":{"full":["https:\/\/arantv.az\/wp-content\/uploads\/2023\/11\/FotoJet-2023-11-10T193404.934.jpg",620,413,false],"landscape":["https:\/\/arantv.az\/wp-content\/uploads\/2023\/11\/FotoJet-2023-11-10T193404.934.jpg",620,413,false],"portraits":["https:\/\/arantv.az\/wp-content\/uploads\/2023\/11\/FotoJet-2023-11-10T193404.934.jpg",620,413,false],"thumbnail":["https:\/\/arantv.az\/wp-content\/uploads\/2023\/11\/FotoJet-2023-11-10T193404.934-500x280.jpg",500,280,true],"medium":["https:\/\/arantv.az\/wp-content\/uploads\/2023\/11\/FotoJet-2023-11-10T193404.934-548x365.jpg",548,365,true],"large":["https:\/\/arantv.az\/wp-content\/uploads\/2023\/11\/FotoJet-2023-11-10T193404.934.jpg",620,413,false],"1536x1536":["https:\/\/arantv.az\/wp-content\/uploads\/2023\/11\/FotoJet-2023-11-10T193404.934.jpg",620,413,false],"2048x2048":["https:\/\/arantv.az\/wp-content\/uploads\/2023\/11\/FotoJet-2023-11-10T193404.934.jpg",620,413,false],"post-thumbnail":["https:\/\/arantv.az\/wp-content\/uploads\/2023\/11\/FotoJet-2023-11-10T193404.934-240x172.jpg",240,172,true],"advps-thumb-one":["https:\/\/arantv.az\/wp-content\/uploads\/2023\/11\/FotoJet-2023-11-10T193404.934.jpg",620,413,false]},"rttpg_author":{"display_name":"V\u00fcsal Rafiqo\u011flu","author_link":"https:\/\/arantv.az\/?author=2"},"rttpg_comment":0,"rttpg_category":"<a href=\"https:\/\/arantv.az\/?cat=4\" rel=\"category\">Siyas\u0259t<\/a>","rttpg_excerpt":"\u201cErm\u0259nistan Br\u00fcsseld\u0259 \u00fc\u00e7t\u0259r\u0259fli g\u00f6r\u00fc\u015f\u0259 haz\u0131rd\u0131r v\u0259 \u00fcmid edir ki, bu g\u00f6r\u00fc\u015f yax\u0131n vaxtlarda ba\u015f tutacaq\u201d. Bu s\u00f6zl\u0259ri Erm\u0259nistan T\u0259hl\u00fck\u0259sizlik \u015euras\u0131n\u0131n katibi Armen Qriqoryan Br\u00fcsseld\u0259 \u201cErm\u0259nistan-Avropa\u201d konfrans\u0131nda deyib. \u201cErm\u0259nistan s\u00fclh\u0259 haz\u0131rd\u0131r. Haz\u0131rk\u0131 m\u0259rh\u0259l\u0259d\u0259 \u0130r\u0259van Az\u0259rbaycanla s\u0259rh\u0259din d\u0259qiql\u0259\u015fdirilm\u0259si, respublikan\u0131n \u0259razi b\u00fct\u00f6vl\u00fcy\u00fcn\u00fcn tan\u0131nmas\u0131 il\u0259 ba\u011fl\u0131 d\u0259qiql\u0259\u015fdirm\u0259l\u0259r aparma\u011fa \u00e7al\u0131\u015f\u0131r\u201d, &#8211; dey\u0259 o bildirib. Armen Qriqoryan\u0131n s\u00f6zl\u0259rin\u0259 g\u00f6r\u0259, \u0130r\u0259van h\u0259m\u00e7inin&hellip;","_links":{"self":[{"href":"https:\/\/arantv.az\/index.php?rest_route=\/wp\/v2\/posts\/654850"}],"collection":[{"href":"https:\/\/arantv.az\/index.php?rest_route=\/wp\/v2\/posts"}],"about":[{"href":"https:\/\/arantv.az\/index.php?rest_route=\/wp\/v2\/types\/post"}],"author":[{"embeddable":true,"href":"https:\/\/arantv.az\/index.php?rest_route=\/wp\/v2\/users\/2"}],"replies":[{"embeddable":true,"href":"https:\/\/arantv.az\/index.php?rest_route=%2Fwp%2Fv2%2Fcomments&post=654850"}],"version-history":[{"count":0,"href":"https:\/\/arantv.az\/index.php?rest_route=\/wp\/v2\/posts\/654850\/revisions"}],"wp:featuredmedia":[{"embeddable":true,"href":"https:\/\/arantv.az\/index.php?rest_route=\/wp\/v2\/media\/654852"}],"wp:attachment":[{"href":"https:\/\/arantv.az\/index.php?rest_route=%2Fwp%2Fv2%2Fmedia&parent=654850"}],"wp:term":[{"taxonomy":"category","embeddable":true,"href":"https:\/\/arantv.az\/index.php?rest_route=%2Fwp%2Fv2%2Fcategories&post=654850"},{"taxonomy":"post_tag","embeddable":true,"href":"https:\/\/arantv.az\/index.php?rest_route=%2Fwp%2Fv2%2Ftags&post=654850"}],"curies":[{"name":"wp","href":"https:\/\/api.w.org\/{rel}","templated":true}]}}