{"id":654854,"date":"2023-11-10T20:49:54","date_gmt":"2023-11-10T16:49:54","guid":{"rendered":"https:\/\/arantv.az\/?p=654854"},"modified":"2023-11-10T20:49:54","modified_gmt":"2023-11-10T16:49:54","slug":"frankofoniya-t%c9%99skilatinda-novb%c9%99ti-fransa-v%c9%99-erm%c9%99nistan-fiaskosu","status":"publish","type":"post","link":"https:\/\/arantv.az\/?p=654854","title":{"rendered":"Frankofoniya t\u0259\u015fkilat\u0131nda n\u00f6vb\u0259ti Fransa v\u0259 Erm\u0259nistan fiaskosu"},"content":{"rendered":"<p>Erm\u0259nistan v\u0259 Fransa Beyn\u0259lxalq Frankofoniya T\u0259\u015fkilat\u0131n\u0131 (BFT) anti-Az\u0259rbaycan platformas\u0131na \u00e7evirm\u0259k c\u0259hdl\u0259rini davam etdirir.<\/p>\n<p><b>ARANTV.AZ\u00a0<\/b> x\u0259b\u0259r verir ki, bu g\u00fcnl\u0259rd\u0259, Fransan\u0131n t\u0259sis\u00e7isi oldu\u011fu Frankofoniya t\u0259\u015fkilat\u0131n\u0131n nazirl\u0259r g\u00f6r\u00fc\u015f\u00fc Kamerunda \u00f6z i\u015fini yekunla\u015fd\u0131r\u0131b.<\/p>\n<p>Az\u0259rbaycan\u0131n sentyabr ay\u0131nda h\u0259yata ke\u00e7irdiyi antiterror t\u0259dbirl\u0259rind\u0259n sonra b\u00fct\u00fcn beyn\u0259lxalq platformalarda \u00f6lk\u0259miz\u0259 qar\u015f\u0131 qarayaxma kampaniyas\u0131 aparan Fransa v\u0259 Erm\u0259nistan t\u0259\u015fkilat\u0131n bu iclas\u0131nda b\u0259zi c\u0259hdl\u0259r ets\u0259l\u0259r d\u0259, onlar\u0131n bu s\u0259yl\u0259ri he\u00e7 bir n\u0259tic\u0259 verm\u0259yib.<\/p>\n<p>Kamerunda Az\u0259rbaycan\u0131n s\u0259dri oldu\u011fu Qo\u015fulmama H\u0259r\u0259kat\u0131n\u0131n Frankofoniya daxilind\u0259 qrupunun t\u0259sis edilm\u0259si, bu \u00f6lk\u0259l\u0259rin Az\u0259rbaycana g\u00f6st\u0259rdiyi dost m\u00fcnasib\u0259ti Erm\u0259nistan\u0131n bu s\u0259yl\u0259rinin u\u011fursuz olaca\u011f\u0131n\u0131 \u0259vv\u0259lc\u0259d\u0259n dem\u0259y\u0259 \u0259sas verirdi.<\/p>\n<p>Bununla yana\u015f\u0131, \u00f6t\u0259n ilin noyabr ay\u0131nda Frankofoniya t\u0259\u015fkilat\u0131n\u0131n Tunisd\u0259ki sammitind\u0259, Az\u0259rbaycan\u0131n \u00fczv olmad\u0131\u011f\u0131 bir t\u0259\u015fkilatda Fransa v\u0259 Erm\u0259nistan\u0131n b\u00fct\u00fcn s\u0259yl\u0259rin\u0259 baxmayaraq, ir\u0259li s\u00fcr\u00fclm\u00fc\u015f q\u0259tnam\u0259d\u0259 Az\u0259rbaycan \u0259leyhin\u0259 b\u0259ndl\u0259rin \u0259ks\u0259riyy\u0259tinin r\u0259dd edilm\u0259si v\u0259 q\u0259tnam\u0259 \u00fczr\u0259 s\u0259yl\u0259rin ist\u0259nil\u0259n n\u0259tic\u0259 verm\u0259m\u0259si Fransa v\u0259 Erm\u0259nistan\u0131 Kamerunda bu kimi c\u0259hdl\u0259rd\u0259n \u0259l \u00e7\u0259km\u0259y\u0259 m\u0259cbur edib.<\/p>\n","protected":false},"excerpt":{"rendered":"<p>Erm\u0259nistan v\u0259 Fransa Beyn\u0259lxalq Frankofoniya T\u0259\u015fkilat\u0131n\u0131 (BFT) anti-Az\u0259rbaycan platformas\u0131na \u00e7evirm\u0259k c\u0259hdl\u0259rini davam etdirir. ARANTV.AZ\u00a0 x\u0259b\u0259r verir ki, bu g\u00fcnl\u0259rd\u0259, Fransan\u0131n t\u0259sis\u00e7isi oldu\u011fu Frankofoniya t\u0259\u015fkilat\u0131n\u0131n nazirl\u0259r g\u00f6r\u00fc\u015f\u00fc Kamerunda \u00f6z i\u015fini yekunla\u015fd\u0131r\u0131b. Az\u0259rbaycan\u0131n sentyabr ay\u0131nda h\u0259yata ke\u00e7irdiyi antiterror t\u0259dbirl\u0259rind\u0259n sonra b\u00fct\u00fcn beyn\u0259lxalq platformalarda \u00f6lk\u0259miz\u0259 qar\u015f\u0131 qarayaxma kampaniyas\u0131 aparan Fransa v\u0259 Erm\u0259nistan t\u0259\u015fkilat\u0131n bu iclas\u0131nda b\u0259zi c\u0259hdl\u0259r ets\u0259l\u0259r d\u0259, onlar\u0131n bu s\u0259yl\u0259ri he\u00e7 bir n\u0259tic\u0259 verm\u0259yib. Kamerunda Az\u0259rbaycan\u0131n s\u0259dri oldu\u011fu Qo\u015fulmama H\u0259r\u0259kat\u0131n\u0131n Frankofoniya daxilind\u0259 qrupunun t\u0259sis edilm\u0259si, bu \u00f6lk\u0259l\u0259rin Az\u0259rbaycana g\u00f6st\u0259rdiyi dost m\u00fcnasib\u0259ti Erm\u0259nistan\u0131n bu s\u0259yl\u0259rinin u\u011fursuz olaca\u011f\u0131n\u0131 \u0259vv\u0259lc\u0259d\u0259n dem\u0259y\u0259 \u0259sas verirdi. Bununla&hellip;<\/p>\n","protected":false},"author":2,"featured_media":654860,"comment_status":"closed","ping_status":"closed","sticky":false,"template":"","format":"standard","meta":{"om_disable_all_campaigns":false,"_monsterinsights_skip_tracking":false,"_monsterinsights_sitenote_active":false,"_monsterinsights_sitenote_note":"","_monsterinsights_sitenote_category":0},"categories":[4],"tags":[],"aioseo_notices":[],"gutentor_comment":0,"rttpg_featured_image_url":{"full":["https:\/\/arantv.az\/wp-content\/uploads\/2023\/11\/361d3397-7e7c-37d7-b5f5-7e66e35ba36b_850-1.jpg",620,413,false],"landscape":["https:\/\/arantv.az\/wp-content\/uploads\/2023\/11\/361d3397-7e7c-37d7-b5f5-7e66e35ba36b_850-1.jpg",620,413,false],"portraits":["https:\/\/arantv.az\/wp-content\/uploads\/2023\/11\/361d3397-7e7c-37d7-b5f5-7e66e35ba36b_850-1.jpg",620,413,false],"thumbnail":["https:\/\/arantv.az\/wp-content\/uploads\/2023\/11\/361d3397-7e7c-37d7-b5f5-7e66e35ba36b_850-1-500x280.jpg",500,280,true],"medium":["https:\/\/arantv.az\/wp-content\/uploads\/2023\/11\/361d3397-7e7c-37d7-b5f5-7e66e35ba36b_850-1-548x365.jpg",548,365,true],"large":["https:\/\/arantv.az\/wp-content\/uploads\/2023\/11\/361d3397-7e7c-37d7-b5f5-7e66e35ba36b_850-1.jpg",620,413,false],"1536x1536":["https:\/\/arantv.az\/wp-content\/uploads\/2023\/11\/361d3397-7e7c-37d7-b5f5-7e66e35ba36b_850-1.jpg",620,413,false],"2048x2048":["https:\/\/arantv.az\/wp-content\/uploads\/2023\/11\/361d3397-7e7c-37d7-b5f5-7e66e35ba36b_850-1.jpg",620,413,false],"post-thumbnail":["https:\/\/arantv.az\/wp-content\/uploads\/2023\/11\/361d3397-7e7c-37d7-b5f5-7e66e35ba36b_850-1-240x172.jpg",240,172,true],"advps-thumb-one":["https:\/\/arantv.az\/wp-content\/uploads\/2023\/11\/361d3397-7e7c-37d7-b5f5-7e66e35ba36b_850-1.jpg",620,413,false]},"rttpg_author":{"display_name":"V\u00fcsal Rafiqo\u011flu","author_link":"https:\/\/arantv.az\/?author=2"},"rttpg_comment":0,"rttpg_category":"<a href=\"https:\/\/arantv.az\/?cat=4\" rel=\"category\">Siyas\u0259t<\/a>","rttpg_excerpt":"Erm\u0259nistan v\u0259 Fransa Beyn\u0259lxalq Frankofoniya T\u0259\u015fkilat\u0131n\u0131 (BFT) anti-Az\u0259rbaycan platformas\u0131na \u00e7evirm\u0259k c\u0259hdl\u0259rini davam etdirir. ARANTV.AZ\u00a0 x\u0259b\u0259r verir ki, bu g\u00fcnl\u0259rd\u0259, Fransan\u0131n t\u0259sis\u00e7isi oldu\u011fu Frankofoniya t\u0259\u015fkilat\u0131n\u0131n nazirl\u0259r g\u00f6r\u00fc\u015f\u00fc Kamerunda \u00f6z i\u015fini yekunla\u015fd\u0131r\u0131b. Az\u0259rbaycan\u0131n sentyabr ay\u0131nda h\u0259yata ke\u00e7irdiyi antiterror t\u0259dbirl\u0259rind\u0259n sonra b\u00fct\u00fcn beyn\u0259lxalq platformalarda \u00f6lk\u0259miz\u0259 qar\u015f\u0131 qarayaxma kampaniyas\u0131 aparan Fransa v\u0259 Erm\u0259nistan t\u0259\u015fkilat\u0131n bu iclas\u0131nda b\u0259zi c\u0259hdl\u0259r ets\u0259l\u0259r&hellip;","_links":{"self":[{"href":"https:\/\/arantv.az\/index.php?rest_route=\/wp\/v2\/posts\/654854"}],"collection":[{"href":"https:\/\/arantv.az\/index.php?rest_route=\/wp\/v2\/posts"}],"about":[{"href":"https:\/\/arantv.az\/index.php?rest_route=\/wp\/v2\/types\/post"}],"author":[{"embeddable":true,"href":"https:\/\/arantv.az\/index.php?rest_route=\/wp\/v2\/users\/2"}],"replies":[{"embeddable":true,"href":"https:\/\/arantv.az\/index.php?rest_route=%2Fwp%2Fv2%2Fcomments&post=654854"}],"version-history":[{"count":0,"href":"https:\/\/arantv.az\/index.php?rest_route=\/wp\/v2\/posts\/654854\/revisions"}],"wp:featuredmedia":[{"embeddable":true,"href":"https:\/\/arantv.az\/index.php?rest_route=\/wp\/v2\/media\/654860"}],"wp:attachment":[{"href":"https:\/\/arantv.az\/index.php?rest_route=%2Fwp%2Fv2%2Fmedia&parent=654854"}],"wp:term":[{"taxonomy":"category","embeddable":true,"href":"https:\/\/arantv.az\/index.php?rest_route=%2Fwp%2Fv2%2Fcategories&post=654854"},{"taxonomy":"post_tag","embeddable":true,"href":"https:\/\/arantv.az\/index.php?rest_route=%2Fwp%2Fv2%2Ftags&post=654854"}],"curies":[{"name":"wp","href":"https:\/\/api.w.org\/{rel}","templated":true}]}}