{"id":654859,"date":"2023-11-10T20:50:26","date_gmt":"2023-11-10T16:50:26","guid":{"rendered":"https:\/\/arantv.az\/?p=654859"},"modified":"2023-11-10T20:50:26","modified_gmt":"2023-11-10T16:50:26","slug":"%c9%99rdogan-hec-bir-guc-turkiy%c9%99nin-yuks%c9%99lisin%c9%99-turk-%c9%99srinin-qurulmasina-mane-ola-bilm%c9%99y%c9%99c%c9%99k-video","status":"publish","type":"post","link":"https:\/\/arantv.az\/?p=654859","title":{"rendered":"\u018frdo\u011fan: \u201cHe\u00e7 bir g\u00fcc T\u00fcrkiy\u0259nin y\u00fcks\u0259li\u015fin\u0259, T\u00fcrk \u0259srinin qurulmas\u0131na mane ola bilm\u0259y\u0259c\u0259k&#8221; &#8211; V\u0130DEO"},"content":{"rendered":"<p>\u201cHe\u00e7 bir g\u00fcc T\u00fcrkiy\u0259nin y\u00fcks\u0259li\u015fin\u0259, T\u00fcrk \u0259srinin qurulmas\u0131na v\u0259 mill\u0259timizin \u0259srlik h\u0259d\u0259fl\u0259rin\u0259 \u00e7atmas\u0131na mane ola bilm\u0259y\u0259c\u0259k\u201d.<\/p>\n<p>Bunu T\u00fcrkiy\u0259nin Prezidenti R\u0259c\u0259b Tayyib \u018frdo\u011fan An\u0131tq\u0259bird\u0259 T\u00fcrkiy\u0259 C\u00fcmhuriyy\u0259tinin qurucusu Mustafa Kamal Atat\u00fcrk v\u0259fat\u0131n\u0131n 85-ci ild\u00f6n\u00fcm\u00fcn\u0259 h\u0259sr olunmu\u015f ke\u00e7iril\u0259n d\u00f6vl\u0259t m\u0259rasimind\u0259 \u00e7\u0131x\u0131\u015f ed\u0259rk\u0259n deyib.<\/p>\n<p>Xat\u0131rladaq ki, bu g\u00fcn T\u00fcrkiy\u0259 C\u00fcmhuriyy\u0259tinin qurucusu ulu \u00f6nd\u0259r Mustafa Kamal Atat\u00fcrk v\u0259fat\u0131n\u0131n 85-ci ild\u00f6n\u00fcm\u00fcnd\u0259 An\u0131tq\u0259bird\u0259 d\u00f6vl\u0259t m\u0259rasimi il\u0259 an\u0131l\u0131b.<\/p>\n<p>Prezident R\u0259c\u0259b Tayyib \u018frdo\u011fan\u0131n r\u0259hb\u0259rlik etdiyi kortejd\u0259 T\u00fcrkiy\u0259 B\u00f6y\u00fck Mill\u0259t M\u0259clisinin s\u0259dri Numan Kurtulmu\u015f, Prezident kabinetinin \u00fczvl\u0259ri, CHP s\u0259dri \u00d6zg\u00fcr \u00d6z\u0259l, MHP s\u0259dri D\u00f6vl\u0259t Bax\u00e7al\u0131, \u0130Y\u0130 Partiyas\u0131n\u0131n s\u0259dri Meral Ak\u015fener, ali m\u0259hk\u0259m\u0259 orqanlar\u0131n\u0131n r\u0259hb\u0259rl\u0259ri, T\u00fcrkiy\u0259 Silahl\u0131 Q\u00fcvv\u0259l\u0259rinin n\u00fcmay\u0259nd\u0259l\u0259ri olublar. Silahl\u0131 Q\u00fcvv\u0259l\u0259rin komandanl\u0131\u011f\u0131, siyasi partiyalar\u0131n n\u00fcmay\u0259nd\u0259l\u0259ri, b\u00fcrokratlar v\u0259 dig\u0259r d\u00f6vl\u0259t r\u0259smil\u0259ri d\u0259 t\u0259dbird\u0259 i\u015ftirak edibl\u0259r.<\/p>\n<div><iframe loading=\"lazy\" src=\"https:\/\/baku.tv\/embed\/106466\" width=\"560\" height=\"315\" frameborder=\"0\" allowfullscreen=\"allowfullscreen\" data-mce-fragment=\"1\"><\/iframe><\/div>\n<p>M\u0259nb\u0259: Anadolu Ajans\u0131<\/p>\n","protected":false},"excerpt":{"rendered":"<p>\u201cHe\u00e7 bir g\u00fcc T\u00fcrkiy\u0259nin y\u00fcks\u0259li\u015fin\u0259, T\u00fcrk \u0259srinin qurulmas\u0131na v\u0259 mill\u0259timizin \u0259srlik h\u0259d\u0259fl\u0259rin\u0259 \u00e7atmas\u0131na mane ola bilm\u0259y\u0259c\u0259k\u201d. Bunu T\u00fcrkiy\u0259nin Prezidenti R\u0259c\u0259b Tayyib \u018frdo\u011fan An\u0131tq\u0259bird\u0259 T\u00fcrkiy\u0259 C\u00fcmhuriyy\u0259tinin qurucusu Mustafa Kamal Atat\u00fcrk v\u0259fat\u0131n\u0131n 85-ci ild\u00f6n\u00fcm\u00fcn\u0259 h\u0259sr olunmu\u015f ke\u00e7iril\u0259n d\u00f6vl\u0259t m\u0259rasimind\u0259 \u00e7\u0131x\u0131\u015f ed\u0259rk\u0259n deyib. Xat\u0131rladaq ki, bu g\u00fcn T\u00fcrkiy\u0259 C\u00fcmhuriyy\u0259tinin qurucusu ulu \u00f6nd\u0259r Mustafa Kamal Atat\u00fcrk v\u0259fat\u0131n\u0131n 85-ci ild\u00f6n\u00fcm\u00fcnd\u0259 An\u0131tq\u0259bird\u0259 d\u00f6vl\u0259t m\u0259rasimi il\u0259 an\u0131l\u0131b. Prezident R\u0259c\u0259b Tayyib \u018frdo\u011fan\u0131n r\u0259hb\u0259rlik etdiyi kortejd\u0259 T\u00fcrkiy\u0259 B\u00f6y\u00fck Mill\u0259t M\u0259clisinin s\u0259dri Numan Kurtulmu\u015f, Prezident kabinetinin \u00fczvl\u0259ri, CHP s\u0259dri \u00d6zg\u00fcr \u00d6z\u0259l, MHP s\u0259dri D\u00f6vl\u0259t Bax\u00e7al\u0131, \u0130Y\u0130 Partiyas\u0131n\u0131n s\u0259dri Meral Ak\u015fener,&hellip;<\/p>\n","protected":false},"author":2,"featured_media":654863,"comment_status":"closed","ping_status":"closed","sticky":false,"template":"","format":"standard","meta":{"om_disable_all_campaigns":false,"_monsterinsights_skip_tracking":false,"_monsterinsights_sitenote_active":false,"_monsterinsights_sitenote_note":"","_monsterinsights_sitenote_category":0},"categories":[7],"tags":[],"aioseo_notices":[],"gutentor_comment":0,"rttpg_featured_image_url":{"full":["https:\/\/arantv.az\/wp-content\/uploads\/2023\/11\/FotoJet-2023-11-10T163741.671.jpg",620,413,false],"landscape":["https:\/\/arantv.az\/wp-content\/uploads\/2023\/11\/FotoJet-2023-11-10T163741.671.jpg",620,413,false],"portraits":["https:\/\/arantv.az\/wp-content\/uploads\/2023\/11\/FotoJet-2023-11-10T163741.671.jpg",620,413,false],"thumbnail":["https:\/\/arantv.az\/wp-content\/uploads\/2023\/11\/FotoJet-2023-11-10T163741.671-500x280.jpg",500,280,true],"medium":["https:\/\/arantv.az\/wp-content\/uploads\/2023\/11\/FotoJet-2023-11-10T163741.671-548x365.jpg",548,365,true],"large":["https:\/\/arantv.az\/wp-content\/uploads\/2023\/11\/FotoJet-2023-11-10T163741.671.jpg",620,413,false],"1536x1536":["https:\/\/arantv.az\/wp-content\/uploads\/2023\/11\/FotoJet-2023-11-10T163741.671.jpg",620,413,false],"2048x2048":["https:\/\/arantv.az\/wp-content\/uploads\/2023\/11\/FotoJet-2023-11-10T163741.671.jpg",620,413,false],"post-thumbnail":["https:\/\/arantv.az\/wp-content\/uploads\/2023\/11\/FotoJet-2023-11-10T163741.671-240x172.jpg",240,172,true],"advps-thumb-one":["https:\/\/arantv.az\/wp-content\/uploads\/2023\/11\/FotoJet-2023-11-10T163741.671.jpg",620,413,false]},"rttpg_author":{"display_name":"V\u00fcsal Rafiqo\u011flu","author_link":"https:\/\/arantv.az\/?author=2"},"rttpg_comment":0,"rttpg_category":"<a href=\"https:\/\/arantv.az\/?cat=7\" rel=\"category\">D\u00fcnya<\/a>","rttpg_excerpt":"\u201cHe\u00e7 bir g\u00fcc T\u00fcrkiy\u0259nin y\u00fcks\u0259li\u015fin\u0259, T\u00fcrk \u0259srinin qurulmas\u0131na v\u0259 mill\u0259timizin \u0259srlik h\u0259d\u0259fl\u0259rin\u0259 \u00e7atmas\u0131na mane ola bilm\u0259y\u0259c\u0259k\u201d. Bunu T\u00fcrkiy\u0259nin Prezidenti R\u0259c\u0259b Tayyib \u018frdo\u011fan An\u0131tq\u0259bird\u0259 T\u00fcrkiy\u0259 C\u00fcmhuriyy\u0259tinin qurucusu Mustafa Kamal Atat\u00fcrk v\u0259fat\u0131n\u0131n 85-ci ild\u00f6n\u00fcm\u00fcn\u0259 h\u0259sr olunmu\u015f ke\u00e7iril\u0259n d\u00f6vl\u0259t m\u0259rasimind\u0259 \u00e7\u0131x\u0131\u015f ed\u0259rk\u0259n deyib. Xat\u0131rladaq ki, bu g\u00fcn T\u00fcrkiy\u0259 C\u00fcmhuriyy\u0259tinin qurucusu ulu \u00f6nd\u0259r Mustafa Kamal Atat\u00fcrk v\u0259fat\u0131n\u0131n 85-ci ild\u00f6n\u00fcm\u00fcnd\u0259&hellip;","_links":{"self":[{"href":"https:\/\/arantv.az\/index.php?rest_route=\/wp\/v2\/posts\/654859"}],"collection":[{"href":"https:\/\/arantv.az\/index.php?rest_route=\/wp\/v2\/posts"}],"about":[{"href":"https:\/\/arantv.az\/index.php?rest_route=\/wp\/v2\/types\/post"}],"author":[{"embeddable":true,"href":"https:\/\/arantv.az\/index.php?rest_route=\/wp\/v2\/users\/2"}],"replies":[{"embeddable":true,"href":"https:\/\/arantv.az\/index.php?rest_route=%2Fwp%2Fv2%2Fcomments&post=654859"}],"version-history":[{"count":0,"href":"https:\/\/arantv.az\/index.php?rest_route=\/wp\/v2\/posts\/654859\/revisions"}],"wp:featuredmedia":[{"embeddable":true,"href":"https:\/\/arantv.az\/index.php?rest_route=\/wp\/v2\/media\/654863"}],"wp:attachment":[{"href":"https:\/\/arantv.az\/index.php?rest_route=%2Fwp%2Fv2%2Fmedia&parent=654859"}],"wp:term":[{"taxonomy":"category","embeddable":true,"href":"https:\/\/arantv.az\/index.php?rest_route=%2Fwp%2Fv2%2Fcategories&post=654859"},{"taxonomy":"post_tag","embeddable":true,"href":"https:\/\/arantv.az\/index.php?rest_route=%2Fwp%2Fv2%2Ftags&post=654859"}],"curies":[{"name":"wp","href":"https:\/\/api.w.org\/{rel}","templated":true}]}}