{"id":654862,"date":"2023-11-10T20:51:42","date_gmt":"2023-11-10T16:51:42","guid":{"rendered":"https:\/\/arantv.az\/?p=654862"},"modified":"2023-11-10T20:51:42","modified_gmt":"2023-11-10T16:51:42","slug":"bizi-arzulanan-m%c9%99qs%c9%99d%c9%99-dogru-aparan-qirx-dord-v%c9%99-daha-dord-gun-video","status":"publish","type":"post","link":"https:\/\/arantv.az\/?p=654862","title":{"rendered":"Bizi arzulanan m\u0259qs\u0259d\u0259 do\u011fru aparan q\u0131rx d\u00f6rd v\u0259 daha d\u00f6rd g\u00fcn &#8211; V\u0130DEO"},"content":{"rendered":"<article class=\"news\">\n<div class=\"news-inner\">\n<p>Bu h\u0259ft\u0259nin \u0259n m\u00fch\u00fcm v\u0259 \u015f\u00fcbh\u0259siz ki, uzun m\u00fcdd\u0259t yadda\u015flardan silinm\u0259y\u0259c\u0259k hadis\u0259si yadellil\u0259rd\u0259n azad edilmi\u015f Xank\u0259ndi \u015f\u0259h\u0259rind\u0259 \u00e7\u0259r\u015f\u0259nb\u0259 g\u00fcn\u00fc ke\u00e7iril\u0259n m\u00f6ht\u0259\u015f\u0259m Z\u0259f\u0259r\u00a0parad\u0131 oldu.<\/p>\n<p>Bu bar\u0259d\u0259 \u201cCaliber\u201d \u201cYouTube\u201d kanal\u0131n\u0131n h\u0259rbi-analitik layih\u0259sinin yeni burax\u0131l\u0131\u015f\u0131nda b\u0259hs edilib.<\/p>\n<p>\u201cBu t\u0259dbir, Qaraba\u011fda sovet imperiyas\u0131n\u0131n sonlar\u0131nda mitinql\u0259r v\u0259 t\u0259till\u0259rl\u0259 ba\u015flayan etnik separatizmin ilk d\u0259f\u0259 k\u00fctl\u0259vi d\u00f6y\u00fc\u015fl\u0259r, yoldan ke\u00e7\u0259n n\u0259qliyyat vasit\u0259l\u0259rinin da\u015f-qalaq edilm\u0259si, q\u0131r\u011f\u0131nlar, insanlar\u0131n evl\u0259rind\u0259n \u00e7\u0131xar\u0131lmas\u0131 v\u0259 h\u0259tta ayr\u0131-ayr\u0131 terror aktlar\u0131 formas\u0131na ke\u00e7diyi v\u0259 n\u0259tic\u0259d\u0259 art\u0131q m\u00fcst\u0259qil d\u00f6vl\u0259tl\u0259r aras\u0131nda b\u00fct\u00fcn n\u00f6v silahlardan istifad\u0259 edilm\u0259si il\u0259 m\u00fc\u015fayi\u0259t olunan geni\u015fmiqyasl\u0131 m\u00fcharib\u0259y\u0259 \u00e7evrildiyi g\u00fcnd\u0259n Az\u0259rbaycan xalq\u0131n\u0131n g\u00f6zl\u0259diyi hadis\u0259dir. H\u0259min g\u00fcnd\u0259n Xank\u0259ndid\u0259 Z\u0259f\u0259r parad\u0131 Az\u0259rbaycan xalq\u0131n\u0131n arzusuna \u00e7evrildi\u201d, &#8211; dey\u0259 layih\u0259 m\u00fc\u0259llifl\u0259ri qeyd edibl\u0259r.<\/p>\n<div id=\"22889818619\">\n<div id=\"google_ads_iframe_\/22785635315\/22890818619_0__container__\"><\/div>\n<\/div>\n<p>Daha \u0259trafl\u0131 videos\u00fcjetd\u0259:<\/p>\n<div><iframe loading=\"lazy\" title=\"YouTube video player\" src=\"https:\/\/www.youtube.com\/embed\/Sbut-K_hRzY?si=4-IdZeqHN2TYmfUh\" width=\"560\" height=\"315\" frameborder=\"0\" allowfullscreen=\"allowfullscreen\" data-mce-fragment=\"1\"><\/iframe><\/div>\n<\/div>\n<\/article>\n","protected":false},"excerpt":{"rendered":"<p>Bu h\u0259ft\u0259nin \u0259n m\u00fch\u00fcm v\u0259 \u015f\u00fcbh\u0259siz ki, uzun m\u00fcdd\u0259t yadda\u015flardan silinm\u0259y\u0259c\u0259k hadis\u0259si yadellil\u0259rd\u0259n azad edilmi\u015f Xank\u0259ndi \u015f\u0259h\u0259rind\u0259 \u00e7\u0259r\u015f\u0259nb\u0259 g\u00fcn\u00fc ke\u00e7iril\u0259n m\u00f6ht\u0259\u015f\u0259m Z\u0259f\u0259r\u00a0parad\u0131 oldu. Bu bar\u0259d\u0259 \u201cCaliber\u201d \u201cYouTube\u201d kanal\u0131n\u0131n h\u0259rbi-analitik layih\u0259sinin yeni burax\u0131l\u0131\u015f\u0131nda b\u0259hs edilib. \u201cBu t\u0259dbir, Qaraba\u011fda sovet imperiyas\u0131n\u0131n sonlar\u0131nda mitinql\u0259r v\u0259 t\u0259till\u0259rl\u0259 ba\u015flayan etnik separatizmin ilk d\u0259f\u0259 k\u00fctl\u0259vi d\u00f6y\u00fc\u015fl\u0259r, yoldan ke\u00e7\u0259n n\u0259qliyyat vasit\u0259l\u0259rinin da\u015f-qalaq edilm\u0259si, q\u0131r\u011f\u0131nlar, insanlar\u0131n evl\u0259rind\u0259n \u00e7\u0131xar\u0131lmas\u0131 v\u0259 h\u0259tta ayr\u0131-ayr\u0131 terror aktlar\u0131 formas\u0131na ke\u00e7diyi v\u0259 n\u0259tic\u0259d\u0259 art\u0131q m\u00fcst\u0259qil d\u00f6vl\u0259tl\u0259r aras\u0131nda b\u00fct\u00fcn n\u00f6v silahlardan istifad\u0259 edilm\u0259si il\u0259 m\u00fc\u015fayi\u0259t olunan geni\u015fmiqyasl\u0131 m\u00fcharib\u0259y\u0259 \u00e7evrildiyi g\u00fcnd\u0259n Az\u0259rbaycan xalq\u0131n\u0131n g\u00f6zl\u0259diyi hadis\u0259dir. H\u0259min&hellip;<\/p>\n","protected":false},"author":2,"featured_media":654866,"comment_status":"closed","ping_status":"closed","sticky":false,"template":"","format":"standard","meta":{"om_disable_all_campaigns":false,"_monsterinsights_skip_tracking":false,"_monsterinsights_sitenote_active":false,"_monsterinsights_sitenote_note":"","_monsterinsights_sitenote_category":0},"categories":[4],"tags":[],"aioseo_notices":[],"gutentor_comment":0,"rttpg_featured_image_url":{"full":["https:\/\/arantv.az\/wp-content\/uploads\/2023\/11\/400478422_1688121985012786_1045961727447621042_n.jpg",620,413,false],"landscape":["https:\/\/arantv.az\/wp-content\/uploads\/2023\/11\/400478422_1688121985012786_1045961727447621042_n.jpg",620,413,false],"portraits":["https:\/\/arantv.az\/wp-content\/uploads\/2023\/11\/400478422_1688121985012786_1045961727447621042_n.jpg",620,413,false],"thumbnail":["https:\/\/arantv.az\/wp-content\/uploads\/2023\/11\/400478422_1688121985012786_1045961727447621042_n-500x280.jpg",500,280,true],"medium":["https:\/\/arantv.az\/wp-content\/uploads\/2023\/11\/400478422_1688121985012786_1045961727447621042_n-548x365.jpg",548,365,true],"large":["https:\/\/arantv.az\/wp-content\/uploads\/2023\/11\/400478422_1688121985012786_1045961727447621042_n.jpg",620,413,false],"1536x1536":["https:\/\/arantv.az\/wp-content\/uploads\/2023\/11\/400478422_1688121985012786_1045961727447621042_n.jpg",620,413,false],"2048x2048":["https:\/\/arantv.az\/wp-content\/uploads\/2023\/11\/400478422_1688121985012786_1045961727447621042_n.jpg",620,413,false],"post-thumbnail":["https:\/\/arantv.az\/wp-content\/uploads\/2023\/11\/400478422_1688121985012786_1045961727447621042_n-240x172.jpg",240,172,true],"advps-thumb-one":["https:\/\/arantv.az\/wp-content\/uploads\/2023\/11\/400478422_1688121985012786_1045961727447621042_n.jpg",620,413,false]},"rttpg_author":{"display_name":"V\u00fcsal Rafiqo\u011flu","author_link":"https:\/\/arantv.az\/?author=2"},"rttpg_comment":0,"rttpg_category":"<a href=\"https:\/\/arantv.az\/?cat=4\" rel=\"category\">Siyas\u0259t<\/a>","rttpg_excerpt":"Bu h\u0259ft\u0259nin \u0259n m\u00fch\u00fcm v\u0259 \u015f\u00fcbh\u0259siz ki, uzun m\u00fcdd\u0259t yadda\u015flardan silinm\u0259y\u0259c\u0259k hadis\u0259si yadellil\u0259rd\u0259n azad edilmi\u015f Xank\u0259ndi \u015f\u0259h\u0259rind\u0259 \u00e7\u0259r\u015f\u0259nb\u0259 g\u00fcn\u00fc ke\u00e7iril\u0259n m\u00f6ht\u0259\u015f\u0259m Z\u0259f\u0259r\u00a0parad\u0131 oldu. Bu bar\u0259d\u0259 \u201cCaliber\u201d \u201cYouTube\u201d kanal\u0131n\u0131n h\u0259rbi-analitik layih\u0259sinin yeni burax\u0131l\u0131\u015f\u0131nda b\u0259hs edilib. \u201cBu t\u0259dbir, Qaraba\u011fda sovet imperiyas\u0131n\u0131n sonlar\u0131nda mitinql\u0259r v\u0259 t\u0259till\u0259rl\u0259 ba\u015flayan etnik separatizmin ilk d\u0259f\u0259 k\u00fctl\u0259vi d\u00f6y\u00fc\u015fl\u0259r, yoldan ke\u00e7\u0259n n\u0259qliyyat vasit\u0259l\u0259rinin da\u015f-qalaq&hellip;","_links":{"self":[{"href":"https:\/\/arantv.az\/index.php?rest_route=\/wp\/v2\/posts\/654862"}],"collection":[{"href":"https:\/\/arantv.az\/index.php?rest_route=\/wp\/v2\/posts"}],"about":[{"href":"https:\/\/arantv.az\/index.php?rest_route=\/wp\/v2\/types\/post"}],"author":[{"embeddable":true,"href":"https:\/\/arantv.az\/index.php?rest_route=\/wp\/v2\/users\/2"}],"replies":[{"embeddable":true,"href":"https:\/\/arantv.az\/index.php?rest_route=%2Fwp%2Fv2%2Fcomments&post=654862"}],"version-history":[{"count":0,"href":"https:\/\/arantv.az\/index.php?rest_route=\/wp\/v2\/posts\/654862\/revisions"}],"wp:featuredmedia":[{"embeddable":true,"href":"https:\/\/arantv.az\/index.php?rest_route=\/wp\/v2\/media\/654866"}],"wp:attachment":[{"href":"https:\/\/arantv.az\/index.php?rest_route=%2Fwp%2Fv2%2Fmedia&parent=654862"}],"wp:term":[{"taxonomy":"category","embeddable":true,"href":"https:\/\/arantv.az\/index.php?rest_route=%2Fwp%2Fv2%2Fcategories&post=654862"},{"taxonomy":"post_tag","embeddable":true,"href":"https:\/\/arantv.az\/index.php?rest_route=%2Fwp%2Fv2%2Ftags&post=654862"}],"curies":[{"name":"wp","href":"https:\/\/api.w.org\/{rel}","templated":true}]}}