{"id":654868,"date":"2023-11-10T20:55:50","date_gmt":"2023-11-10T16:55:50","guid":{"rendered":"https:\/\/arantv.az\/?p=654868"},"modified":"2023-11-10T20:55:50","modified_gmt":"2023-11-10T16:55:50","slug":"park-bulvarda-z%c9%99f%c9%99r-bayrami-qeyd-olundufoto","status":"publish","type":"post","link":"https:\/\/arantv.az\/?p=654868","title":{"rendered":"\u201cPark Bulvar\u201dda Z\u0259f\u0259r bayram\u0131 qeyd olunduFOTO"},"content":{"rendered":"<div class=\"text-content\" data-id=\"\" data-url=\"\">\n<p><strong>\u201cPark Bulvar\u201d AVM-in d\u0259st\u0259yi v\u0259 G\u0259ncl\u0259rin T\u00f6hf\u0259si \u0130ctimai Birliyinin t\u0259\u015fkilat\u00e7\u0131l\u0131\u011f\u0131 v\u0259 \u0130deya m\u00fc\u0259llifi M\u0259hs\u0259ti H\u00fcseynovan\u0131n r\u0259hb\u0259rliyi il\u0259 8 Noyabr &#8211; \u201cZ\u0259f\u0259r g\u00fcn\u00fc\u201dn\u0259 h\u0259sr olunmu\u015f t\u0259dbir ke\u00e7irilib.<\/strong><\/p>\n<p>T\u0259dbird\u0259 Az\u0259rbaycan\u0131n \u0259razi b\u00fct\u00f6vl\u00fcy\u00fc u\u011frunda m\u00fcbariz\u0259d\u0259 canlar\u0131n\u0131 qurban vermi\u015f \u015f\u0259hidl\u0259rimizin \u0259ziz xatir\u0259si bir d\u0259qiq\u0259lik s\u00fckutla yad olunub. Daha sonra d\u00f6vl\u0259t himni s\u0259sl\u0259ndirilib.<\/p>\n<p>T\u0259dbiri a\u00e7\u0131q elan ed\u0259n \u201cPark Bulvar\u201d AVM Marketinq \u015f\u00f6b\u0259sinin b\u00f6lm\u0259 r\u0259isi Lamiy\u0259 H\u00fcseynova h\u0259r k\u0259sin Z\u0259f\u0259r bayram\u0131n\u0131 t\u0259brik etdi, Z\u0259f\u0259r Bayram\u0131n\u0131 ticar\u0259t m\u0259rk\u0259zin\u0259 g\u0259l\u0259nl\u0259rl\u0259 birlikd\u0259 qeyd etm\u0259kd\u0259n m\u0259mnunlu\u011funu ifad\u0259 etdi.<\/p>\n<p>Daha sonra \u201cG\u0259ncl\u0259rin T\u00f6hf\u0259si\u201d \u0130ctimai Birliyinin s\u0259dri Asim V\u0259liyev \u00e7\u0131x\u0131\u015f ed\u0259r\u0259k 44 g\u00fcnl\u00fck m\u00fcharib\u0259d\u0259 \u015f\u0259hid v\u0259 qazil\u0259rin q\u0259hr\u0259manl\u0131\u011f\u0131ndan dan\u0131\u015fd\u0131.<\/p>\n<p>Sonra \u0130deya m\u00fc\u0259llifi v\u0259 layih\u0259 r\u0259hb\u0259ri, \u201cG\u0259ncl\u0259rin T\u00f6hf\u0259si\u201d \u0130ctimai Birliyinin icra\u00e7\u0131 direktoru, t\u0259\u015fkilat\u00e7\u0131 M\u0259hs\u0259ti H\u00fcseynova Bayram\u0131 t\u0259brik ed\u0259r\u0259k bu kimi t\u0259dbirl\u0259rin u\u015faq, yeniyetm\u0259 v\u0259 g\u0259ncl\u0259r aras\u0131nda \u00e7ox m\u00fch\u00fcm \u0259h\u0259miyy\u0259t\u0259 malik oldu\u011funu vur\u011fulad\u0131.<\/p>\n<p>T\u0259dbird\u0259 bayra\u011f\u0131m\u0131z\u0131n r\u0259ngl\u0259rind\u0259 -g\u00f6y, q\u0131rm\u0131z\u0131, ya\u015f\u0131l geyiml\u0259rd\u0259 olan komanda 44 g\u00fcnl\u00fck q\u0259hr\u0259manl\u0131q salnam\u0259mizi \u0259ks etdir\u0259n \u015f\u0259kill\u0259rl\u0259 fla\u015fmob aksiyas\u0131 \u015f\u0259klind\u0259-canl\u0131 s\u0259yyar s\u0259rgi t\u0259\u015fkil edildi. Komanda \u201cPark Bulvar\u201d ticar\u0259t m\u0259rk\u0259zinin b\u00fct\u00fcn m\u0259rt\u0259b\u0259l\u0259ri boyunca g\u0259z\u0259r\u0259k ticar\u0259t m\u0259rk\u0259zin\u0259 g\u0259l\u0259n sakinl\u0259r v\u0259 \u015f\u0259h\u0259rimizin qonaqlar\u0131na s\u0259rgini n\u00fcmayi\u015f etdirdil\u0259r. Bununla yana\u015f\u0131 konsert proqram\u0131 bir-birind\u0259n maraql\u0131 g\u0259nc ifa\u00e7\u0131lar\u0131n v\u0259t\u0259np\u0259rv\u0259rlik mahn\u0131lar\u0131 v\u0259 Aysu H\u00fcseynovan\u0131n r\u0259hb\u0259rliyi il\u0259 \u201cZ\u0259f\u0259r\u201d R\u0259qs qrupunun ifas\u0131nda r\u0259qsl\u0259rl\u0259 2 saat davam etdi. H\u0259r k\u0259s\u0259 Az\u0259rbaycan D\u00f6vl\u0259t Bayraqlar\u0131 h\u0259diyy\u0259 olundu. Sona q\u0259d\u0259r maraqla izl\u0259n\u0259n t\u0259dbir-konsert proqram\u0131 y\u00fcks\u0259k v\u0259t\u0259np\u0259rv\u0259rlik co\u015fqusu il\u0259 qar\u015f\u0131land\u0131 v\u0259 qonaqlar\u0131n mara\u011f\u0131na s\u0259b\u0259b oldu.<\/p>\n<\/div>\n<div>\n<div class=\"form-group\"><img class=\"img-responsive\" src=\"https:\/\/cdn.musavat.com\/news\/images\/Ayten\/BULVAR%201.jpeg\" \/><\/div>\n<div class=\"form-group\"><img class=\"img-responsive\" src=\"https:\/\/cdn.musavat.com\/news\/images\/Ayten\/BULVAR%202.jpeg\" \/><\/div>\n<div class=\"form-group\"><img class=\"img-responsive\" src=\"https:\/\/cdn.musavat.com\/news\/images\/Ayten\/BULVAR%203.jpeg\" \/><\/div>\n<div class=\"form-group\"><img class=\"img-responsive\" src=\"https:\/\/cdn.musavat.com\/news\/images\/Ayten\/BULVAR.jpeg\" \/><\/div>\n<div class=\"form-group\"><img class=\"img-responsive\" src=\"https:\/\/cdn.musavat.com\/news\/images\/Ayten\/BULVAR%204.jpeg\" \/><\/div>\n<\/div>\n<div>\n<div class=\"banner banner-6cdd60ea0045eb7a6ec44c54d29ed402\" data-banner=\"MTg0\"><\/div>\n<\/div>\n","protected":false},"excerpt":{"rendered":"<p>\u201cPark Bulvar\u201d AVM-in d\u0259st\u0259yi v\u0259 G\u0259ncl\u0259rin T\u00f6hf\u0259si \u0130ctimai Birliyinin t\u0259\u015fkilat\u00e7\u0131l\u0131\u011f\u0131 v\u0259 \u0130deya m\u00fc\u0259llifi M\u0259hs\u0259ti H\u00fcseynovan\u0131n r\u0259hb\u0259rliyi il\u0259 8 Noyabr &#8211; \u201cZ\u0259f\u0259r g\u00fcn\u00fc\u201dn\u0259 h\u0259sr olunmu\u015f t\u0259dbir ke\u00e7irilib. T\u0259dbird\u0259 Az\u0259rbaycan\u0131n \u0259razi b\u00fct\u00f6vl\u00fcy\u00fc u\u011frunda m\u00fcbariz\u0259d\u0259 canlar\u0131n\u0131 qurban vermi\u015f \u015f\u0259hidl\u0259rimizin \u0259ziz xatir\u0259si bir d\u0259qiq\u0259lik s\u00fckutla yad olunub. Daha sonra d\u00f6vl\u0259t himni s\u0259sl\u0259ndirilib. T\u0259dbiri a\u00e7\u0131q elan ed\u0259n \u201cPark Bulvar\u201d AVM Marketinq \u015f\u00f6b\u0259sinin b\u00f6lm\u0259 r\u0259isi Lamiy\u0259 H\u00fcseynova h\u0259r k\u0259sin Z\u0259f\u0259r bayram\u0131n\u0131 t\u0259brik etdi, Z\u0259f\u0259r Bayram\u0131n\u0131 ticar\u0259t m\u0259rk\u0259zin\u0259 g\u0259l\u0259nl\u0259rl\u0259 birlikd\u0259 qeyd etm\u0259kd\u0259n m\u0259mnunlu\u011funu ifad\u0259 etdi. Daha sonra \u201cG\u0259ncl\u0259rin T\u00f6hf\u0259si\u201d \u0130ctimai Birliyinin s\u0259dri Asim V\u0259liyev \u00e7\u0131x\u0131\u015f ed\u0259r\u0259k 44&hellip;<\/p>\n","protected":false},"author":2,"featured_media":654872,"comment_status":"closed","ping_status":"closed","sticky":false,"template":"","format":"standard","meta":{"om_disable_all_campaigns":false,"_monsterinsights_skip_tracking":false,"_monsterinsights_sitenote_active":false,"_monsterinsights_sitenote_note":"","_monsterinsights_sitenote_category":0},"categories":[1],"tags":[],"aioseo_notices":[],"gutentor_comment":0,"rttpg_featured_image_url":{"full":["https:\/\/arantv.az\/wp-content\/uploads\/2023\/11\/6e8ea974204e6fefefc8d7c72a599c18.jpg",870,500,false],"landscape":["https:\/\/arantv.az\/wp-content\/uploads\/2023\/11\/6e8ea974204e6fefefc8d7c72a599c18.jpg",870,500,false],"portraits":["https:\/\/arantv.az\/wp-content\/uploads\/2023\/11\/6e8ea974204e6fefefc8d7c72a599c18.jpg",870,500,false],"thumbnail":["https:\/\/arantv.az\/wp-content\/uploads\/2023\/11\/6e8ea974204e6fefefc8d7c72a599c18-500x280.jpg",500,280,true],"medium":["https:\/\/arantv.az\/wp-content\/uploads\/2023\/11\/6e8ea974204e6fefefc8d7c72a599c18-635x365.jpg",635,365,true],"large":["https:\/\/arantv.az\/wp-content\/uploads\/2023\/11\/6e8ea974204e6fefefc8d7c72a599c18-840x483.jpg",640,368,true],"1536x1536":["https:\/\/arantv.az\/wp-content\/uploads\/2023\/11\/6e8ea974204e6fefefc8d7c72a599c18.jpg",870,500,false],"2048x2048":["https:\/\/arantv.az\/wp-content\/uploads\/2023\/11\/6e8ea974204e6fefefc8d7c72a599c18.jpg",870,500,false],"post-thumbnail":["https:\/\/arantv.az\/wp-content\/uploads\/2023\/11\/6e8ea974204e6fefefc8d7c72a599c18-240x172.jpg",240,172,true],"advps-thumb-one":["https:\/\/arantv.az\/wp-content\/uploads\/2023\/11\/6e8ea974204e6fefefc8d7c72a599c18.jpg",870,500,false]},"rttpg_author":{"display_name":"V\u00fcsal Rafiqo\u011flu","author_link":"https:\/\/arantv.az\/?author=2"},"rttpg_comment":0,"rttpg_category":"<a href=\"https:\/\/arantv.az\/?cat=1\" rel=\"category\">C\u0259miyy\u0259t<\/a>","rttpg_excerpt":"\u201cPark Bulvar\u201d AVM-in d\u0259st\u0259yi v\u0259 G\u0259ncl\u0259rin T\u00f6hf\u0259si \u0130ctimai Birliyinin t\u0259\u015fkilat\u00e7\u0131l\u0131\u011f\u0131 v\u0259 \u0130deya m\u00fc\u0259llifi M\u0259hs\u0259ti H\u00fcseynovan\u0131n r\u0259hb\u0259rliyi il\u0259 8 Noyabr &#8211; \u201cZ\u0259f\u0259r g\u00fcn\u00fc\u201dn\u0259 h\u0259sr olunmu\u015f t\u0259dbir ke\u00e7irilib. T\u0259dbird\u0259 Az\u0259rbaycan\u0131n \u0259razi b\u00fct\u00f6vl\u00fcy\u00fc u\u011frunda m\u00fcbariz\u0259d\u0259 canlar\u0131n\u0131 qurban vermi\u015f \u015f\u0259hidl\u0259rimizin \u0259ziz xatir\u0259si bir d\u0259qiq\u0259lik s\u00fckutla yad olunub. Daha sonra d\u00f6vl\u0259t himni s\u0259sl\u0259ndirilib. T\u0259dbiri a\u00e7\u0131q elan ed\u0259n \u201cPark Bulvar\u201d AVM&hellip;","_links":{"self":[{"href":"https:\/\/arantv.az\/index.php?rest_route=\/wp\/v2\/posts\/654868"}],"collection":[{"href":"https:\/\/arantv.az\/index.php?rest_route=\/wp\/v2\/posts"}],"about":[{"href":"https:\/\/arantv.az\/index.php?rest_route=\/wp\/v2\/types\/post"}],"author":[{"embeddable":true,"href":"https:\/\/arantv.az\/index.php?rest_route=\/wp\/v2\/users\/2"}],"replies":[{"embeddable":true,"href":"https:\/\/arantv.az\/index.php?rest_route=%2Fwp%2Fv2%2Fcomments&post=654868"}],"version-history":[{"count":0,"href":"https:\/\/arantv.az\/index.php?rest_route=\/wp\/v2\/posts\/654868\/revisions"}],"wp:featuredmedia":[{"embeddable":true,"href":"https:\/\/arantv.az\/index.php?rest_route=\/wp\/v2\/media\/654872"}],"wp:attachment":[{"href":"https:\/\/arantv.az\/index.php?rest_route=%2Fwp%2Fv2%2Fmedia&parent=654868"}],"wp:term":[{"taxonomy":"category","embeddable":true,"href":"https:\/\/arantv.az\/index.php?rest_route=%2Fwp%2Fv2%2Fcategories&post=654868"},{"taxonomy":"post_tag","embeddable":true,"href":"https:\/\/arantv.az\/index.php?rest_route=%2Fwp%2Fv2%2Ftags&post=654868"}],"curies":[{"name":"wp","href":"https:\/\/api.w.org\/{rel}","templated":true}]}}