{"id":654884,"date":"2023-11-10T22:38:35","date_gmt":"2023-11-10T18:38:35","guid":{"rendered":"https:\/\/arantv.az\/?p=654884"},"modified":"2023-11-10T22:38:35","modified_gmt":"2023-11-10T18:38:35","slug":"avropa-ittifaqindan-h%c9%99mas-a-qarsi-sanksiyalar-hansi-t%c9%99dbir%c9%99r-gorul%c9%99c%c9%99k","status":"publish","type":"post","link":"https:\/\/arantv.az\/?p=654884","title":{"rendered":"Avropa \u0130ttifaq\u0131ndan H\u018fMAS-a qar\u015f\u0131 sanksiyalar: Hans\u0131 t\u0259dbir\u0259r g\u00f6r\u00fcl\u0259c\u0259k?"},"content":{"rendered":"<p>Avropa \u0130ttifaq\u0131 (A\u0130) oktyabr\u0131n 7-d\u0259 \u0130srail\u0259 h\u00fccuma g\u00f6r\u0259 F\u0259l\u0259stinin radikal H\u018fMAS h\u0259r\u0259kat\u0131n\u0131n n\u00fcmay\u0259nd\u0259l\u0259rin\u0259 qar\u015f\u0131 sanksiyalar t\u0259tbiq etm\u0259yi d\u00fc\u015f\u00fcn\u00fcr.<\/p>\n<p>Bu bar\u0259d\u0259 A\u0130-nin y\u00fcks\u0259k s\u0259viyy\u0259li n\u00fcmay\u0259nd\u0259si m\u0259lumat verib.<\/p>\n<p>\u201cBiz H\u018fMAS-la ba\u011fl\u0131 t\u0259dbirl\u0259ri davam etdirm\u0259yi d\u00fc\u015f\u00fcn\u00fcr\u00fck. Bu, individual \u015f\u0259xsl\u0259rin qara siyah\u0131ya sal\u0131nmas\u0131 ola bil\u0259r\u201d, &#8211; dey\u0259 o bildirib.<\/p>\n<p>M\u0259nb\u0259: Lenta.ru<\/p>\n","protected":false},"excerpt":{"rendered":"<p>Avropa \u0130ttifaq\u0131 (A\u0130) oktyabr\u0131n 7-d\u0259 \u0130srail\u0259 h\u00fccuma g\u00f6r\u0259 F\u0259l\u0259stinin radikal H\u018fMAS h\u0259r\u0259kat\u0131n\u0131n n\u00fcmay\u0259nd\u0259l\u0259rin\u0259 qar\u015f\u0131 sanksiyalar t\u0259tbiq etm\u0259yi d\u00fc\u015f\u00fcn\u00fcr. Bu bar\u0259d\u0259 A\u0130-nin y\u00fcks\u0259k s\u0259viyy\u0259li n\u00fcmay\u0259nd\u0259si m\u0259lumat verib. \u201cBiz H\u018fMAS-la ba\u011fl\u0131 t\u0259dbirl\u0259ri davam etdirm\u0259yi d\u00fc\u015f\u00fcn\u00fcr\u00fck. Bu, individual \u015f\u0259xsl\u0259rin qara siyah\u0131ya sal\u0131nmas\u0131 ola bil\u0259r\u201d, &#8211; dey\u0259 o bildirib. M\u0259nb\u0259: Lenta.ru<\/p>\n","protected":false},"author":2,"featured_media":654888,"comment_status":"closed","ping_status":"closed","sticky":false,"template":"","format":"standard","meta":{"om_disable_all_campaigns":false,"_monsterinsights_skip_tracking":false,"_monsterinsights_sitenote_active":false,"_monsterinsights_sitenote_note":"","_monsterinsights_sitenote_category":0},"categories":[7],"tags":[],"aioseo_notices":[],"gutentor_comment":0,"rttpg_featured_image_url":{"full":["https:\/\/arantv.az\/wp-content\/uploads\/2023\/11\/FotoJet-2023-11-10T182220.910.jpg",620,413,false],"landscape":["https:\/\/arantv.az\/wp-content\/uploads\/2023\/11\/FotoJet-2023-11-10T182220.910.jpg",620,413,false],"portraits":["https:\/\/arantv.az\/wp-content\/uploads\/2023\/11\/FotoJet-2023-11-10T182220.910.jpg",620,413,false],"thumbnail":["https:\/\/arantv.az\/wp-content\/uploads\/2023\/11\/FotoJet-2023-11-10T182220.910-500x280.jpg",500,280,true],"medium":["https:\/\/arantv.az\/wp-content\/uploads\/2023\/11\/FotoJet-2023-11-10T182220.910-548x365.jpg",548,365,true],"large":["https:\/\/arantv.az\/wp-content\/uploads\/2023\/11\/FotoJet-2023-11-10T182220.910.jpg",620,413,false],"1536x1536":["https:\/\/arantv.az\/wp-content\/uploads\/2023\/11\/FotoJet-2023-11-10T182220.910.jpg",620,413,false],"2048x2048":["https:\/\/arantv.az\/wp-content\/uploads\/2023\/11\/FotoJet-2023-11-10T182220.910.jpg",620,413,false],"post-thumbnail":["https:\/\/arantv.az\/wp-content\/uploads\/2023\/11\/FotoJet-2023-11-10T182220.910-240x172.jpg",240,172,true],"advps-thumb-one":["https:\/\/arantv.az\/wp-content\/uploads\/2023\/11\/FotoJet-2023-11-10T182220.910.jpg",620,413,false]},"rttpg_author":{"display_name":"V\u00fcsal Rafiqo\u011flu","author_link":"https:\/\/arantv.az\/?author=2"},"rttpg_comment":0,"rttpg_category":"<a href=\"https:\/\/arantv.az\/?cat=7\" rel=\"category\">D\u00fcnya<\/a>","rttpg_excerpt":"Avropa \u0130ttifaq\u0131 (A\u0130) oktyabr\u0131n 7-d\u0259 \u0130srail\u0259 h\u00fccuma g\u00f6r\u0259 F\u0259l\u0259stinin radikal H\u018fMAS h\u0259r\u0259kat\u0131n\u0131n n\u00fcmay\u0259nd\u0259l\u0259rin\u0259 qar\u015f\u0131 sanksiyalar t\u0259tbiq etm\u0259yi d\u00fc\u015f\u00fcn\u00fcr. Bu bar\u0259d\u0259 A\u0130-nin y\u00fcks\u0259k s\u0259viyy\u0259li n\u00fcmay\u0259nd\u0259si m\u0259lumat verib. \u201cBiz H\u018fMAS-la ba\u011fl\u0131 t\u0259dbirl\u0259ri davam etdirm\u0259yi d\u00fc\u015f\u00fcn\u00fcr\u00fck. Bu, individual \u015f\u0259xsl\u0259rin qara siyah\u0131ya sal\u0131nmas\u0131 ola bil\u0259r\u201d, &#8211; dey\u0259 o bildirib. M\u0259nb\u0259: Lenta.ru","_links":{"self":[{"href":"https:\/\/arantv.az\/index.php?rest_route=\/wp\/v2\/posts\/654884"}],"collection":[{"href":"https:\/\/arantv.az\/index.php?rest_route=\/wp\/v2\/posts"}],"about":[{"href":"https:\/\/arantv.az\/index.php?rest_route=\/wp\/v2\/types\/post"}],"author":[{"embeddable":true,"href":"https:\/\/arantv.az\/index.php?rest_route=\/wp\/v2\/users\/2"}],"replies":[{"embeddable":true,"href":"https:\/\/arantv.az\/index.php?rest_route=%2Fwp%2Fv2%2Fcomments&post=654884"}],"version-history":[{"count":0,"href":"https:\/\/arantv.az\/index.php?rest_route=\/wp\/v2\/posts\/654884\/revisions"}],"wp:featuredmedia":[{"embeddable":true,"href":"https:\/\/arantv.az\/index.php?rest_route=\/wp\/v2\/media\/654888"}],"wp:attachment":[{"href":"https:\/\/arantv.az\/index.php?rest_route=%2Fwp%2Fv2%2Fmedia&parent=654884"}],"wp:term":[{"taxonomy":"category","embeddable":true,"href":"https:\/\/arantv.az\/index.php?rest_route=%2Fwp%2Fv2%2Fcategories&post=654884"},{"taxonomy":"post_tag","embeddable":true,"href":"https:\/\/arantv.az\/index.php?rest_route=%2Fwp%2Fv2%2Ftags&post=654884"}],"curies":[{"name":"wp","href":"https:\/\/api.w.org\/{rel}","templated":true}]}}