{"id":654887,"date":"2023-11-10T22:39:19","date_gmt":"2023-11-10T18:39:19","guid":{"rendered":"https:\/\/arantv.az\/?p=654887"},"modified":"2023-11-10T22:39:19","modified_gmt":"2023-11-10T18:39:19","slug":"sulhm%c9%99ramlilar-z%c9%99ng%c9%99zura-gond%c9%99ril%c9%99c%c9%99kl%c9%99r-iddia-video","status":"publish","type":"post","link":"https:\/\/arantv.az\/?p=654887","title":{"rendered":"S\u00fclhm\u0259raml\u0131lar Z\u0259ng\u0259zura g\u00f6nd\u0259ril\u0259c\u0259kl\u0259r? &#8211; \u0130DD\u0130A + V\u0130DEO"},"content":{"rendered":"<article class=\"news\">\n<div class=\"news-inner\">\n<p>\u201cC\u0259nubi Qafqaz Rusiyan\u0131n maraqlar\u0131na uy\u011fun regiondur\u201d.<\/p>\n<p>Bu s\u00f6zl\u0259ri Baku TV-y\u0259 a\u00e7\u0131qlamas\u0131nda rusiyal\u0131 h\u0259rbi ekspert Yevgeniy Mixaylov deyib.<\/p>\n<p>O qeyd edib ki, \u00dc\u00e7t\u0259r\u0259fli b\u0259yanat\u0131n imzalanmas\u0131ndan \u00fc\u00e7 il ke\u00e7m\u0259sin\u0259 baxmayaraq, \u0130r\u0259van s\u0259rh\u0259dl\u0259rin demarkasiyas\u0131 v\u0259 delimitasiyas\u0131 bax\u0131m\u0131ndan \u00fcz\u0259rin\u0259 d\u00fc\u015f\u0259n \u00f6hd\u0259likl\u0259ri yerin\u0259 yetirm\u0259yib:<\/p>\n<p>\u201cAntiterror t\u0259dbirl\u0259rind\u0259n sonra Erm\u0259nistan m\u0259cbur olub qanunsuz h\u0259rbi birl\u0259\u015fm\u0259l\u0259rini Qaraba\u011fdan \u00e7\u0131xard\u0131. Erm\u0259nistan Z\u0259ng\u0259zur d\u0259hlizini a\u00e7masa s\u00fclh m\u00fcqavil\u0259sind\u0259n s\u00f6hb\u0259t bel\u0259 ged\u0259 bilm\u0259z. Bu v\u0259ziyy\u0259td\u0259 Az\u0259rbaycan \u0130ran vasit\u0259si il\u0259 Nax\u00e7\u0131vana yolunu a\u00e7sa, o zaman Erm\u0259nistan daha \u00e7ox \u015fey itir\u0259c\u0259k. Onu da qeyd edim ki, Bak\u0131 v\u0259 Moskvan\u0131n iki m\u00fctt\u0259fiqlik m\u00fcqavil\u0259si var. Biz bir \u00e7ox sah\u0259l\u0259rd\u0259 strateji t\u0259r\u0259fda\u015f\u0131q. Bel\u0259 bir variant var ki, s\u00fclhm\u0259raml\u0131lar Z\u0259ng\u0259zur d\u0259hlizini qorumaq \u00fc\u00e7\u00fcn ora g\u00f6nd\u0259rilsinl\u0259r\u201d.<\/p>\n<p>\u018ftrafl\u0131 Baku TV-nin s\u00fcjetind\u0259:<\/p>\n<div><iframe loading=\"lazy\" title=\"YouTube video player\" src=\"https:\/\/www.youtube.com\/embed\/N0tJXuBQ2Tw?si=6SH-YbBsSqzsJ1CU\" width=\"560\" height=\"315\" frameborder=\"0\" allowfullscreen=\"allowfullscreen\" data-mce-fragment=\"1\"><\/iframe><\/div>\n<\/div>\n<\/article>\n","protected":false},"excerpt":{"rendered":"<p>\u201cC\u0259nubi Qafqaz Rusiyan\u0131n maraqlar\u0131na uy\u011fun regiondur\u201d. Bu s\u00f6zl\u0259ri Baku TV-y\u0259 a\u00e7\u0131qlamas\u0131nda rusiyal\u0131 h\u0259rbi ekspert Yevgeniy Mixaylov deyib. O qeyd edib ki, \u00dc\u00e7t\u0259r\u0259fli b\u0259yanat\u0131n imzalanmas\u0131ndan \u00fc\u00e7 il ke\u00e7m\u0259sin\u0259 baxmayaraq, \u0130r\u0259van s\u0259rh\u0259dl\u0259rin demarkasiyas\u0131 v\u0259 delimitasiyas\u0131 bax\u0131m\u0131ndan \u00fcz\u0259rin\u0259 d\u00fc\u015f\u0259n \u00f6hd\u0259likl\u0259ri yerin\u0259 yetirm\u0259yib: \u201cAntiterror t\u0259dbirl\u0259rind\u0259n sonra Erm\u0259nistan m\u0259cbur olub qanunsuz h\u0259rbi birl\u0259\u015fm\u0259l\u0259rini Qaraba\u011fdan \u00e7\u0131xard\u0131. Erm\u0259nistan Z\u0259ng\u0259zur d\u0259hlizini a\u00e7masa s\u00fclh m\u00fcqavil\u0259sind\u0259n s\u00f6hb\u0259t bel\u0259 ged\u0259 bilm\u0259z. Bu v\u0259ziyy\u0259td\u0259 Az\u0259rbaycan \u0130ran vasit\u0259si il\u0259 Nax\u00e7\u0131vana yolunu a\u00e7sa, o zaman Erm\u0259nistan daha \u00e7ox \u015fey itir\u0259c\u0259k. Onu da qeyd edim ki, Bak\u0131 v\u0259 Moskvan\u0131n iki m\u00fctt\u0259fiqlik m\u00fcqavil\u0259si var. Biz bir&hellip;<\/p>\n","protected":false},"author":2,"featured_media":654891,"comment_status":"closed","ping_status":"closed","sticky":false,"template":"","format":"standard","meta":{"om_disable_all_campaigns":false,"_monsterinsights_skip_tracking":false,"_monsterinsights_sitenote_active":false,"_monsterinsights_sitenote_note":"","_monsterinsights_sitenote_category":0},"categories":[4],"tags":[],"aioseo_notices":[],"gutentor_comment":0,"rttpg_featured_image_url":{"full":["https:\/\/arantv.az\/wp-content\/uploads\/2023\/11\/Screenshot-2023-11-10-205643.jpg",620,413,false],"landscape":["https:\/\/arantv.az\/wp-content\/uploads\/2023\/11\/Screenshot-2023-11-10-205643.jpg",620,413,false],"portraits":["https:\/\/arantv.az\/wp-content\/uploads\/2023\/11\/Screenshot-2023-11-10-205643.jpg",620,413,false],"thumbnail":["https:\/\/arantv.az\/wp-content\/uploads\/2023\/11\/Screenshot-2023-11-10-205643-500x280.jpg",500,280,true],"medium":["https:\/\/arantv.az\/wp-content\/uploads\/2023\/11\/Screenshot-2023-11-10-205643-548x365.jpg",548,365,true],"large":["https:\/\/arantv.az\/wp-content\/uploads\/2023\/11\/Screenshot-2023-11-10-205643.jpg",620,413,false],"1536x1536":["https:\/\/arantv.az\/wp-content\/uploads\/2023\/11\/Screenshot-2023-11-10-205643.jpg",620,413,false],"2048x2048":["https:\/\/arantv.az\/wp-content\/uploads\/2023\/11\/Screenshot-2023-11-10-205643.jpg",620,413,false],"post-thumbnail":["https:\/\/arantv.az\/wp-content\/uploads\/2023\/11\/Screenshot-2023-11-10-205643-240x172.jpg",240,172,true],"advps-thumb-one":["https:\/\/arantv.az\/wp-content\/uploads\/2023\/11\/Screenshot-2023-11-10-205643.jpg",620,413,false]},"rttpg_author":{"display_name":"V\u00fcsal Rafiqo\u011flu","author_link":"https:\/\/arantv.az\/?author=2"},"rttpg_comment":0,"rttpg_category":"<a href=\"https:\/\/arantv.az\/?cat=4\" rel=\"category\">Siyas\u0259t<\/a>","rttpg_excerpt":"\u201cC\u0259nubi Qafqaz Rusiyan\u0131n maraqlar\u0131na uy\u011fun regiondur\u201d. Bu s\u00f6zl\u0259ri Baku TV-y\u0259 a\u00e7\u0131qlamas\u0131nda rusiyal\u0131 h\u0259rbi ekspert Yevgeniy Mixaylov deyib. O qeyd edib ki, \u00dc\u00e7t\u0259r\u0259fli b\u0259yanat\u0131n imzalanmas\u0131ndan \u00fc\u00e7 il ke\u00e7m\u0259sin\u0259 baxmayaraq, \u0130r\u0259van s\u0259rh\u0259dl\u0259rin demarkasiyas\u0131 v\u0259 delimitasiyas\u0131 bax\u0131m\u0131ndan \u00fcz\u0259rin\u0259 d\u00fc\u015f\u0259n \u00f6hd\u0259likl\u0259ri yerin\u0259 yetirm\u0259yib: \u201cAntiterror t\u0259dbirl\u0259rind\u0259n sonra Erm\u0259nistan m\u0259cbur olub qanunsuz h\u0259rbi birl\u0259\u015fm\u0259l\u0259rini Qaraba\u011fdan \u00e7\u0131xard\u0131. Erm\u0259nistan Z\u0259ng\u0259zur d\u0259hlizini a\u00e7masa s\u00fclh&hellip;","_links":{"self":[{"href":"https:\/\/arantv.az\/index.php?rest_route=\/wp\/v2\/posts\/654887"}],"collection":[{"href":"https:\/\/arantv.az\/index.php?rest_route=\/wp\/v2\/posts"}],"about":[{"href":"https:\/\/arantv.az\/index.php?rest_route=\/wp\/v2\/types\/post"}],"author":[{"embeddable":true,"href":"https:\/\/arantv.az\/index.php?rest_route=\/wp\/v2\/users\/2"}],"replies":[{"embeddable":true,"href":"https:\/\/arantv.az\/index.php?rest_route=%2Fwp%2Fv2%2Fcomments&post=654887"}],"version-history":[{"count":0,"href":"https:\/\/arantv.az\/index.php?rest_route=\/wp\/v2\/posts\/654887\/revisions"}],"wp:featuredmedia":[{"embeddable":true,"href":"https:\/\/arantv.az\/index.php?rest_route=\/wp\/v2\/media\/654891"}],"wp:attachment":[{"href":"https:\/\/arantv.az\/index.php?rest_route=%2Fwp%2Fv2%2Fmedia&parent=654887"}],"wp:term":[{"taxonomy":"category","embeddable":true,"href":"https:\/\/arantv.az\/index.php?rest_route=%2Fwp%2Fv2%2Fcategories&post=654887"},{"taxonomy":"post_tag","embeddable":true,"href":"https:\/\/arantv.az\/index.php?rest_route=%2Fwp%2Fv2%2Ftags&post=654887"}],"curies":[{"name":"wp","href":"https:\/\/api.w.org\/{rel}","templated":true}]}}