{"id":654895,"date":"2023-11-10T22:42:20","date_gmt":"2023-11-10T18:42:20","guid":{"rendered":"https:\/\/arantv.az\/?p=654895"},"modified":"2023-11-10T22:42:20","modified_gmt":"2023-11-10T18:42:20","slug":"zaur-baxs%c9%99liyevin-susadaki-evi-video","status":"publish","type":"post","link":"https:\/\/arantv.az\/?p=654895","title":{"rendered":"Zaur Bax\u015f\u0259liyevin \u015eu\u015fadak\u0131 evi&#8230; &#8211; V\u0130DEO"},"content":{"rendered":"<div class=\"text-content\" data-id=\"\" data-url=\"\">\n<p><strong>Apar\u0131c\u0131 Zaur Bax\u015f\u0259liyev sosial media hesab\u0131nda \u015eu\u015fadak\u0131 evl\u0259rinin g\u00f6r\u00fcnt\u00fcs\u00fcn\u00fc payla\u015f\u0131b.<\/strong><\/p>\n<p>Zaur Bax\u015f\u0259liyev payla\u015f\u0131m\u0131na bu s\u00f6zl\u0259ri yaz\u0131b:<\/p>\n<p>&#8220;U\u015faql\u0131\u011f\u0131m 11 ya\u015f\u0131mda bitib. He\u00e7 vaxt o ill\u0259r\u0259 qay\u0131tmaq ist\u0259mirdim. Atal\u0131 u\u015faql\u0131q ill\u0259ri. O ill\u0259r ki, qay\u011f\u0131s\u0131z, \u015f\u0259n, etinas\u0131z, u\u015faq kimi u\u015faq idim. He\u00e7 vaxt d\u00fc\u015f\u00fcnm\u0259zdim ki, bir gec\u0259d\u0259 bu q\u0259d\u0259r b\u00f6y\u00fcy\u0259 bil\u0259r\u0259m. \u015eu\u015faya ayaq basanda 11 ya\u015f\u0131ma qay\u0131td\u0131m. B\u0259lk\u0259 d\u0259 inanmayacaqs\u0131n\u0131z, \u015eu\u015fada g\u0259z\u0259nd\u0259 he\u00e7 bir yer g\u00f6z\u00fcmd\u0259 da\u011f\u0131lm\u0131\u015f, u\u00e7mu\u015f g\u00f6r\u00fcnm\u00fcrd\u00fc. 11 ya\u015f\u0131mda C\u0131d\u0131r d\u00fcz\u00fcnd\u0259 helikopter\u0259 minib \u00e7\u0131xd\u0131\u011f\u0131m kimi idi. \u015eu\u015faya son d\u0259f\u0259 helikopterin p\u0259nc\u0259r\u0259sind\u0259n baxanda aya\u011f\u0131m\u0131n yerd\u0259n \u00fcz\u00fcld\u00fcy\u00fcn\u00fc, n\u0259d\u0259ns\u0259 qopdu\u011fumu hiss etdim. Anlam\u0131rd\u0131m, bu n\u0259 duy\u011fudur, ancaq hiss edirdim ki, \u00e7ox qiym\u0259tli bir \u015feyi itirir\u0259m. \u00c7ox sonralar anlad\u0131m ki, itirdiyim ya\u015famad\u0131\u011f\u0131m u\u015faql\u0131\u011f\u0131m, do\u011fuldu\u011fum ev, atal\u0131 g\u00fcnl\u0259rim, ilk m\u0259kt\u0259bim v\u0259 b\u00fct\u00fcn ilkl\u0259rim idi.<\/p>\n<p>M\u0259ni tan\u0131yanlar bilir, atam\u0131n \u00f6l\u00fcm\u00fcn\u00fc he\u00e7 vaxt q\u0259bul etm\u0259mi\u015f\u0259m, el\u0259 bu s\u0259b\u0259bd\u0259n q\u0259bir \u00fcst\u00fcn\u0259 d\u0259 ged\u0259 bilmirdim. \u015eu\u015fada h\u0259r yerd\u0259 g\u00f6z\u00fcm atam\u0131 axtard\u0131. \u018flimd\u0259n tutub bu balaca \u015f\u0259h\u0259rin h\u0259r tinini qar\u0131\u015f-qar\u0131\u015f g\u0259zdirmi\u015fdi. H\u0259r yerd\u0259 atam var idi, amma h\u0259m d\u0259 yox idi. Atam\u0131n yoxlu\u011funu \u015eu\u015fada hiss etdim. Q\u0259bul etdim ki, o bir daha qay\u0131tmayacaq . Qay\u0131dan kimi q\u0259bir \u00fcst\u00fcn\u0259 getdim. Atama \u015eu\u015fadan dan\u0131\u015fd\u0131m. N\u0259n\u0259mgil\u0259 getdiyimi dedim v\u0259 \u00fczr ist\u0259dim&#8221;. (Teleqraf.com)<\/p>\n<div id=\"news-content-wrapper\"><iframe loading=\"lazy\" id=\"instagram-embed-0\" class=\"instagram-media instagram-media-rendered\" src=\"https:\/\/www.instagram.com\/reel\/CzZdDtDoxJI\/embed\/captioned\/?cr=1&amp;v=14&amp;wp=843&amp;rd=https%3A%2F%2Fteleqraf.com&amp;rp=%2Fnews%2Fmaqazin%2F396985.html#%7B%22ci%22%3A0%2C%22os%22%3A1038.4000000059605%2C%22ls%22%3A254.5%2C%22le%22%3A766.1000000238419%7D\" width=\"640\" height=\"460\" frameborder=\"0\" scrolling=\"no\" allowfullscreen=\"allowfullscreen\" data-instgrm-payload-id=\"instagram-media-payload-0\" data-mce-fragment=\"1\"><\/iframe><\/div>\n<\/div>\n<div><\/div>\n<div>\n<div class=\"banner banner-6cdd60ea0045eb7a6ec44c54d29ed402\" data-banner=\"MTg0\">\n<div><ins id=\"revive-0-0\" data-revive-zoneid=\"134\" data-revive-id=\"144e1bb6fa796840b2323709bbb2f595\" data-revive-seq=\"0\" data-revive-loaded=\"1\"><iframe width=\"0\" height=\"0\" frameborder=\"0\" scrolling=\"no\" data-mce-fragment=\"1\"><\/iframe><\/ins><\/div>\n<\/div>\n<\/div>\n","protected":false},"excerpt":{"rendered":"<p>Apar\u0131c\u0131 Zaur Bax\u015f\u0259liyev sosial media hesab\u0131nda \u015eu\u015fadak\u0131 evl\u0259rinin g\u00f6r\u00fcnt\u00fcs\u00fcn\u00fc payla\u015f\u0131b. Zaur Bax\u015f\u0259liyev payla\u015f\u0131m\u0131na bu s\u00f6zl\u0259ri yaz\u0131b: &#8220;U\u015faql\u0131\u011f\u0131m 11 ya\u015f\u0131mda bitib. He\u00e7 vaxt o ill\u0259r\u0259 qay\u0131tmaq ist\u0259mirdim. Atal\u0131 u\u015faql\u0131q ill\u0259ri. O ill\u0259r ki, qay\u011f\u0131s\u0131z, \u015f\u0259n, etinas\u0131z, u\u015faq kimi u\u015faq idim. He\u00e7 vaxt d\u00fc\u015f\u00fcnm\u0259zdim ki, bir gec\u0259d\u0259 bu q\u0259d\u0259r b\u00f6y\u00fcy\u0259 bil\u0259r\u0259m. \u015eu\u015faya ayaq basanda 11 ya\u015f\u0131ma qay\u0131td\u0131m. B\u0259lk\u0259 d\u0259 inanmayacaqs\u0131n\u0131z, \u015eu\u015fada g\u0259z\u0259nd\u0259 he\u00e7 bir yer g\u00f6z\u00fcmd\u0259 da\u011f\u0131lm\u0131\u015f, u\u00e7mu\u015f g\u00f6r\u00fcnm\u00fcrd\u00fc. 11 ya\u015f\u0131mda C\u0131d\u0131r d\u00fcz\u00fcnd\u0259 helikopter\u0259 minib \u00e7\u0131xd\u0131\u011f\u0131m kimi idi. \u015eu\u015faya son d\u0259f\u0259 helikopterin p\u0259nc\u0259r\u0259sind\u0259n baxanda aya\u011f\u0131m\u0131n yerd\u0259n \u00fcz\u00fcld\u00fcy\u00fcn\u00fc, n\u0259d\u0259ns\u0259 qopdu\u011fumu hiss etdim. Anlam\u0131rd\u0131m,&hellip;<\/p>\n","protected":false},"author":2,"featured_media":654899,"comment_status":"closed","ping_status":"closed","sticky":false,"template":"","format":"standard","meta":{"om_disable_all_campaigns":false,"_monsterinsights_skip_tracking":false,"_monsterinsights_sitenote_active":false,"_monsterinsights_sitenote_note":"","_monsterinsights_sitenote_category":0},"categories":[20],"tags":[],"aioseo_notices":[],"gutentor_comment":0,"rttpg_featured_image_url":{"full":["https:\/\/arantv.az\/wp-content\/uploads\/2023\/11\/ecd0c17d60d1dd67f5a7bd1eed09a722.png",596,500,false],"landscape":["https:\/\/arantv.az\/wp-content\/uploads\/2023\/11\/ecd0c17d60d1dd67f5a7bd1eed09a722.png",596,500,false],"portraits":["https:\/\/arantv.az\/wp-content\/uploads\/2023\/11\/ecd0c17d60d1dd67f5a7bd1eed09a722.png",596,500,false],"thumbnail":["https:\/\/arantv.az\/wp-content\/uploads\/2023\/11\/ecd0c17d60d1dd67f5a7bd1eed09a722-500x280.png",500,280,true],"medium":["https:\/\/arantv.az\/wp-content\/uploads\/2023\/11\/ecd0c17d60d1dd67f5a7bd1eed09a722-435x365.png",435,365,true],"large":["https:\/\/arantv.az\/wp-content\/uploads\/2023\/11\/ecd0c17d60d1dd67f5a7bd1eed09a722.png",596,500,false],"1536x1536":["https:\/\/arantv.az\/wp-content\/uploads\/2023\/11\/ecd0c17d60d1dd67f5a7bd1eed09a722.png",596,500,false],"2048x2048":["https:\/\/arantv.az\/wp-content\/uploads\/2023\/11\/ecd0c17d60d1dd67f5a7bd1eed09a722.png",596,500,false],"post-thumbnail":["https:\/\/arantv.az\/wp-content\/uploads\/2023\/11\/ecd0c17d60d1dd67f5a7bd1eed09a722-240x172.png",240,172,true],"advps-thumb-one":["https:\/\/arantv.az\/wp-content\/uploads\/2023\/11\/ecd0c17d60d1dd67f5a7bd1eed09a722.png",596,500,false]},"rttpg_author":{"display_name":"V\u00fcsal Rafiqo\u011flu","author_link":"https:\/\/arantv.az\/?author=2"},"rttpg_comment":0,"rttpg_category":"<a href=\"https:\/\/arantv.az\/?cat=20\" rel=\"category\">\u015eou biznes<\/a>","rttpg_excerpt":"Apar\u0131c\u0131 Zaur Bax\u015f\u0259liyev sosial media hesab\u0131nda \u015eu\u015fadak\u0131 evl\u0259rinin g\u00f6r\u00fcnt\u00fcs\u00fcn\u00fc payla\u015f\u0131b. Zaur Bax\u015f\u0259liyev payla\u015f\u0131m\u0131na bu s\u00f6zl\u0259ri yaz\u0131b: &#8220;U\u015faql\u0131\u011f\u0131m 11 ya\u015f\u0131mda bitib. He\u00e7 vaxt o ill\u0259r\u0259 qay\u0131tmaq ist\u0259mirdim. Atal\u0131 u\u015faql\u0131q ill\u0259ri. O ill\u0259r ki, qay\u011f\u0131s\u0131z, \u015f\u0259n, etinas\u0131z, u\u015faq kimi u\u015faq idim. He\u00e7 vaxt d\u00fc\u015f\u00fcnm\u0259zdim ki, bir gec\u0259d\u0259 bu q\u0259d\u0259r b\u00f6y\u00fcy\u0259 bil\u0259r\u0259m. \u015eu\u015faya ayaq basanda 11 ya\u015f\u0131ma qay\u0131td\u0131m.&hellip;","_links":{"self":[{"href":"https:\/\/arantv.az\/index.php?rest_route=\/wp\/v2\/posts\/654895"}],"collection":[{"href":"https:\/\/arantv.az\/index.php?rest_route=\/wp\/v2\/posts"}],"about":[{"href":"https:\/\/arantv.az\/index.php?rest_route=\/wp\/v2\/types\/post"}],"author":[{"embeddable":true,"href":"https:\/\/arantv.az\/index.php?rest_route=\/wp\/v2\/users\/2"}],"replies":[{"embeddable":true,"href":"https:\/\/arantv.az\/index.php?rest_route=%2Fwp%2Fv2%2Fcomments&post=654895"}],"version-history":[{"count":0,"href":"https:\/\/arantv.az\/index.php?rest_route=\/wp\/v2\/posts\/654895\/revisions"}],"wp:featuredmedia":[{"embeddable":true,"href":"https:\/\/arantv.az\/index.php?rest_route=\/wp\/v2\/media\/654899"}],"wp:attachment":[{"href":"https:\/\/arantv.az\/index.php?rest_route=%2Fwp%2Fv2%2Fmedia&parent=654895"}],"wp:term":[{"taxonomy":"category","embeddable":true,"href":"https:\/\/arantv.az\/index.php?rest_route=%2Fwp%2Fv2%2Fcategories&post=654895"},{"taxonomy":"post_tag","embeddable":true,"href":"https:\/\/arantv.az\/index.php?rest_route=%2Fwp%2Fv2%2Ftags&post=654895"}],"curies":[{"name":"wp","href":"https:\/\/api.w.org\/{rel}","templated":true}]}}