{"id":654898,"date":"2023-11-10T22:43:10","date_gmt":"2023-11-10T18:43:10","guid":{"rendered":"https:\/\/arantv.az\/?p=654898"},"modified":"2023-11-10T22:43:10","modified_gmt":"2023-11-10T18:43:10","slug":"putin-varis-planindan-vaz-kecdi-yaxin-gunl%c9%99rd%c9%99-elan-edir-ki","status":"publish","type":"post","link":"https:\/\/arantv.az\/?p=654898","title":{"rendered":"Putin varis plan\u0131ndan vaz ke\u00e7di- yax\u0131n g\u00fcnl\u0259rd\u0259 elan edir ki&#8230;"},"content":{"rendered":"<h3><strong>Prezidentin yax\u0131n \u0259traf\u0131 onu inand\u0131r\u0131b ki, namiz\u0259d olmaqdan geri \u00e7\u0259kilm\u0259si \u00f6lk\u0259d\u0259 qeyri-sabitlik yaradar, m\u00fcxt\u0259lif siyasi qruplar\u0131n hakimiyy\u0259t u\u011frunda sava\u015f\u0131na s\u0259b\u0259b ola bil\u0259r<\/strong><\/h3>\n<p>&nbsp;<\/p>\n<p>Q\u0259rb m\u0259tbuat\u0131 son g\u00fcnl\u0259r israrla yaz\u0131r ki, Vladimir Putin Rusiyada n\u00f6vb\u0259ti prezidentlik m\u00fcdd\u0259tin\u0259 namiz\u0259d olmaq q\u0259rar\u0131 verib. Putin \u00f6z\u00fc sentyabrda ke\u00e7iril\u0259n \u015e\u0259rq \u0130qtisadi Forumunda se\u00e7kil\u0259rd\u0259 i\u015ftirakla ba\u011fl\u0131 q\u0259rar\u0131n\u0131n 2023-c\u00fc ilin sonundan tez verm\u0259y\u0259c\u0259yini deyib. Rusiyada s\u0259kkizinci prezident se\u00e7kil\u0259ri \u0259vv\u0259lki se\u00e7kil\u0259rin ke\u00e7irildiyi ay\u0131n ikinci bazar g\u00fcn\u00fc, y\u0259ni 2024-c\u00fc il mart\u0131n 17-d\u0259 ke\u00e7irilm\u0259lidir.\u00a0 Se\u00e7kinin d\u0259qiq tarixini is\u0259 Federasiya \u015euras\u0131 g\u0259l\u0259n ay- siyasi partiyalar\u0131n se\u00e7kiqaba\u011f\u0131 qurultaylar\u0131n\u0131 ke\u00e7ir\u0259c\u0259yi v\u0259 namiz\u0259dl\u0259r ir\u0259li s\u00fcr\u0259c\u0259yi vaxt m\u00fc\u0259yy\u0259n ed\u0259c\u0259k. \u00c7e\u00e7enistan\u0131n r\u0259hb\u0259ri Ramzan Kad\u0131rov se\u00e7kil\u0259rin l\u0259\u011fv edilm\u0259sin\u0259 \u00e7a\u011f\u0131rsa da, \u0259g\u0259r f\u00f6vq\u0259lad\u0259 hadis\u0259 ba\u015f verm\u0259zs\u0259, se\u00e7kinin t\u0259xir\u0259 sal\u0131nmayaca\u011f\u0131 d\u0259qiqdir. Rusiya\u00a0 M\u0259rk\u0259zi Se\u00e7ki Komissiyas\u0131 h\u0259l\u0259 bir ne\u00e7\u0259 ay \u0259vv\u0259l prezident se\u00e7kisinin texniki v\u0259 t\u0259\u015fkilati haz\u0131rl\u0131qlar\u0131na ba\u015fland\u0131\u011f\u0131n\u0131 bildirib. Hakimiyy\u0259ty\u00f6nl\u00fc ekspertl\u0259r tez-tez xat\u0131rlad\u0131rlar ki, prezident h\u00fcquq\u015f\u00fcnas oldu\u011fundan s\u0259lahiyy\u0259tl\u0259rinin legitiml\u0259\u015fdirilm\u0259si onun \u00fc\u00e7\u00fcn \u00e7ox \u00f6n\u0259mlidir.\u00a0 2023-c\u00fc ilin fevral\u0131nda Putin Federal M\u0259clis\u0259 m\u00fcraci\u0259tind\u0259 d\u0259 b\u0259yan edib ki, Rusiyada prezident se\u00e7kisi qanunlara uy\u011fun olaraq \u00f6z zaman\u0131nda ke\u00e7iril\u0259c\u0259k.<\/p>\n<p><img loading=\"lazy\" src=\"https:\/\/i.postimg.cc\/C5FXQCg1\/149998ed7c2c972766850a0b13ebc7c0.jpg\" alt=\"\" width=\"750\" height=\"551\" \/><\/p>\n<p>Putin ilk d\u0259f\u0259 2000-ci ild\u0259 prezident olub v\u0259 bundan sonra d\u00f6rd m\u00fcdd\u0259t\u0259\u00a0(2008-2012-ci ill\u0259rd\u0259 fasil\u0259 il\u0259)\u00a0bu v\u0259zif\u0259d\u0259 qal\u0131b. Oktyabr\u0131n 7-d\u0259 71 ya\u015f\u0131 tamam olan Putin \u0130osif Stalin d\u00f6vr\u00fcnd\u0259n b\u0259ri b\u00fct\u00fcn Rusiya monarxlar\u0131ndan daha uzun m\u00fcdd\u0259t\u0259 hakimiyy\u0259t ba\u015f\u0131nda olub, h\u0259tta Leonid Brejnevin 18 illik \u201crekordunu\u201d da t\u0259z\u0259l\u0259yib. \u00dc\u00e7 il \u0259vv\u0259l\u00a0is\u0259 Rusiyadak\u0131 konstitusiya d\u0259yi\u015fikliyi il\u0259 Putinin yeni prezidentlik m\u00fcdd\u0259tin\u0259 \u0259ng\u0259l aradan qald\u0131r\u0131l\u0131b.<\/p>\n<p>Putinin yenid\u0259n prezident olma\u011fa q\u0259rar ver\u0259c\u0259yini bir ne\u00e7\u0259 amill\u0259 izah edirl\u0259r. Amma \u0259sas arqument budur ki, \u0259g\u0259r\u00a0 Putin\u00a0 hakimiyy\u0259ti kim\u0259s\u0259 t\u0259hvil verm\u0259y\u0259 haz\u0131rla\u015fsayd\u0131, varisl\u0259 ba\u011fl\u0131 t\u0259bli\u011fat art\u0131q ba\u015flamal\u0131 idi. Ham\u0131 xat\u0131rlay\u0131r ki, 2008-ci ild\u0259- Putinin ikinci s\u0259lahiyy\u0259t m\u00fcdd\u0259ti ba\u015fa \u00e7atanda- varis\u00a0 m\u0259s\u0259l\u0259si h\u0259ll edilmi\u015f, Dmitri Medvedyevin t\u0259bli\u011fat\u0131 ba\u015flam\u0131\u015fd\u0131. \u0130ndi is\u0259 bel\u0259 bir namiz\u0259d t\u0259bli\u011fat\u0131 yoxdur. H\u0259tta\u00a0 qar\u015f\u0131dan g\u0259l\u0259n se\u00e7kid\u0259 \u0259n az\u0131 \u00fc\u00e7 partiyadan \u015f\u0259rti namiz\u0259d olaca\u011f\u0131 g\u00f6zl\u0259nilir. Bel\u0259 ki, \u201cYeni adamlar\u201d,\u00a0 Kommunist Partiyas\u0131 v\u0259 Liberal Demokrat Partiyas\u0131ndan Putin\u0259 \u201calternativ namiz\u0259dl\u0259r\u201d ola bil\u0259r, h\u0259tta\u00a0 Qriqori Yavlinskinin d\u0259 namiz\u0259d ola bil\u0259c\u0259yi g\u00fcman edlir. Jurnalistl\u0259rd\u0259n Dmitri Muratov(\u201cNovaya qazeta\u201dn\u0131n ba\u015f redaktoru) v\u0259 Aleksey Venediktovun(\u201cExo Moskv\u0131\u201d) namiz\u0259d ola bil\u0259c\u0259yi haqda da dan\u0131\u015f\u0131l\u0131r ki, bu, ehtimal \u00e7ox azd\u0131r.<\/p>\n<p>Putinin \u00f6lk\u0259 daxilind\u0259ki reytinqi h\u0259qiq\u0259t\u0259n d\u0259 bir \u00e7ox Q\u0259rb liderl\u0259rinin reytinqind\u0259n y\u00fcks\u0259kdir, bu faktd\u0131r. Prezidentin yax\u0131n \u0259traf\u0131 Putini inand\u0131rma\u011fa \u00e7al\u0131\u015f\u0131r ki,\u00a0\u00a0 namiz\u0259d olmaqdan geri \u00e7\u0259kilm\u0259si \u00f6lk\u0259d\u0259 qeyri-sabitlik yaradar, m\u00fcxt\u0259lif siyasi qruplar\u0131n hakimiyy\u0259t u\u011frunda sava\u015f\u0131na s\u0259b\u0259b ola bil\u0259r. Hakimiyy\u0259tin \u00f6t\u00fcr\u00fclm\u0259si v\u0259 ya yum\u015faq transformasiyas\u0131 indiki m\u00fcharib\u0259 \u015f\u0259raitind\u0259 m\u00fcmk\u00fcn deyil, Putin m\u00fctl\u0259q se\u00e7kiy\u0259 getm\u0259lidir. \u018fn y\u00fcks\u0259k risk is\u0259 Putinin gedi\u015find\u0259n sonra yenid\u0259n\u00a0 alovlana bil\u0259c\u0259k separatizm v\u0259 etnik m\u00fcnaqi\u015f\u0259l\u0259r qorxusudur.<\/p>\n<p><img loading=\"lazy\" src=\"https:\/\/i.postimg.cc\/pXL3QBCc\/foto.webp\" alt=\"\" width=\"750\" height=\"547\" \/><\/p>\n<p>\u0130ndi Rusiyada h\u0259m d\u0259 v\u0259ziyy\u0259t el\u0259dir ki, Putinin yerini he\u00e7 kim h\u0259v\u0259sl\u0259 tuta da bilm\u0259z, x\u00fcsus\u0259n d\u0259 Ukraynada NATO v\u0259 AB\u015e-la davam ed\u0259n m\u00fcharib\u0259, iqtisadi sanksiyalar \u015f\u0259raitind\u0259. Y\u0259ni fakt budur ki, Putin \u00fc\u00e7\u00fcn real r\u0259qib yoxdur, o s\u0259b\u0259bd\u0259n se\u00e7kid\u0259 i\u015ftirak ed\u0259rs\u0259, inaml\u0131 q\u0259l\u0259b\u0259 qazanacaq. Putinin se\u00e7ki kampaniyas\u0131n\u0131 \u201canti-Q\u0259rb\u201d t\u0259bli\u011fat\u0131 \u0259traf\u0131nda quraca\u011f\u0131, h\u0259tta se\u00e7kil\u0259r\u0259d\u0259k Ukrayna il\u0259 m\u00fcharib\u0259d\u0259 q\u0259l\u0259b\u0259sini elan ed\u0259 bil\u0259c\u0259yi d\u0259 deyilir.\u00a0 Ayd\u0131nd\u0131r ki, 2024-c\u00fc il se\u00e7kisind\u0259 \u0259sas t\u0259bli\u011fat konteksti Q\u0259rbl\u0259 ideoloji v\u0259 iqtisadi sava\u015f\u00a0 m\u00fch\u00fcm yer tutmal\u0131d\u0131r. Putin \u00fc\u00e7\u00fcn t\u0259kc\u0259 be\u015finci prezident se\u00e7kil\u0259rind\u0259 qalib g\u0259lm\u0259k vacib deyil. Onun \u00fc\u00e7\u00fcn inaml\u0131,\u00a0 b\u00f6y\u00fck s\u0259s \u00e7oxlu\u011fu il\u0259 qalib g\u0259lm\u0259k vacibdir ki, \u00e7oxsayl\u0131 d\u00fc\u015fm\u0259nl\u0259rind\u0259n he\u00e7 biri onun q\u0259l\u0259b\u0259sini \u015f\u00fcbh\u0259 alt\u0131na almas\u0131n.<\/p>\n<p><img loading=\"lazy\" src=\"https:\/\/i.postimg.cc\/02XFVJHk\/scale-1200-1.png\" alt=\"\" width=\"750\" height=\"524\" \/><\/p>\n<p>M\u0259lumdur ki, Vladimir Putin simvolik tarixl\u0259ri v\u0259 jestl\u0259ri sevir. Buna g\u00f6r\u0259 d\u0259, onun yeni prezidentlik m\u00fcdd\u0259tin\u0259 namiz\u0259dliyini elan ed\u0259c\u0259yi m\u00fcmk\u00fcn tarixl\u0259rd\u0259n biri noyabr\u0131n 4-\u00fc Milli Birlik G\u00fcn\u00fc g\u00f6st\u0259rilirdi. Amma\u00a0 g\u00f6zl\u0259nil\u0259n olmad\u0131.\u00a0 \u0130ndi is\u0259 Putinin\u00a0 \u201cRusiya\u201d beyn\u0259lxalq s\u0259rgi v\u0259 forumunun davam etdiyi bu g\u00fcnl\u0259rd\u0259 q\u0259rar\u0131n\u0131 elan ed\u0259 bil\u0259c\u0259yi haqda x\u0259b\u0259rl\u0259r yay\u0131l\u0131b. Bildirilir ki,\u00a0 Putin yeni prezidentlik m\u00fcdd\u0259tin\u0259 namiz\u0259dliyini m\u0259hz bu platformada &#8211; Rusiyan\u0131n b\u00fct\u00fcn regionlar\u0131n\u0131n t\u0259msil olundu\u011fu t\u0259dbir \u00e7\u0259r\u00e7iv\u0259sind\u0259 elan ed\u0259 bil\u0259r. S\u0259rgi 2023-c\u00fc il noyabr\u0131n 4-d\u0259n 2024-c\u00fc il aprelin 12-d\u0259k ke\u00e7iril\u0259c\u0259k, y\u0259ni vaxt bax\u0131m\u0131ndan prezident kampaniyas\u0131 il\u0259 \u00fcst-\u00fcst\u0259 d\u00fc\u015f\u00fcr. D\u00f6vl\u0259t ba\u015f\u00e7\u0131s\u0131n\u0131n s\u0259r\u0259ncam\u0131na \u0259sas\u0259n,\u00a0 s\u0259rgi \u201ciqtisadiyyat\u0131n m\u00fcxt\u0259lif sah\u0259l\u0259rind\u0259 Rusiyan\u0131n \u0259n m\u00fch\u00fcm nailiyy\u0259tl\u0259rini n\u00fcmayi\u015f etdirm\u0259k\u201d m\u0259qs\u0259di il\u0259 ke\u00e7irilir. \u018fslind\u0259 bunlar el\u0259 Putinin nailiyy\u0259tl\u0259rinin s\u0259rgisidir v\u0259 bu \u00e7\u0259r\u00e7iv\u0259d\u0259 namiz\u0259dliyin elan edilm\u0259si daha m\u0259qs\u0259d\u0259uy\u011fun olard\u0131. Bu g\u00fcn is\u0259 m\u0259lum olub ki, Putin m\u00fcharib\u0259d\u0259n sonra ilk d\u0259f\u0259 jurnalistl\u0259r \u00fc\u00e7\u00fcn \u0259n\u0259n\u0259vi m\u0259tbuat konfrans\u0131n\u0131 v\u0259 \u201cBirba\u015fa \u0259laq\u0259\u201d format\u0131n\u0131 dekabr\u0131 14-d\u0259 birg\u0259 ke\u00e7ir\u0259c\u0259k. \u0130ndi diqq\u0259tl\u0259r yen\u0259 d\u0259 h\u0259min t\u0259qvim\u0259 dikilib.<\/p>\n<p>Putin t\u0259l\u0259smir, amma g\u0259li\u015fm\u0259l\u0259r g\u00f6st\u0259rir ki, s\u00fcrpriz olmayacaq.<\/p>\n","protected":false},"excerpt":{"rendered":"<p>Prezidentin yax\u0131n \u0259traf\u0131 onu inand\u0131r\u0131b ki, namiz\u0259d olmaqdan geri \u00e7\u0259kilm\u0259si \u00f6lk\u0259d\u0259 qeyri-sabitlik yaradar, m\u00fcxt\u0259lif siyasi qruplar\u0131n hakimiyy\u0259t u\u011frunda sava\u015f\u0131na s\u0259b\u0259b ola bil\u0259r &nbsp; Q\u0259rb m\u0259tbuat\u0131 son g\u00fcnl\u0259r israrla yaz\u0131r ki, Vladimir Putin Rusiyada n\u00f6vb\u0259ti prezidentlik m\u00fcdd\u0259tin\u0259 namiz\u0259d olmaq q\u0259rar\u0131 verib. Putin \u00f6z\u00fc sentyabrda ke\u00e7iril\u0259n \u015e\u0259rq \u0130qtisadi Forumunda se\u00e7kil\u0259rd\u0259 i\u015ftirakla ba\u011fl\u0131 q\u0259rar\u0131n\u0131n 2023-c\u00fc ilin sonundan tez verm\u0259y\u0259c\u0259yini deyib. Rusiyada s\u0259kkizinci prezident se\u00e7kil\u0259ri \u0259vv\u0259lki se\u00e7kil\u0259rin ke\u00e7irildiyi ay\u0131n ikinci bazar g\u00fcn\u00fc, y\u0259ni 2024-c\u00fc il mart\u0131n 17-d\u0259 ke\u00e7irilm\u0259lidir.\u00a0 Se\u00e7kinin d\u0259qiq tarixini is\u0259 Federasiya \u015euras\u0131 g\u0259l\u0259n ay- siyasi partiyalar\u0131n se\u00e7kiqaba\u011f\u0131 qurultaylar\u0131n\u0131 ke\u00e7ir\u0259c\u0259yi v\u0259 namiz\u0259dl\u0259r ir\u0259li&hellip;<\/p>\n","protected":false},"author":2,"featured_media":654902,"comment_status":"closed","ping_status":"closed","sticky":false,"template":"","format":"standard","meta":{"om_disable_all_campaigns":false,"_monsterinsights_skip_tracking":false,"_monsterinsights_sitenote_active":false,"_monsterinsights_sitenote_note":"","_monsterinsights_sitenote_category":0},"categories":[19],"tags":[],"aioseo_notices":[],"gutentor_comment":0,"rttpg_featured_image_url":{"full":["https:\/\/arantv.az\/wp-content\/uploads\/2023\/11\/26e1ac87abca55d304d26acfc43e71d8.jpg",870,500,false],"landscape":["https:\/\/arantv.az\/wp-content\/uploads\/2023\/11\/26e1ac87abca55d304d26acfc43e71d8.jpg",870,500,false],"portraits":["https:\/\/arantv.az\/wp-content\/uploads\/2023\/11\/26e1ac87abca55d304d26acfc43e71d8.jpg",870,500,false],"thumbnail":["https:\/\/arantv.az\/wp-content\/uploads\/2023\/11\/26e1ac87abca55d304d26acfc43e71d8-500x280.jpg",500,280,true],"medium":["https:\/\/arantv.az\/wp-content\/uploads\/2023\/11\/26e1ac87abca55d304d26acfc43e71d8-635x365.jpg",635,365,true],"large":["https:\/\/arantv.az\/wp-content\/uploads\/2023\/11\/26e1ac87abca55d304d26acfc43e71d8-840x483.jpg",640,368,true],"1536x1536":["https:\/\/arantv.az\/wp-content\/uploads\/2023\/11\/26e1ac87abca55d304d26acfc43e71d8.jpg",870,500,false],"2048x2048":["https:\/\/arantv.az\/wp-content\/uploads\/2023\/11\/26e1ac87abca55d304d26acfc43e71d8.jpg",870,500,false],"post-thumbnail":["https:\/\/arantv.az\/wp-content\/uploads\/2023\/11\/26e1ac87abca55d304d26acfc43e71d8-240x172.jpg",240,172,true],"advps-thumb-one":["https:\/\/arantv.az\/wp-content\/uploads\/2023\/11\/26e1ac87abca55d304d26acfc43e71d8.jpg",870,500,false]},"rttpg_author":{"display_name":"V\u00fcsal Rafiqo\u011flu","author_link":"https:\/\/arantv.az\/?author=2"},"rttpg_comment":0,"rttpg_category":"<a href=\"https:\/\/arantv.az\/?cat=19\" rel=\"category\">G\u00fcnd\u0259m<\/a>","rttpg_excerpt":"Prezidentin yax\u0131n \u0259traf\u0131 onu inand\u0131r\u0131b ki, namiz\u0259d olmaqdan geri \u00e7\u0259kilm\u0259si \u00f6lk\u0259d\u0259 qeyri-sabitlik yaradar, m\u00fcxt\u0259lif siyasi qruplar\u0131n hakimiyy\u0259t u\u011frunda sava\u015f\u0131na s\u0259b\u0259b ola bil\u0259r &nbsp; Q\u0259rb m\u0259tbuat\u0131 son g\u00fcnl\u0259r israrla yaz\u0131r ki, Vladimir Putin Rusiyada n\u00f6vb\u0259ti prezidentlik m\u00fcdd\u0259tin\u0259 namiz\u0259d olmaq q\u0259rar\u0131 verib. Putin \u00f6z\u00fc sentyabrda ke\u00e7iril\u0259n \u015e\u0259rq \u0130qtisadi Forumunda se\u00e7kil\u0259rd\u0259 i\u015ftirakla ba\u011fl\u0131 q\u0259rar\u0131n\u0131n 2023-c\u00fc ilin sonundan tez&hellip;","_links":{"self":[{"href":"https:\/\/arantv.az\/index.php?rest_route=\/wp\/v2\/posts\/654898"}],"collection":[{"href":"https:\/\/arantv.az\/index.php?rest_route=\/wp\/v2\/posts"}],"about":[{"href":"https:\/\/arantv.az\/index.php?rest_route=\/wp\/v2\/types\/post"}],"author":[{"embeddable":true,"href":"https:\/\/arantv.az\/index.php?rest_route=\/wp\/v2\/users\/2"}],"replies":[{"embeddable":true,"href":"https:\/\/arantv.az\/index.php?rest_route=%2Fwp%2Fv2%2Fcomments&post=654898"}],"version-history":[{"count":0,"href":"https:\/\/arantv.az\/index.php?rest_route=\/wp\/v2\/posts\/654898\/revisions"}],"wp:featuredmedia":[{"embeddable":true,"href":"https:\/\/arantv.az\/index.php?rest_route=\/wp\/v2\/media\/654902"}],"wp:attachment":[{"href":"https:\/\/arantv.az\/index.php?rest_route=%2Fwp%2Fv2%2Fmedia&parent=654898"}],"wp:term":[{"taxonomy":"category","embeddable":true,"href":"https:\/\/arantv.az\/index.php?rest_route=%2Fwp%2Fv2%2Fcategories&post=654898"},{"taxonomy":"post_tag","embeddable":true,"href":"https:\/\/arantv.az\/index.php?rest_route=%2Fwp%2Fv2%2Ftags&post=654898"}],"curies":[{"name":"wp","href":"https:\/\/api.w.org\/{rel}","templated":true}]}}