{"id":654912,"date":"2023-11-11T10:24:38","date_gmt":"2023-11-11T06:24:38","guid":{"rendered":"https:\/\/arantv.az\/?p=654912"},"modified":"2023-11-11T10:24:38","modified_gmt":"2023-11-11T06:24:38","slug":"65-yasdan-yuxari-insanlarla-bagli-ust-d%c9%99n-aciqlama","status":"publish","type":"post","link":"https:\/\/arantv.az\/?p=654912","title":{"rendered":"65 ya\u015fdan yuxar\u0131 insanlarla ba\u011fl\u0131 \u00dcST-d\u0259n a\u00e7\u0131qlama"},"content":{"rendered":"<p>COVID-19-un m\u00fcalic\u0259si il\u0259 ba\u011fl\u0131 t\u00f6vsiy\u0259l\u0259rini yenil\u0259y\u0259n \u00dcmumd\u00fcnya S\u0259hiyy\u0259T\u0259\u015fkilat\u0131 (\u00dcST) 65 ya\u015fdan yuxar\u0131 insanlar\u0131 indiy\u0259 q\u0259d\u0259r oldu\u011fu kimi y\u00fcks\u0259k risk deyil, art\u0131q orta risk kateqoriyas\u0131na aid edir.<\/p>\n<p>Bu bar\u0259d\u0259 \u00dcST-\u00fcn Cenevr\u0259d\u0259ki m\u0259nzil-q\u0259rargah\u0131ndan m\u0259lumat verilib.<\/p>\n<p>\u201cCOVID-19 virusunun haz\u0131rk\u0131 variantlar\u0131, bir qayda olaraq, daha az a\u011f\u0131r x\u0259st\u0259liy\u0259 s\u0259b\u0259b olur. \u0130mmunitetin s\u0259viyy\u0259si is\u0259 peyv\u0259nd s\u0259b\u0259bind\u0259n daha y\u00fcks\u0259kdir ki, n\u0259tic\u0259d\u0259 bu da \u0259ks\u0259r x\u0259st\u0259l\u0259r \u00fc\u00e7\u00fcn a\u011f\u0131r x\u0259st\u0259lik v\u0259 \u00f6l\u00fcm riskinin azalmas\u0131na g\u0259tirib \u00e7\u0131xar\u0131r\u201d, &#8211; dey\u0259 qurumdan bildirilib.<\/p>\n<p>\u00dcST-\u00fcn x\u0259st\u0259likl\u0259rin m\u00fcalic\u0259si \u00fczr\u0259 yenil\u0259nmi\u015f t\u00f6vsiy\u0259l\u0259rin\u0259 \u201ca\u011f\u0131r olmayan COVID-19 x\u0259st\u0259l\u0259rinin x\u0259st\u0259xanaya yerl\u0259\u015fdirilm\u0259sinin \u0259sas riskl\u0259ri il\u0259 ba\u011fl\u0131 yeni qiym\u0259tl\u0259ndirm\u0259l\u0259r\u201d daxildir. Bu, tibb i\u015f\u00e7il\u0259rin\u0259 x\u0259st\u0259xanaya yerl\u0259\u015fdirilm\u0259 \u00fczr\u0259 y\u00fcks\u0259k, orta v\u0259 ya a\u015fa\u011f\u0131 risk qrupunda olan \u015f\u0259xsl\u0259ri m\u00fc\u0259yy\u0259n etm\u0259y\u0259 v\u0259 m\u00fcvafiq m\u00fcalic\u0259ni t\u0259yin etm\u0259y\u0259 k\u00f6m\u0259k ed\u0259c\u0259k.<\/p>\n<p>B\u0259yanatda deyilir ki, haz\u0131rda orta risk kateqoriyas\u0131na \u0259vv\u0259ll\u0259r y\u00fcks\u0259k risk qrupunda olan insanlar, o c\u00fcml\u0259d\u0259n 65 ya\u015fdan yuxar\u0131 \u015f\u0259xsl\u0259r, h\u0259m\u00e7inin xroniki x\u0259st\u0259likl\u0259ri, \u0259lilliyi v\u0259 \u0259sas xroniki x\u0259st\u0259likl\u0259ri olan \u015f\u0259xsl\u0259r daxil edilib. S\u00f6hb\u0259t piyl\u0259nm\u0259, \u015f\u0259k\u0259rli diabet, h\u0259m\u00e7inin xroniki x\u0259st\u0259likl\u0259r, o c\u00fcml\u0259d\u0259n b\u00f6yr\u0259k, qaraciy\u0259r, x\u0259r\u00e7\u0259ng x\u0259st\u0259likl\u0259rind\u0259n gedir. Bu qrupdak\u0131 x\u0259st\u0259l\u0259rin x\u0259st\u0259xanaya yerl\u0259\u015fdirilm\u0259si il\u0259 ba\u011fl\u0131 t\u0259xmin edil\u0259n nisb\u0259t 3% t\u0259\u015fkil edir.<\/p>\n<p>\u201c\u0130mmuniteti z\u0259if olan insanlar COVID-19-a yoluxduqlar\u0131 t\u0259qdird\u0259 daha y\u00fcks\u0259k risk qrupunda qalma\u011fa davam edirl\u0259r\u201d, &#8211; dey\u0259 \u00dcST qeyd edib. Onlar\u0131n x\u0259st\u0259xanaya yerl\u0259\u015fdirilm\u0259si il\u0259 ba\u011fl\u0131 nisb\u0259t 6% t\u0259\u015fkil edir.<\/p>\n<p>\u201cY\u00fcks\u0259k v\u0259 ya orta risk katoqoriyas\u0131na aid edilm\u0259y\u0259nl\u0259rin x\u0259st\u0259xanaya yerl\u0259\u015fdirilm\u0259 riski a\u015fa\u011f\u0131d\u0131r (0,5%). \u0130nsanlar\u0131n \u0259ks\u0259riyy\u0259ti a\u015fa\u011f\u0131 risk alt\u0131ndad\u0131r\u201d, &#8211; dey\u0259 \u00dcST vur\u011fulay\u0131b.<\/p>\n<p>M\u0259nb\u0259: TASS<\/p>\n","protected":false},"excerpt":{"rendered":"<p>COVID-19-un m\u00fcalic\u0259si il\u0259 ba\u011fl\u0131 t\u00f6vsiy\u0259l\u0259rini yenil\u0259y\u0259n \u00dcmumd\u00fcnya S\u0259hiyy\u0259T\u0259\u015fkilat\u0131 (\u00dcST) 65 ya\u015fdan yuxar\u0131 insanlar\u0131 indiy\u0259 q\u0259d\u0259r oldu\u011fu kimi y\u00fcks\u0259k risk deyil, art\u0131q orta risk kateqoriyas\u0131na aid edir. Bu bar\u0259d\u0259 \u00dcST-\u00fcn Cenevr\u0259d\u0259ki m\u0259nzil-q\u0259rargah\u0131ndan m\u0259lumat verilib. \u201cCOVID-19 virusunun haz\u0131rk\u0131 variantlar\u0131, bir qayda olaraq, daha az a\u011f\u0131r x\u0259st\u0259liy\u0259 s\u0259b\u0259b olur. \u0130mmunitetin s\u0259viyy\u0259si is\u0259 peyv\u0259nd s\u0259b\u0259bind\u0259n daha y\u00fcks\u0259kdir ki, n\u0259tic\u0259d\u0259 bu da \u0259ks\u0259r x\u0259st\u0259l\u0259r \u00fc\u00e7\u00fcn a\u011f\u0131r x\u0259st\u0259lik v\u0259 \u00f6l\u00fcm riskinin azalmas\u0131na g\u0259tirib \u00e7\u0131xar\u0131r\u201d, &#8211; dey\u0259 qurumdan bildirilib. \u00dcST-\u00fcn x\u0259st\u0259likl\u0259rin m\u00fcalic\u0259si \u00fczr\u0259 yenil\u0259nmi\u015f t\u00f6vsiy\u0259l\u0259rin\u0259 \u201ca\u011f\u0131r olmayan COVID-19 x\u0259st\u0259l\u0259rinin x\u0259st\u0259xanaya yerl\u0259\u015fdirilm\u0259sinin \u0259sas riskl\u0259ri il\u0259 ba\u011fl\u0131 yeni qiym\u0259tl\u0259ndirm\u0259l\u0259r\u201d&hellip;<\/p>\n","protected":false},"author":2,"featured_media":654915,"comment_status":"closed","ping_status":"closed","sticky":false,"template":"","format":"standard","meta":{"om_disable_all_campaigns":false,"_monsterinsights_skip_tracking":false,"_monsterinsights_sitenote_active":false,"_monsterinsights_sitenote_note":"","_monsterinsights_sitenote_category":0},"categories":[7],"tags":[],"aioseo_notices":[],"gutentor_comment":0,"rttpg_featured_image_url":{"full":["https:\/\/arantv.az\/wp-content\/uploads\/2023\/11\/FotoJet-2023-11-10T223207.639.jpg",620,413,false],"landscape":["https:\/\/arantv.az\/wp-content\/uploads\/2023\/11\/FotoJet-2023-11-10T223207.639.jpg",620,413,false],"portraits":["https:\/\/arantv.az\/wp-content\/uploads\/2023\/11\/FotoJet-2023-11-10T223207.639.jpg",620,413,false],"thumbnail":["https:\/\/arantv.az\/wp-content\/uploads\/2023\/11\/FotoJet-2023-11-10T223207.639-500x280.jpg",500,280,true],"medium":["https:\/\/arantv.az\/wp-content\/uploads\/2023\/11\/FotoJet-2023-11-10T223207.639-548x365.jpg",548,365,true],"large":["https:\/\/arantv.az\/wp-content\/uploads\/2023\/11\/FotoJet-2023-11-10T223207.639.jpg",620,413,false],"1536x1536":["https:\/\/arantv.az\/wp-content\/uploads\/2023\/11\/FotoJet-2023-11-10T223207.639.jpg",620,413,false],"2048x2048":["https:\/\/arantv.az\/wp-content\/uploads\/2023\/11\/FotoJet-2023-11-10T223207.639.jpg",620,413,false],"post-thumbnail":["https:\/\/arantv.az\/wp-content\/uploads\/2023\/11\/FotoJet-2023-11-10T223207.639-240x172.jpg",240,172,true],"advps-thumb-one":["https:\/\/arantv.az\/wp-content\/uploads\/2023\/11\/FotoJet-2023-11-10T223207.639.jpg",620,413,false]},"rttpg_author":{"display_name":"V\u00fcsal Rafiqo\u011flu","author_link":"https:\/\/arantv.az\/?author=2"},"rttpg_comment":0,"rttpg_category":"<a href=\"https:\/\/arantv.az\/?cat=7\" rel=\"category\">D\u00fcnya<\/a>","rttpg_excerpt":"COVID-19-un m\u00fcalic\u0259si il\u0259 ba\u011fl\u0131 t\u00f6vsiy\u0259l\u0259rini yenil\u0259y\u0259n \u00dcmumd\u00fcnya S\u0259hiyy\u0259T\u0259\u015fkilat\u0131 (\u00dcST) 65 ya\u015fdan yuxar\u0131 insanlar\u0131 indiy\u0259 q\u0259d\u0259r oldu\u011fu kimi y\u00fcks\u0259k risk deyil, art\u0131q orta risk kateqoriyas\u0131na aid edir. Bu bar\u0259d\u0259 \u00dcST-\u00fcn Cenevr\u0259d\u0259ki m\u0259nzil-q\u0259rargah\u0131ndan m\u0259lumat verilib. \u201cCOVID-19 virusunun haz\u0131rk\u0131 variantlar\u0131, bir qayda olaraq, daha az a\u011f\u0131r x\u0259st\u0259liy\u0259 s\u0259b\u0259b olur. \u0130mmunitetin s\u0259viyy\u0259si is\u0259 peyv\u0259nd s\u0259b\u0259bind\u0259n daha y\u00fcks\u0259kdir ki, n\u0259tic\u0259d\u0259&hellip;","_links":{"self":[{"href":"https:\/\/arantv.az\/index.php?rest_route=\/wp\/v2\/posts\/654912"}],"collection":[{"href":"https:\/\/arantv.az\/index.php?rest_route=\/wp\/v2\/posts"}],"about":[{"href":"https:\/\/arantv.az\/index.php?rest_route=\/wp\/v2\/types\/post"}],"author":[{"embeddable":true,"href":"https:\/\/arantv.az\/index.php?rest_route=\/wp\/v2\/users\/2"}],"replies":[{"embeddable":true,"href":"https:\/\/arantv.az\/index.php?rest_route=%2Fwp%2Fv2%2Fcomments&post=654912"}],"version-history":[{"count":0,"href":"https:\/\/arantv.az\/index.php?rest_route=\/wp\/v2\/posts\/654912\/revisions"}],"wp:featuredmedia":[{"embeddable":true,"href":"https:\/\/arantv.az\/index.php?rest_route=\/wp\/v2\/media\/654915"}],"wp:attachment":[{"href":"https:\/\/arantv.az\/index.php?rest_route=%2Fwp%2Fv2%2Fmedia&parent=654912"}],"wp:term":[{"taxonomy":"category","embeddable":true,"href":"https:\/\/arantv.az\/index.php?rest_route=%2Fwp%2Fv2%2Fcategories&post=654912"},{"taxonomy":"post_tag","embeddable":true,"href":"https:\/\/arantv.az\/index.php?rest_route=%2Fwp%2Fv2%2Ftags&post=654912"}],"curies":[{"name":"wp","href":"https:\/\/api.w.org\/{rel}","templated":true}]}}