{"id":654928,"date":"2023-11-11T11:04:09","date_gmt":"2023-11-11T07:04:09","guid":{"rendered":"https:\/\/arantv.az\/?p=654928"},"modified":"2023-11-11T11:04:09","modified_gmt":"2023-11-11T07:04:09","slug":"erm%c9%99nini-ozun%c9%99-g%c9%99tir%c9%99n-partlayis-h%c9%99yat-dey%c9%99s%c9%99n-goz%c9%99ldir-video","status":"publish","type":"post","link":"https:\/\/arantv.az\/?p=654928","title":{"rendered":"Erm\u0259nini \u00f6z\u00fcn\u0259 g\u0259tir\u0259n partlay\u0131\u015f: \u201cH\u0259yat, dey\u0259s\u0259n, g\u00f6z\u0259ldir\u201d &#8211; V\u0130DEO"},"content":{"rendered":"<article class=\"news\">\n<div class=\"news-inner\">\n<p>Rejissor Vaqif Mustafayevin \u201cH\u0259yat, dey\u0259s\u0259n, g\u00f6z\u0259ldir\u201d filmi Qaraba\u011f v\u0259 \u0259traf \u0259razil\u0259r u\u011frunda 2020-ci ild\u0259 ba\u015f ver\u0259n 44 g\u00fcnl\u00fck V\u0259t\u0259n m\u00fcharib\u0259sind\u0259n, bu d\u00f6y\u00fc\u015fl\u0259rd\u0259 \u0259ld\u0259 etdiyimiz z\u0259f\u0259rd\u0259n b\u0259hs edir.<\/p>\n<p>Filmin q\u0131sa s\u00fcjeti bel\u0259dir: D\u00f6y\u00fc\u015fd\u0259 yan\u0131nda bomba partlamas\u0131 il\u0259 travma alan Va\u00e7ik qarda\u015f\u0131 Xa\u00e7ikl\u0259 birlikd\u0259 Az\u0259rbaycan t\u0259r\u0259fin\u0259 \u0259sir d\u00fc\u015f\u00fcr. Va\u00e7ik ald\u0131\u011f\u0131 travmadan sonra h\u0259qiq\u0259ti g\u00f6rm\u0259y\u0259 ba\u015flay\u0131r v\u0259 \u201cQaraba\u011f Az\u0259rbaycan\u201dd\u0131r deyir.<\/p>\n<p>Xa\u00e7ik qarda\u015f\u0131n\u0131n bu v\u0259ziyy\u0259ti il\u0259 bar\u0131\u015fa bilmir, h\u0259tta onu \u00f6ld\u00fcrm\u0259k ist\u0259yir. Anas\u0131, qarda\u015f\u0131 v\u0259 b\u00fct\u00fcn qohum-\u0259qr\u0259bas\u0131 Va\u00e7ikd\u0259n imtina edir.<\/p>\n<p>Rejissor Va\u00e7ik v\u0259 Xa\u00e7ikin timsal\u0131nda erm\u0259ni c\u0259miyy\u0259tini g\u00f6st\u0259rir. Va\u00e7ik\u00e7il\u0259r s\u00fclh\u00fcn, xa\u00e7ik\u00e7il\u0259r m\u00fcharib\u0259nin t\u0259r\u0259fdar\u0131d\u0131rlar.<\/p>\n<p>Bu iki qarda\u015f h\u0259m m\u00fcalic\u0259 almaq, h\u0259m d\u0259 sor\u011fu-sual edilm\u0259k m\u0259qs\u0259dil\u0259 Psixiatriya X\u0259st\u0259xanas\u0131na yerl\u0259\u015fdirilir. Maraql\u0131 m\u0259s\u0259l\u0259 odur ki, x\u0259st\u0259xanan\u0131n ba\u015f h\u0259kimi erm\u0259ni qad\u0131n il\u0259 ail\u0259 qurub v\u0259 onun \u00f6z\u00fcn\u00fcn d\u0259 psixoloji probleml\u0259ri var.<\/p>\n<p>H\u0259kimin arvad\u0131 h\u0259r d\u0259f\u0259 ona deyir ki, \u201cm\u0259n s\u0259nin q\u0259lbin\u0259 yol tapa bilm\u0259dim, ona g\u00f6r\u0259 \u015f\u00fcuralt\u0131na girir\u0259m\u201d.<\/p>\n<p>Bel\u0259likl\u0259, onun yuxular\u0131na girib erm\u0259ni sevgisi a\u015f\u0131lama\u011fa \u00e7al\u0131\u015f\u0131r.<\/p>\n<p>Qaraba\u011f\u0131n azad olunma x\u0259b\u0259rini e\u015fid\u0259n h\u0259kim eyvana \u00e7\u0131x\u0131b xalqla birlikd\u0259 sevinir. Bu zaman erm\u0259ni arvad\u0131 onun ayaqlar\u0131n\u0131 qucaqlay\u0131b a\u011flay\u0131r.<\/p>\n<p>Bu s\u0259hn\u0259 erm\u0259ni qad\u0131n\u0131n timsal\u0131nda erm\u0259nil\u0259rin Az\u0259rbaycan\u0131n ayaqlar\u0131 alt\u0131na d\u00fc\u015fd\u00fcy\u00fcn\u00fc, t\u0259slim olduqlar\u0131n\u0131 g\u00f6st\u0259rir.<\/p>\n<p>Bu filmd\u0259 s\u00fclh mesajlar\u0131 da var. Az\u0259rbaycanl\u0131 polkovnikin \u201cOnlar bizim qon\u015fular\u0131m\u0131zd\u0131r\u201d dem\u0259si, Va\u00e7ikin xahi\u015fi il\u0259 palatas\u0131na qoyulan Az\u0259rbaycan-Erm\u0259nistan bayra\u011f\u0131 buna s\u00fcbutdur.<\/p>\n<p>\u201cH\u0259yat, dey\u0259s\u0259n, g\u00f6z\u0259ldir\u201d ilk milli filmidir ki, Az\u0259rbaycan v\u0259 Erm\u0259nistan bayra\u011f\u0131 yana\u015f\u0131 g\u00f6st\u0259rilir.<\/p>\n<p>Daha \u0259trafl\u0131 Baku TV-nin \u0259m\u0259kda\u015f\u0131 Emil Hac\u0131yevin ara\u015fd\u0131rmas\u0131nda:<\/p>\n<div><iframe loading=\"lazy\" title=\"YouTube video player\" src=\"https:\/\/www.youtube.com\/embed\/INGUyCmS7IE?si=Hb0agkqOdlSHQFNr\" width=\"560\" height=\"315\" frameborder=\"0\" allowfullscreen=\"allowfullscreen\" data-mce-fragment=\"1\"><\/iframe><\/div>\n<\/div>\n<\/article>\n","protected":false},"excerpt":{"rendered":"<p>Rejissor Vaqif Mustafayevin \u201cH\u0259yat, dey\u0259s\u0259n, g\u00f6z\u0259ldir\u201d filmi Qaraba\u011f v\u0259 \u0259traf \u0259razil\u0259r u\u011frunda 2020-ci ild\u0259 ba\u015f ver\u0259n 44 g\u00fcnl\u00fck V\u0259t\u0259n m\u00fcharib\u0259sind\u0259n, bu d\u00f6y\u00fc\u015fl\u0259rd\u0259 \u0259ld\u0259 etdiyimiz z\u0259f\u0259rd\u0259n b\u0259hs edir. Filmin q\u0131sa s\u00fcjeti bel\u0259dir: D\u00f6y\u00fc\u015fd\u0259 yan\u0131nda bomba partlamas\u0131 il\u0259 travma alan Va\u00e7ik qarda\u015f\u0131 Xa\u00e7ikl\u0259 birlikd\u0259 Az\u0259rbaycan t\u0259r\u0259fin\u0259 \u0259sir d\u00fc\u015f\u00fcr. Va\u00e7ik ald\u0131\u011f\u0131 travmadan sonra h\u0259qiq\u0259ti g\u00f6rm\u0259y\u0259 ba\u015flay\u0131r v\u0259 \u201cQaraba\u011f Az\u0259rbaycan\u201dd\u0131r deyir. Xa\u00e7ik qarda\u015f\u0131n\u0131n bu v\u0259ziyy\u0259ti il\u0259 bar\u0131\u015fa bilmir, h\u0259tta onu \u00f6ld\u00fcrm\u0259k ist\u0259yir. Anas\u0131, qarda\u015f\u0131 v\u0259 b\u00fct\u00fcn qohum-\u0259qr\u0259bas\u0131 Va\u00e7ikd\u0259n imtina edir. Rejissor Va\u00e7ik v\u0259 Xa\u00e7ikin timsal\u0131nda erm\u0259ni c\u0259miyy\u0259tini g\u00f6st\u0259rir. Va\u00e7ik\u00e7il\u0259r s\u00fclh\u00fcn, xa\u00e7ik\u00e7il\u0259r m\u00fcharib\u0259nin t\u0259r\u0259fdar\u0131d\u0131rlar. Bu&hellip;<\/p>\n","protected":false},"author":2,"featured_media":654932,"comment_status":"closed","ping_status":"closed","sticky":false,"template":"","format":"standard","meta":{"om_disable_all_campaigns":false,"_monsterinsights_skip_tracking":false,"_monsterinsights_sitenote_active":false,"_monsterinsights_sitenote_note":"","_monsterinsights_sitenote_category":0},"categories":[4],"tags":[],"aioseo_notices":[],"gutentor_comment":0,"rttpg_featured_image_url":{"full":["https:\/\/arantv.az\/wp-content\/uploads\/2023\/11\/Screenshot-2023-11-10-213840.jpg",620,413,false],"landscape":["https:\/\/arantv.az\/wp-content\/uploads\/2023\/11\/Screenshot-2023-11-10-213840.jpg",620,413,false],"portraits":["https:\/\/arantv.az\/wp-content\/uploads\/2023\/11\/Screenshot-2023-11-10-213840.jpg",620,413,false],"thumbnail":["https:\/\/arantv.az\/wp-content\/uploads\/2023\/11\/Screenshot-2023-11-10-213840-500x280.jpg",500,280,true],"medium":["https:\/\/arantv.az\/wp-content\/uploads\/2023\/11\/Screenshot-2023-11-10-213840-548x365.jpg",548,365,true],"large":["https:\/\/arantv.az\/wp-content\/uploads\/2023\/11\/Screenshot-2023-11-10-213840.jpg",620,413,false],"1536x1536":["https:\/\/arantv.az\/wp-content\/uploads\/2023\/11\/Screenshot-2023-11-10-213840.jpg",620,413,false],"2048x2048":["https:\/\/arantv.az\/wp-content\/uploads\/2023\/11\/Screenshot-2023-11-10-213840.jpg",620,413,false],"post-thumbnail":["https:\/\/arantv.az\/wp-content\/uploads\/2023\/11\/Screenshot-2023-11-10-213840-240x172.jpg",240,172,true],"advps-thumb-one":["https:\/\/arantv.az\/wp-content\/uploads\/2023\/11\/Screenshot-2023-11-10-213840.jpg",620,413,false]},"rttpg_author":{"display_name":"V\u00fcsal Rafiqo\u011flu","author_link":"https:\/\/arantv.az\/?author=2"},"rttpg_comment":0,"rttpg_category":"<a href=\"https:\/\/arantv.az\/?cat=4\" rel=\"category\">Siyas\u0259t<\/a>","rttpg_excerpt":"Rejissor Vaqif Mustafayevin \u201cH\u0259yat, dey\u0259s\u0259n, g\u00f6z\u0259ldir\u201d filmi Qaraba\u011f v\u0259 \u0259traf \u0259razil\u0259r u\u011frunda 2020-ci ild\u0259 ba\u015f ver\u0259n 44 g\u00fcnl\u00fck V\u0259t\u0259n m\u00fcharib\u0259sind\u0259n, bu d\u00f6y\u00fc\u015fl\u0259rd\u0259 \u0259ld\u0259 etdiyimiz z\u0259f\u0259rd\u0259n b\u0259hs edir. Filmin q\u0131sa s\u00fcjeti bel\u0259dir: D\u00f6y\u00fc\u015fd\u0259 yan\u0131nda bomba partlamas\u0131 il\u0259 travma alan Va\u00e7ik qarda\u015f\u0131 Xa\u00e7ikl\u0259 birlikd\u0259 Az\u0259rbaycan t\u0259r\u0259fin\u0259 \u0259sir d\u00fc\u015f\u00fcr. Va\u00e7ik ald\u0131\u011f\u0131 travmadan sonra h\u0259qiq\u0259ti g\u00f6rm\u0259y\u0259 ba\u015flay\u0131r v\u0259 \u201cQaraba\u011f&hellip;","_links":{"self":[{"href":"https:\/\/arantv.az\/index.php?rest_route=\/wp\/v2\/posts\/654928"}],"collection":[{"href":"https:\/\/arantv.az\/index.php?rest_route=\/wp\/v2\/posts"}],"about":[{"href":"https:\/\/arantv.az\/index.php?rest_route=\/wp\/v2\/types\/post"}],"author":[{"embeddable":true,"href":"https:\/\/arantv.az\/index.php?rest_route=\/wp\/v2\/users\/2"}],"replies":[{"embeddable":true,"href":"https:\/\/arantv.az\/index.php?rest_route=%2Fwp%2Fv2%2Fcomments&post=654928"}],"version-history":[{"count":0,"href":"https:\/\/arantv.az\/index.php?rest_route=\/wp\/v2\/posts\/654928\/revisions"}],"wp:featuredmedia":[{"embeddable":true,"href":"https:\/\/arantv.az\/index.php?rest_route=\/wp\/v2\/media\/654932"}],"wp:attachment":[{"href":"https:\/\/arantv.az\/index.php?rest_route=%2Fwp%2Fv2%2Fmedia&parent=654928"}],"wp:term":[{"taxonomy":"category","embeddable":true,"href":"https:\/\/arantv.az\/index.php?rest_route=%2Fwp%2Fv2%2Fcategories&post=654928"},{"taxonomy":"post_tag","embeddable":true,"href":"https:\/\/arantv.az\/index.php?rest_route=%2Fwp%2Fv2%2Ftags&post=654928"}],"curies":[{"name":"wp","href":"https:\/\/api.w.org\/{rel}","templated":true}]}}