{"id":655009,"date":"2023-11-11T16:50:41","date_gmt":"2023-11-11T12:50:41","guid":{"rendered":"https:\/\/arantv.az\/?p=655009"},"modified":"2023-11-11T16:50:41","modified_gmt":"2023-11-11T12:50:41","slug":"astanada-z%c9%99f%c9%99r-gunu-munasib%c9%99til%c9%99-bayram-t%c9%99dbiri-t%c9%99skil-edilib-foto","status":"publish","type":"post","link":"https:\/\/arantv.az\/?p=655009","title":{"rendered":"Astanada Z\u0259f\u0259r G\u00fcn\u00fc m\u00fcnasib\u0259til\u0259 bayram t\u0259dbiri t\u0259\u015fkil edilib &#8211; FOTO"},"content":{"rendered":"<p>Qazax\u0131stan\u0131n paytaxt\u0131 Astanada ya\u015fayan Az\u0259rbaycan icmas\u0131n\u0131n 8 Noyabr &#8211; Z\u0259f\u0259r G\u00fcn\u00fcn\u0259 h\u0259sr olunmu\u015f bayram t\u0259dbiri ke\u00e7irilib.<\/p>\n<p>Bu bar\u0259d\u0259 Diasporla \u0130\u015f \u00fczr\u0259 D\u00f6vl\u0259t Komit\u0259si m\u0259lumat yay\u0131b.<\/p>\n<p>Bildirilib ki, \u201cX\u0259z\u0259r\u201d Az\u0259rbaycan Etnom\u0259d\u0259ni Birliyinin t\u0259\u015fkilat\u00e7\u0131l\u0131\u011f\u0131 il\u0259 ba\u015f tutan t\u0259dbird\u0259 Az\u0259rbaycan\u0131n Qazax\u0131standak\u0131 s\u0259firliyinin \u0259m\u0259kda\u015flar\u0131, yerli d\u00f6vl\u0259t qurumlar\u0131n\u0131n t\u0259msil\u00e7il\u0259ri, m\u00fcxt\u0259lif icmalar\u0131n r\u0259hb\u0259rl\u0259ri, Qaraba\u011f m\u00fcharib\u0259si qazil\u0259ri v\u0259 soyda\u015flar\u0131m\u0131z i\u015ftirak edibl\u0259r.<\/p>\n<p>Az\u0259rbaycan\u0131n D\u00f6vl\u0259t Himninin s\u0259sl\u0259ndirilm\u0259si il\u0259 ba\u015flayan t\u0259dbird\u0259 \u00f6lk\u0259mizin \u0259razi b\u00fct\u00f6vl\u00fcy\u00fc u\u011frunda canlar\u0131ndan ke\u00e7mi\u015f \u015f\u0259hidl\u0259rimizin \u0259ziz xatir\u0259si bir d\u0259qiq\u0259lik s\u00fckutla yad olunub.<\/p>\n<p>T\u0259dbir i\u015ftirak\u00e7\u0131lar\u0131n\u0131 salamlayan birlik s\u0259dri Mahir Rzayev \u00fc\u00e7 il \u00f6nc\u0259 Az\u0259rbaycan Prezidenti, M\u00fcz\u0259ff\u0259r Ali Ba\u015f Komandan\u00a0<strong>\u0130lham \u018fliyevin<\/strong>\u00a0q\u0259tiyy\u0259tli r\u0259hb\u0259rliyi v\u0259 r\u0259\u015fad\u0259tli Az\u0259rbaycan Ordusunun q\u0259hr\u0259manl\u0131\u011f\u0131 n\u0259tic\u0259sind\u0259 \u0259ld\u0259 olunmu\u015f parlaq q\u0259l\u0259b\u0259 v\u0259 haz\u0131rda Az\u0259rbaycan\u0131n D\u00f6vl\u0259t Bayra\u011f\u0131n\u0131n Qaraba\u011f\u0131n b\u00fct\u00fcn \u015f\u0259h\u0259r v\u0259 k\u0259ndl\u0259rind\u0259 dal\u011falanmas\u0131 m\u00fcnasib\u0259til\u0259 soyda\u015flar\u0131m\u0131z\u0131 t\u0259brik edib.<\/p>\n<p>Az\u0259rbaycan\u0131n Qazax\u0131standak\u0131 s\u0259firi A\u011falar Atamo\u011flanov \u00e7\u0131x\u0131\u015f\u0131nda Az\u0259rbaycan\u0131n Z\u0259f\u0259r G\u00fcn\u00fc, Qaraba\u011f b\u00f6lg\u0259sind\u0259 19-20 sentyabr 2023-c\u00fc il tarixind\u0259 23 saat \u0259rzind\u0259 h\u0259yata ke\u00e7irilmi\u015f antiterror t\u0259dbirl\u0259ri v\u0259 haz\u0131rda Qaraba\u011f iqtisadi rayonunda apar\u0131lan irimiqyasl\u0131 b\u0259rpa-quruculuq i\u015fl\u0259ri bar\u0259d\u0259 \u0259trafl\u0131 m\u0259lumat verib. Xank\u0259ndi \u015f\u0259h\u0259rinin m\u0259rk\u0259zi meydan\u0131nda d\u00f6vl\u0259t ba\u015f\u00e7\u0131m\u0131z\u0131n q\u0259bul etdiyi h\u0259rbi parad\u0131 d\u00f6vl\u0259timizin v\u0259 xalq\u0131m\u0131z\u0131n irad\u0259sinin v\u0259 g\u00fcc\u00fcn\u00fcn t\u0259nt\u0259n\u0259si adland\u0131r\u0131b.<\/p>\n<p>Sonra Z\u0259f\u0259r G\u00fcn\u00fcn\u0259 h\u0259sr olunmu\u015f s\u0259n\u0259dli film n\u00fcmayi\u015f etdirilib v\u0259 diaspor quruculu\u011funda f\u0259al i\u015ftirak ed\u0259n soyda\u015flar\u0131m\u0131za t\u0259\u015f\u0259kk\u00fcrnam\u0259l\u0259r t\u0259qdim edilib.<\/p>\n<p>Bayram konserti il\u0259 ba\u015fa \u00e7atan t\u0259dbir yerli K\u0130V-d\u0259 geni\u015f i\u015f\u0131qland\u0131r\u0131l\u0131b.<\/p>\n<p>&nbsp;<\/p>\n<div class=\"gallery\">\n<div class=\"gallery-i\"><img src=\"https:\/\/cdn.oxu.az\/uploads\/W1siZiIsIjIwMjMvMTEvMTEvMTYvMTkvMzkvZDg1NThlYzUtYWVjMy00ZWM2LWFiNGQtZTAwZjI2Nzc2ZTNiL2FzdGFuYTEuanBnIl0sWyJwIiwiZW5jb2RlIiwianBnIiwiLXF1YWxpdHkgODAiXSxbInAiLCJ0aHVtYiIsIjU5MHg1OTBcdTAwM2UiXV0?sha=9fb1b054260f8dc9\" alt=\"\" \/><\/p>\n<div class=\"gallery-i-caption\"><\/div>\n<\/div>\n<div class=\"gallery-i\"><img src=\"https:\/\/cdn.oxu.az\/uploads\/W1siZiIsIjIwMjMvMTEvMTEvMTYvMTkvMzkvMTI2NDY0NDQtZjc2OS00NzEyLWFhYTYtZjZiYzgzMjM3Y2FjL2FzdGFuYTIuanBnIl0sWyJwIiwiZW5jb2RlIiwianBnIiwiLXF1YWxpdHkgODAiXSxbInAiLCJ0aHVtYiIsIjU5MHg1OTBcdTAwM2UiXV0?sha=c62b20c62ebebc2d\" alt=\"\" \/><\/p>\n<div class=\"gallery-i-caption\"><\/div>\n<\/div>\n<div class=\"gallery-i\"><img src=\"https:\/\/cdn.oxu.az\/uploads\/W1siZiIsIjIwMjMvMTEvMTEvMTYvMTkvMzgvZmNkOWJiMGUtNDE2Yi00YzI1LWEyOWYtNTk5MTEwMGYwOTFhL2FzdGFuYTEwLmpwZyJdLFsicCIsImVuY29kZSIsImpwZyIsIi1xdWFsaXR5IDgwIl0sWyJwIiwidGh1bWIiLCI1OTB4NTkwXHUwMDNlIl1d?sha=b5f979e56522041f\" alt=\"\" \/><\/p>\n<div class=\"gallery-i-caption\"><\/div>\n<\/div>\n<div class=\"gallery-i\"><img src=\"https:\/\/cdn.oxu.az\/uploads\/W1siZiIsIjIwMjMvMTEvMTEvMTYvMTkvMzgvZTY5ODExOGUtNDMyZi00ZTQyLTg1ZWItYjBiYTFjMDliZTc2L2FzdGFuYTkuanBnIl0sWyJwIiwiZW5jb2RlIiwianBnIiwiLXF1YWxpdHkgODAiXSxbInAiLCJ0aHVtYiIsIjU5MHg1OTBcdTAwM2UiXV0?sha=994e837153d45582\" alt=\"\" \/><\/p>\n<div class=\"gallery-i-caption\"><\/div>\n<\/div>\n<div class=\"gallery-i\"><img src=\"https:\/\/cdn.oxu.az\/uploads\/W1siZiIsIjIwMjMvMTEvMTEvMTYvMTkvMzgvYjQ5ZTdhNzctYWEwNi00Y2U2LWE4MDUtOTI2NTBmYjE0ODM2L2FzdGFuYTguanBnIl0sWyJwIiwiZW5jb2RlIiwianBnIiwiLXF1YWxpdHkgODAiXSxbInAiLCJ0aHVtYiIsIjU5MHg1OTBcdTAwM2UiXV0?sha=1dcfae2162f054fe\" alt=\"\" \/><\/p>\n<div class=\"gallery-i-caption\"><\/div>\n<\/div>\n<div class=\"gallery-i\"><img src=\"https:\/\/cdn.oxu.az\/uploads\/W1siZiIsIjIwMjMvMTEvMTEvMTYvMTkvMzkvZWNkMDFhMjItOTI3NS00NzE2LThhOTMtOTY0OGQwM2RmNGMwL2FzdGFuYTcuanBnIl0sWyJwIiwiZW5jb2RlIiwianBnIiwiLXF1YWxpdHkgODAiXSxbInAiLCJ0aHVtYiIsIjU5MHg1OTBcdTAwM2UiXV0?sha=3c2607d2bee61bab\" alt=\"\" \/><\/p>\n<div class=\"gallery-i-caption\"><\/div>\n<\/div>\n<div class=\"gallery-i\"><img src=\"https:\/\/cdn.oxu.az\/uploads\/W1siZiIsIjIwMjMvMTEvMTEvMTYvMTkvMzkvYWQwZDhhMjMtNjEwZS00NTI3LThlOTktMmU2YjkyZGY2MzE0L2FzdGFuYTUuanBnIl0sWyJwIiwiZW5jb2RlIiwianBnIiwiLXF1YWxpdHkgODAiXSxbInAiLCJ0aHVtYiIsIjU5MHg1OTBcdTAwM2UiXV0?sha=ac5aed95f0bae2ba\" alt=\"\" \/><\/p>\n<div class=\"gallery-i-caption\"><\/div>\n<\/div>\n<div class=\"gallery-i\"><img src=\"https:\/\/cdn.oxu.az\/uploads\/W1siZiIsIjIwMjMvMTEvMTEvMTYvMTkvMzkvNjFmYTk1YWUtYWE5Yi00MmZlLWFmNWYtNmQ3Yjc4MWFjYzcxL2FzdGFuYTQuanBnIl0sWyJwIiwiZW5jb2RlIiwianBnIiwiLXF1YWxpdHkgODAiXSxbInAiLCJ0aHVtYiIsIjU5MHg1OTBcdTAwM2UiXV0?sha=d915c331c7417b8d\" alt=\"\" \/><\/p>\n<div class=\"gallery-i-caption\"><\/div>\n<\/div>\n<div class=\"gallery-i\"><img src=\"https:\/\/cdn.oxu.az\/uploads\/W1siZiIsIjIwMjMvMTEvMTEvMTYvMTkvMzkvNzlhNzQ1ODItZGI2Zi00MjI1LTg4MDQtMmVjM2I2YjhkZTFkL2FzdGFuYTMuanBnIl0sWyJwIiwiZW5jb2RlIiwianBnIiwiLXF1YWxpdHkgODAiXSxbInAiLCJ0aHVtYiIsIjU5MHg1OTBcdTAwM2UiXV0?sha=071625ab9d47f1e5\" alt=\"\" \/><\/div>\n<\/div>\n","protected":false},"excerpt":{"rendered":"<p>Qazax\u0131stan\u0131n paytaxt\u0131 Astanada ya\u015fayan Az\u0259rbaycan icmas\u0131n\u0131n 8 Noyabr &#8211; Z\u0259f\u0259r G\u00fcn\u00fcn\u0259 h\u0259sr olunmu\u015f bayram t\u0259dbiri ke\u00e7irilib. Bu bar\u0259d\u0259 Diasporla \u0130\u015f \u00fczr\u0259 D\u00f6vl\u0259t Komit\u0259si m\u0259lumat yay\u0131b. Bildirilib ki, \u201cX\u0259z\u0259r\u201d Az\u0259rbaycan Etnom\u0259d\u0259ni Birliyinin t\u0259\u015fkilat\u00e7\u0131l\u0131\u011f\u0131 il\u0259 ba\u015f tutan t\u0259dbird\u0259 Az\u0259rbaycan\u0131n Qazax\u0131standak\u0131 s\u0259firliyinin \u0259m\u0259kda\u015flar\u0131, yerli d\u00f6vl\u0259t qurumlar\u0131n\u0131n t\u0259msil\u00e7il\u0259ri, m\u00fcxt\u0259lif icmalar\u0131n r\u0259hb\u0259rl\u0259ri, Qaraba\u011f m\u00fcharib\u0259si qazil\u0259ri v\u0259 soyda\u015flar\u0131m\u0131z i\u015ftirak edibl\u0259r. Az\u0259rbaycan\u0131n D\u00f6vl\u0259t Himninin s\u0259sl\u0259ndirilm\u0259si il\u0259 ba\u015flayan t\u0259dbird\u0259 \u00f6lk\u0259mizin \u0259razi b\u00fct\u00f6vl\u00fcy\u00fc u\u011frunda canlar\u0131ndan ke\u00e7mi\u015f \u015f\u0259hidl\u0259rimizin \u0259ziz xatir\u0259si bir d\u0259qiq\u0259lik s\u00fckutla yad olunub. T\u0259dbir i\u015ftirak\u00e7\u0131lar\u0131n\u0131 salamlayan birlik s\u0259dri Mahir Rzayev \u00fc\u00e7 il \u00f6nc\u0259 Az\u0259rbaycan Prezidenti, M\u00fcz\u0259ff\u0259r Ali Ba\u015f&hellip;<\/p>\n","protected":false},"author":2,"featured_media":655014,"comment_status":"closed","ping_status":"closed","sticky":false,"template":"","format":"standard","meta":{"om_disable_all_campaigns":false,"_monsterinsights_skip_tracking":false,"_monsterinsights_sitenote_active":false,"_monsterinsights_sitenote_note":"","_monsterinsights_sitenote_category":0},"categories":[4],"tags":[],"aioseo_notices":[],"gutentor_comment":0,"rttpg_featured_image_url":{"full":["https:\/\/arantv.az\/wp-content\/uploads\/2023\/11\/astana6.jpg",620,413,false],"landscape":["https:\/\/arantv.az\/wp-content\/uploads\/2023\/11\/astana6.jpg",620,413,false],"portraits":["https:\/\/arantv.az\/wp-content\/uploads\/2023\/11\/astana6.jpg",620,413,false],"thumbnail":["https:\/\/arantv.az\/wp-content\/uploads\/2023\/11\/astana6-500x280.jpg",500,280,true],"medium":["https:\/\/arantv.az\/wp-content\/uploads\/2023\/11\/astana6-548x365.jpg",548,365,true],"large":["https:\/\/arantv.az\/wp-content\/uploads\/2023\/11\/astana6.jpg",620,413,false],"1536x1536":["https:\/\/arantv.az\/wp-content\/uploads\/2023\/11\/astana6.jpg",620,413,false],"2048x2048":["https:\/\/arantv.az\/wp-content\/uploads\/2023\/11\/astana6.jpg",620,413,false],"post-thumbnail":["https:\/\/arantv.az\/wp-content\/uploads\/2023\/11\/astana6-240x172.jpg",240,172,true],"advps-thumb-one":["https:\/\/arantv.az\/wp-content\/uploads\/2023\/11\/astana6.jpg",620,413,false]},"rttpg_author":{"display_name":"V\u00fcsal Rafiqo\u011flu","author_link":"https:\/\/arantv.az\/?author=2"},"rttpg_comment":0,"rttpg_category":"<a href=\"https:\/\/arantv.az\/?cat=4\" rel=\"category\">Siyas\u0259t<\/a>","rttpg_excerpt":"Qazax\u0131stan\u0131n paytaxt\u0131 Astanada ya\u015fayan Az\u0259rbaycan icmas\u0131n\u0131n 8 Noyabr &#8211; Z\u0259f\u0259r G\u00fcn\u00fcn\u0259 h\u0259sr olunmu\u015f bayram t\u0259dbiri ke\u00e7irilib. Bu bar\u0259d\u0259 Diasporla \u0130\u015f \u00fczr\u0259 D\u00f6vl\u0259t Komit\u0259si m\u0259lumat yay\u0131b. Bildirilib ki, \u201cX\u0259z\u0259r\u201d Az\u0259rbaycan Etnom\u0259d\u0259ni Birliyinin t\u0259\u015fkilat\u00e7\u0131l\u0131\u011f\u0131 il\u0259 ba\u015f tutan t\u0259dbird\u0259 Az\u0259rbaycan\u0131n Qazax\u0131standak\u0131 s\u0259firliyinin \u0259m\u0259kda\u015flar\u0131, yerli d\u00f6vl\u0259t qurumlar\u0131n\u0131n t\u0259msil\u00e7il\u0259ri, m\u00fcxt\u0259lif icmalar\u0131n r\u0259hb\u0259rl\u0259ri, Qaraba\u011f m\u00fcharib\u0259si qazil\u0259ri v\u0259 soyda\u015flar\u0131m\u0131z i\u015ftirak edibl\u0259r. Az\u0259rbaycan\u0131n&hellip;","_links":{"self":[{"href":"https:\/\/arantv.az\/index.php?rest_route=\/wp\/v2\/posts\/655009"}],"collection":[{"href":"https:\/\/arantv.az\/index.php?rest_route=\/wp\/v2\/posts"}],"about":[{"href":"https:\/\/arantv.az\/index.php?rest_route=\/wp\/v2\/types\/post"}],"author":[{"embeddable":true,"href":"https:\/\/arantv.az\/index.php?rest_route=\/wp\/v2\/users\/2"}],"replies":[{"embeddable":true,"href":"https:\/\/arantv.az\/index.php?rest_route=%2Fwp%2Fv2%2Fcomments&post=655009"}],"version-history":[{"count":0,"href":"https:\/\/arantv.az\/index.php?rest_route=\/wp\/v2\/posts\/655009\/revisions"}],"wp:featuredmedia":[{"embeddable":true,"href":"https:\/\/arantv.az\/index.php?rest_route=\/wp\/v2\/media\/655014"}],"wp:attachment":[{"href":"https:\/\/arantv.az\/index.php?rest_route=%2Fwp%2Fv2%2Fmedia&parent=655009"}],"wp:term":[{"taxonomy":"category","embeddable":true,"href":"https:\/\/arantv.az\/index.php?rest_route=%2Fwp%2Fv2%2Fcategories&post=655009"},{"taxonomy":"post_tag","embeddable":true,"href":"https:\/\/arantv.az\/index.php?rest_route=%2Fwp%2Fv2%2Ftags&post=655009"}],"curies":[{"name":"wp","href":"https:\/\/api.w.org\/{rel}","templated":true}]}}