{"id":655013,"date":"2023-11-11T16:51:17","date_gmt":"2023-11-11T12:51:17","guid":{"rendered":"https:\/\/arantv.az\/?p=655013"},"modified":"2023-11-11T16:51:17","modified_gmt":"2023-11-11T12:51:17","slug":"iran-prezidenti-uzun-ill%c9%99rd%c9%99n-sonra-ilk-d%c9%99f%c9%99-s%c9%99udiyy%c9%99-%c9%99r%c9%99bistanina-s%c9%99f%c9%99r-edib-video","status":"publish","type":"post","link":"https:\/\/arantv.az\/?p=655013","title":{"rendered":"\u0130ran prezidenti uzun ill\u0259rd\u0259n sonra ilk d\u0259f\u0259 S\u0259udiyy\u0259 \u018fr\u0259bistan\u0131na s\u0259f\u0259r edib &#8211; V\u0130DEO"},"content":{"rendered":"<p>\u0130ran Prezidenti Seyid \u0130brahim R\u0259isi S\u0259udiyy\u0259 \u018fr\u0259bistan\u0131na s\u0259f\u0259r edib.<\/p>\n<p>\u0130ran prezidenti S\u0259udiyy\u0259 \u018fr\u0259bistan\u0131n\u0131n paytaxt\u0131 \u018fr-Riyadda t\u0259\u015fkil olunacaq 8-ci F\u00f6vq\u0259lad\u0259 \u0130slam Zirv\u0259 Toplant\u0131s\u0131nda i\u015ftirak ed\u0259c\u0259k.<\/p>\n<p>Qeyd olunur ki, bu s\u0259f\u0259r \u00f6lk\u0259l\u0259r aras\u0131nda m\u00fcnasib\u0259tl\u0259rin b\u0259rpas\u0131ndan sonra \u0130ran prezidentinin S\u0259udiyy\u0259 \u018fr\u0259bistan\u0131na ilk s\u0259f\u0259ridir.<\/p>\n<p>Xat\u0131rladaq ki, \u018fr-Riyad v\u0259 Tehran aras\u0131nda m\u00fcnasib\u0259tl\u0259r 2015-ci ilin mart\u0131nda S\u0259udiyy\u0259 \u018fr\u0259bistan\u0131n\u0131n ba\u015f\u00e7\u0131l\u0131q etdiyi koalisiyan\u0131n Y\u0259m\u0259nd\u0259 \u201c\u018fnsar Allah\u201d h\u0259r\u0259kat\u0131na (husil\u0259r\u0259) qar\u015f\u0131 h\u0259rbi \u0259m\u0259liyyata ba\u015flamas\u0131 il\u0259 pisl\u0259\u015fib.<\/p>\n<p>2016-c\u0131 ilin yanvar\u0131nda S\u0259udiyy\u0259 \u018fr\u0259bistan\u0131nda din alimi \u015eeyx \u0259n-Nimrin edam edilm\u0259si n\u0259tic\u0259sind\u0259 S\u0259udiyy\u0259 \u018fr\u0259bistan\u0131n\u0131n Tehrandak\u0131 s\u0259firliyin\u0259 v\u0259 onun M\u0259\u015fh\u0259dd\u0259ki konsullu\u011funa h\u00fccum olub. M\u0259hz bu hadis\u0259d\u0259n sonra \u018fr-Riyad Tehranla b\u00fct\u00fcn diplomatik \u0259laq\u0259l\u0259ri k\u0259sib. Yaln\u0131z yeddi ild\u0259n sonra \u00f6lk\u0259l\u0259r aras\u0131nda diplomatik m\u00fcnasib\u0259tl\u0259r b\u0259rpa edilib.<\/p>\n<div><iframe loading=\"lazy\" src=\"https:\/\/baku.tv\/embed\/106568\" width=\"560\" height=\"315\" frameborder=\"0\" allowfullscreen=\"allowfullscreen\" data-mce-fragment=\"1\"><\/iframe><\/div>\n<p>M\u0259nb\u0259: Tasnim<\/p>\n","protected":false},"excerpt":{"rendered":"<p>\u0130ran Prezidenti Seyid \u0130brahim R\u0259isi S\u0259udiyy\u0259 \u018fr\u0259bistan\u0131na s\u0259f\u0259r edib. \u0130ran prezidenti S\u0259udiyy\u0259 \u018fr\u0259bistan\u0131n\u0131n paytaxt\u0131 \u018fr-Riyadda t\u0259\u015fkil olunacaq 8-ci F\u00f6vq\u0259lad\u0259 \u0130slam Zirv\u0259 Toplant\u0131s\u0131nda i\u015ftirak ed\u0259c\u0259k. Qeyd olunur ki, bu s\u0259f\u0259r \u00f6lk\u0259l\u0259r aras\u0131nda m\u00fcnasib\u0259tl\u0259rin b\u0259rpas\u0131ndan sonra \u0130ran prezidentinin S\u0259udiyy\u0259 \u018fr\u0259bistan\u0131na ilk s\u0259f\u0259ridir. Xat\u0131rladaq ki, \u018fr-Riyad v\u0259 Tehran aras\u0131nda m\u00fcnasib\u0259tl\u0259r 2015-ci ilin mart\u0131nda S\u0259udiyy\u0259 \u018fr\u0259bistan\u0131n\u0131n ba\u015f\u00e7\u0131l\u0131q etdiyi koalisiyan\u0131n Y\u0259m\u0259nd\u0259 \u201c\u018fnsar Allah\u201d h\u0259r\u0259kat\u0131na (husil\u0259r\u0259) qar\u015f\u0131 h\u0259rbi \u0259m\u0259liyyata ba\u015flamas\u0131 il\u0259 pisl\u0259\u015fib. 2016-c\u0131 ilin yanvar\u0131nda S\u0259udiyy\u0259 \u018fr\u0259bistan\u0131nda din alimi \u015eeyx \u0259n-Nimrin edam edilm\u0259si n\u0259tic\u0259sind\u0259 S\u0259udiyy\u0259 \u018fr\u0259bistan\u0131n\u0131n Tehrandak\u0131 s\u0259firliyin\u0259 v\u0259 onun M\u0259\u015fh\u0259dd\u0259ki konsullu\u011funa h\u00fccum olub. M\u0259hz bu&hellip;<\/p>\n","protected":false},"author":2,"featured_media":655017,"comment_status":"closed","ping_status":"closed","sticky":false,"template":"","format":"standard","meta":{"om_disable_all_campaigns":false,"_monsterinsights_skip_tracking":false,"_monsterinsights_sitenote_active":false,"_monsterinsights_sitenote_note":"","_monsterinsights_sitenote_category":0},"categories":[7],"tags":[],"aioseo_notices":[],"gutentor_comment":0,"rttpg_featured_image_url":{"full":["https:\/\/arantv.az\/wp-content\/uploads\/2023\/11\/FotoJet-2023-11-11T160118.668.jpg",620,413,false],"landscape":["https:\/\/arantv.az\/wp-content\/uploads\/2023\/11\/FotoJet-2023-11-11T160118.668.jpg",620,413,false],"portraits":["https:\/\/arantv.az\/wp-content\/uploads\/2023\/11\/FotoJet-2023-11-11T160118.668.jpg",620,413,false],"thumbnail":["https:\/\/arantv.az\/wp-content\/uploads\/2023\/11\/FotoJet-2023-11-11T160118.668-500x280.jpg",500,280,true],"medium":["https:\/\/arantv.az\/wp-content\/uploads\/2023\/11\/FotoJet-2023-11-11T160118.668-548x365.jpg",548,365,true],"large":["https:\/\/arantv.az\/wp-content\/uploads\/2023\/11\/FotoJet-2023-11-11T160118.668.jpg",620,413,false],"1536x1536":["https:\/\/arantv.az\/wp-content\/uploads\/2023\/11\/FotoJet-2023-11-11T160118.668.jpg",620,413,false],"2048x2048":["https:\/\/arantv.az\/wp-content\/uploads\/2023\/11\/FotoJet-2023-11-11T160118.668.jpg",620,413,false],"post-thumbnail":["https:\/\/arantv.az\/wp-content\/uploads\/2023\/11\/FotoJet-2023-11-11T160118.668-240x172.jpg",240,172,true],"advps-thumb-one":["https:\/\/arantv.az\/wp-content\/uploads\/2023\/11\/FotoJet-2023-11-11T160118.668.jpg",620,413,false]},"rttpg_author":{"display_name":"V\u00fcsal Rafiqo\u011flu","author_link":"https:\/\/arantv.az\/?author=2"},"rttpg_comment":0,"rttpg_category":"<a href=\"https:\/\/arantv.az\/?cat=7\" rel=\"category\">D\u00fcnya<\/a>","rttpg_excerpt":"\u0130ran Prezidenti Seyid \u0130brahim R\u0259isi S\u0259udiyy\u0259 \u018fr\u0259bistan\u0131na s\u0259f\u0259r edib. \u0130ran prezidenti S\u0259udiyy\u0259 \u018fr\u0259bistan\u0131n\u0131n paytaxt\u0131 \u018fr-Riyadda t\u0259\u015fkil olunacaq 8-ci F\u00f6vq\u0259lad\u0259 \u0130slam Zirv\u0259 Toplant\u0131s\u0131nda i\u015ftirak ed\u0259c\u0259k. Qeyd olunur ki, bu s\u0259f\u0259r \u00f6lk\u0259l\u0259r aras\u0131nda m\u00fcnasib\u0259tl\u0259rin b\u0259rpas\u0131ndan sonra \u0130ran prezidentinin S\u0259udiyy\u0259 \u018fr\u0259bistan\u0131na ilk s\u0259f\u0259ridir. Xat\u0131rladaq ki, \u018fr-Riyad v\u0259 Tehran aras\u0131nda m\u00fcnasib\u0259tl\u0259r 2015-ci ilin mart\u0131nda S\u0259udiyy\u0259 \u018fr\u0259bistan\u0131n\u0131n ba\u015f\u00e7\u0131l\u0131q etdiyi koalisiyan\u0131n&hellip;","_links":{"self":[{"href":"https:\/\/arantv.az\/index.php?rest_route=\/wp\/v2\/posts\/655013"}],"collection":[{"href":"https:\/\/arantv.az\/index.php?rest_route=\/wp\/v2\/posts"}],"about":[{"href":"https:\/\/arantv.az\/index.php?rest_route=\/wp\/v2\/types\/post"}],"author":[{"embeddable":true,"href":"https:\/\/arantv.az\/index.php?rest_route=\/wp\/v2\/users\/2"}],"replies":[{"embeddable":true,"href":"https:\/\/arantv.az\/index.php?rest_route=%2Fwp%2Fv2%2Fcomments&post=655013"}],"version-history":[{"count":0,"href":"https:\/\/arantv.az\/index.php?rest_route=\/wp\/v2\/posts\/655013\/revisions"}],"wp:featuredmedia":[{"embeddable":true,"href":"https:\/\/arantv.az\/index.php?rest_route=\/wp\/v2\/media\/655017"}],"wp:attachment":[{"href":"https:\/\/arantv.az\/index.php?rest_route=%2Fwp%2Fv2%2Fmedia&parent=655013"}],"wp:term":[{"taxonomy":"category","embeddable":true,"href":"https:\/\/arantv.az\/index.php?rest_route=%2Fwp%2Fv2%2Fcategories&post=655013"},{"taxonomy":"post_tag","embeddable":true,"href":"https:\/\/arantv.az\/index.php?rest_route=%2Fwp%2Fv2%2Ftags&post=655013"}],"curies":[{"name":"wp","href":"https:\/\/api.w.org\/{rel}","templated":true}]}}