{"id":655019,"date":"2023-11-11T16:52:37","date_gmt":"2023-11-11T12:52:37","guid":{"rendered":"https:\/\/arantv.az\/?p=655019"},"modified":"2023-11-11T16:52:37","modified_gmt":"2023-11-11T12:52:37","slug":"qarabagdaki-kecmis-xunta-rejiminin-komandiri-yenid%c9%99n-hakim-qarsisina-cixarilacaq","status":"publish","type":"post","link":"https:\/\/arantv.az\/?p=655019","title":{"rendered":"Qaraba\u011fdak\u0131 ke\u00e7mi\u015f xunta rejiminin \u201ckomandiri\u201d yenid\u0259n hakim qar\u015f\u0131s\u0131na \u00e7\u0131xar\u0131lacaq"},"content":{"rendered":"<p>\u00d6z\u00fcn\u00fc Qaraba\u011fdak\u0131 ke\u00e7mi\u015f rejimin \u201cordu r\u0259hb\u0259ri\u201d hesab ed\u0259n C\u0259lal Arutyunyana qar\u015f\u0131 yenid\u0259n cinay\u0259t t\u0259qibi ba\u015flad\u0131l\u0131b.<\/p>\n<p>Bel\u0259 ki, bir ne\u00e7\u0259 g\u00fcn \u0259vv\u0259l m\u0259hk\u0259m\u0259 C\u0259lal Arutyunyana qar\u015f\u0131 cinay\u0259t t\u0259qibini b\u0259ra\u0259t h\u00f6km\u00fc \u0259sas\u0131nda dayand\u0131r\u0131b.<\/p>\n<p>M\u0259hk\u0259m\u0259 hesab edib ki, C.Arutyunyan 7 oktyabr 2020-ci il \u0259ks-h\u00fccum bar\u0259d\u0259 \u0259mr ver\u0259rk\u0259n \u00f6z s\u0259lahiyy\u0259tl\u0259ri \u00e7\u0259r\u00e7iv\u0259sind\u0259 h\u0259r\u0259k\u0259t edib.<\/p>\n<p>M\u0259hk\u0259m\u0259 s\u00f6z\u00fcged\u0259n \u0259m\u0259liyyatlar n\u0259tic\u0259sind\u0259 itkil\u0259rin say\u0131n\u0131n \u00e7ox oldu\u011funu etiraf ets\u0259 d\u0259, q\u0259rar\u0131n z\u0259rur\u0259td\u0259n ir\u0259li g\u0259ldiyini a\u00e7\u0131qlay\u0131b.<\/p>\n<p>Lakin maraql\u0131d\u0131r ki, b\u0259ra\u0259t h\u00f6km\u00fcnd\u0259n q\u0131sa m\u00fcdd\u0259t sonra C\u0259lal Arutyunyana qar\u015f\u0131 yeni cinay\u0259t i\u015fi a\u00e7\u0131l\u0131b.<\/p>\n<p>Bu bar\u0259d\u0259 onun v\u0259kili m\u0259lumat yay\u0131b.<\/p>\n<p>V\u0259kil vur\u011fulay\u0131b ki, yeni h\u00fcquqi t\u0259qib mahiyy\u0259t\u00a0etibaril\u0259 \u0259vv\u0259lkini t\u0259krarlayan yeni cinay\u0259t i\u015fidir.<\/p>\n<p>M\u0259nb\u0259: Panorama.am<\/p>\n","protected":false},"excerpt":{"rendered":"<p>\u00d6z\u00fcn\u00fc Qaraba\u011fdak\u0131 ke\u00e7mi\u015f rejimin \u201cordu r\u0259hb\u0259ri\u201d hesab ed\u0259n C\u0259lal Arutyunyana qar\u015f\u0131 yenid\u0259n cinay\u0259t t\u0259qibi ba\u015flad\u0131l\u0131b. Bel\u0259 ki, bir ne\u00e7\u0259 g\u00fcn \u0259vv\u0259l m\u0259hk\u0259m\u0259 C\u0259lal Arutyunyana qar\u015f\u0131 cinay\u0259t t\u0259qibini b\u0259ra\u0259t h\u00f6km\u00fc \u0259sas\u0131nda dayand\u0131r\u0131b. M\u0259hk\u0259m\u0259 hesab edib ki, C.Arutyunyan 7 oktyabr 2020-ci il \u0259ks-h\u00fccum bar\u0259d\u0259 \u0259mr ver\u0259rk\u0259n \u00f6z s\u0259lahiyy\u0259tl\u0259ri \u00e7\u0259r\u00e7iv\u0259sind\u0259 h\u0259r\u0259k\u0259t edib. M\u0259hk\u0259m\u0259 s\u00f6z\u00fcged\u0259n \u0259m\u0259liyyatlar n\u0259tic\u0259sind\u0259 itkil\u0259rin say\u0131n\u0131n \u00e7ox oldu\u011funu etiraf ets\u0259 d\u0259, q\u0259rar\u0131n z\u0259rur\u0259td\u0259n ir\u0259li g\u0259ldiyini a\u00e7\u0131qlay\u0131b. Lakin maraql\u0131d\u0131r ki, b\u0259ra\u0259t h\u00f6km\u00fcnd\u0259n q\u0131sa m\u00fcdd\u0259t sonra C\u0259lal Arutyunyana qar\u015f\u0131 yeni cinay\u0259t i\u015fi a\u00e7\u0131l\u0131b. Bu bar\u0259d\u0259 onun v\u0259kili m\u0259lumat yay\u0131b. V\u0259kil vur\u011fulay\u0131b ki, yeni&hellip;<\/p>\n","protected":false},"author":2,"featured_media":655023,"comment_status":"closed","ping_status":"closed","sticky":false,"template":"","format":"standard","meta":{"om_disable_all_campaigns":false,"_monsterinsights_skip_tracking":false,"_monsterinsights_sitenote_active":false,"_monsterinsights_sitenote_note":"","_monsterinsights_sitenote_category":0},"categories":[7],"tags":[],"aioseo_notices":[],"gutentor_comment":0,"rttpg_featured_image_url":{"full":["https:\/\/arantv.az\/wp-content\/uploads\/2023\/11\/FotoJet-2023-11-11T153640.636.jpg",620,413,false],"landscape":["https:\/\/arantv.az\/wp-content\/uploads\/2023\/11\/FotoJet-2023-11-11T153640.636.jpg",620,413,false],"portraits":["https:\/\/arantv.az\/wp-content\/uploads\/2023\/11\/FotoJet-2023-11-11T153640.636.jpg",620,413,false],"thumbnail":["https:\/\/arantv.az\/wp-content\/uploads\/2023\/11\/FotoJet-2023-11-11T153640.636-500x280.jpg",500,280,true],"medium":["https:\/\/arantv.az\/wp-content\/uploads\/2023\/11\/FotoJet-2023-11-11T153640.636-548x365.jpg",548,365,true],"large":["https:\/\/arantv.az\/wp-content\/uploads\/2023\/11\/FotoJet-2023-11-11T153640.636.jpg",620,413,false],"1536x1536":["https:\/\/arantv.az\/wp-content\/uploads\/2023\/11\/FotoJet-2023-11-11T153640.636.jpg",620,413,false],"2048x2048":["https:\/\/arantv.az\/wp-content\/uploads\/2023\/11\/FotoJet-2023-11-11T153640.636.jpg",620,413,false],"post-thumbnail":["https:\/\/arantv.az\/wp-content\/uploads\/2023\/11\/FotoJet-2023-11-11T153640.636-240x172.jpg",240,172,true],"advps-thumb-one":["https:\/\/arantv.az\/wp-content\/uploads\/2023\/11\/FotoJet-2023-11-11T153640.636.jpg",620,413,false]},"rttpg_author":{"display_name":"V\u00fcsal Rafiqo\u011flu","author_link":"https:\/\/arantv.az\/?author=2"},"rttpg_comment":0,"rttpg_category":"<a href=\"https:\/\/arantv.az\/?cat=7\" rel=\"category\">D\u00fcnya<\/a>","rttpg_excerpt":"\u00d6z\u00fcn\u00fc Qaraba\u011fdak\u0131 ke\u00e7mi\u015f rejimin \u201cordu r\u0259hb\u0259ri\u201d hesab ed\u0259n C\u0259lal Arutyunyana qar\u015f\u0131 yenid\u0259n cinay\u0259t t\u0259qibi ba\u015flad\u0131l\u0131b. Bel\u0259 ki, bir ne\u00e7\u0259 g\u00fcn \u0259vv\u0259l m\u0259hk\u0259m\u0259 C\u0259lal Arutyunyana qar\u015f\u0131 cinay\u0259t t\u0259qibini b\u0259ra\u0259t h\u00f6km\u00fc \u0259sas\u0131nda dayand\u0131r\u0131b. M\u0259hk\u0259m\u0259 hesab edib ki, C.Arutyunyan 7 oktyabr 2020-ci il \u0259ks-h\u00fccum bar\u0259d\u0259 \u0259mr ver\u0259rk\u0259n \u00f6z s\u0259lahiyy\u0259tl\u0259ri \u00e7\u0259r\u00e7iv\u0259sind\u0259 h\u0259r\u0259k\u0259t edib. M\u0259hk\u0259m\u0259 s\u00f6z\u00fcged\u0259n \u0259m\u0259liyyatlar n\u0259tic\u0259sind\u0259 itkil\u0259rin say\u0131n\u0131n&hellip;","_links":{"self":[{"href":"https:\/\/arantv.az\/index.php?rest_route=\/wp\/v2\/posts\/655019"}],"collection":[{"href":"https:\/\/arantv.az\/index.php?rest_route=\/wp\/v2\/posts"}],"about":[{"href":"https:\/\/arantv.az\/index.php?rest_route=\/wp\/v2\/types\/post"}],"author":[{"embeddable":true,"href":"https:\/\/arantv.az\/index.php?rest_route=\/wp\/v2\/users\/2"}],"replies":[{"embeddable":true,"href":"https:\/\/arantv.az\/index.php?rest_route=%2Fwp%2Fv2%2Fcomments&post=655019"}],"version-history":[{"count":0,"href":"https:\/\/arantv.az\/index.php?rest_route=\/wp\/v2\/posts\/655019\/revisions"}],"wp:featuredmedia":[{"embeddable":true,"href":"https:\/\/arantv.az\/index.php?rest_route=\/wp\/v2\/media\/655023"}],"wp:attachment":[{"href":"https:\/\/arantv.az\/index.php?rest_route=%2Fwp%2Fv2%2Fmedia&parent=655019"}],"wp:term":[{"taxonomy":"category","embeddable":true,"href":"https:\/\/arantv.az\/index.php?rest_route=%2Fwp%2Fv2%2Fcategories&post=655019"},{"taxonomy":"post_tag","embeddable":true,"href":"https:\/\/arantv.az\/index.php?rest_route=%2Fwp%2Fv2%2Ftags&post=655019"}],"curies":[{"name":"wp","href":"https:\/\/api.w.org\/{rel}","templated":true}]}}