{"id":655029,"date":"2023-11-11T16:54:15","date_gmt":"2023-11-11T12:54:15","guid":{"rendered":"https:\/\/arantv.az\/?p=655029"},"modified":"2023-11-11T16:54:15","modified_gmt":"2023-11-11T12:54:15","slug":"erm%c9%99nistan-xin-bascisi-fransali-h%c9%99mkari-il%c9%99-regional-m%c9%99s%c9%99l%c9%99l%c9%99ri-muzakir%c9%99-edib","status":"publish","type":"post","link":"https:\/\/arantv.az\/?p=655029","title":{"rendered":"Erm\u0259nistan X\u0130N ba\u015f\u00e7\u0131s\u0131 fransal\u0131 h\u0259mkar\u0131 il\u0259 regional m\u0259s\u0259l\u0259l\u0259ri m\u00fczakir\u0259 edib"},"content":{"rendered":"<p>Erm\u0259nistan\u0131n xarici i\u015fl\u0259r naziri Ararat Mirzoyan Parisd\u0259 ke\u00e7iril\u0259n 6-c\u0131 S\u00fclh Konfrans\u0131 \u00e7\u0259r\u00e7iv\u0259sind\u0259 fransal\u0131 h\u0259mkar\u0131 Ketrin Kolonna il\u0259 g\u00f6r\u00fc\u015f\u00fcb.<\/p>\n<p>Bu bar\u0259d\u0259 erm\u0259ni nazir \u00f6z\u00fcn\u00fcn \u201cX\u201d hesab\u0131nda m\u0259lumat payla\u015f\u0131b.<\/p>\n<p>A.Mirzoyan qeyd edib ki, fransal\u0131 h\u0259mkar\u0131 il\u0259 regional m\u0259s\u0259l\u0259l\u0259ri m\u00fczakir\u0259 edib.<\/p>\n","protected":false},"excerpt":{"rendered":"<p>Erm\u0259nistan\u0131n xarici i\u015fl\u0259r naziri Ararat Mirzoyan Parisd\u0259 ke\u00e7iril\u0259n 6-c\u0131 S\u00fclh Konfrans\u0131 \u00e7\u0259r\u00e7iv\u0259sind\u0259 fransal\u0131 h\u0259mkar\u0131 Ketrin Kolonna il\u0259 g\u00f6r\u00fc\u015f\u00fcb. Bu bar\u0259d\u0259 erm\u0259ni nazir \u00f6z\u00fcn\u00fcn \u201cX\u201d hesab\u0131nda m\u0259lumat payla\u015f\u0131b. A.Mirzoyan qeyd edib ki, fransal\u0131 h\u0259mkar\u0131 il\u0259 regional m\u0259s\u0259l\u0259l\u0259ri m\u00fczakir\u0259 edib.<\/p>\n","protected":false},"author":2,"featured_media":655033,"comment_status":"closed","ping_status":"closed","sticky":false,"template":"","format":"standard","meta":{"om_disable_all_campaigns":false,"_monsterinsights_skip_tracking":false,"_monsterinsights_sitenote_active":false,"_monsterinsights_sitenote_note":"","_monsterinsights_sitenote_category":0},"categories":[7],"tags":[],"aioseo_notices":[],"gutentor_comment":0,"rttpg_featured_image_url":{"full":["https:\/\/arantv.az\/wp-content\/uploads\/2023\/11\/FotoJet-2023-11-11T125547.138.jpg",620,413,false],"landscape":["https:\/\/arantv.az\/wp-content\/uploads\/2023\/11\/FotoJet-2023-11-11T125547.138.jpg",620,413,false],"portraits":["https:\/\/arantv.az\/wp-content\/uploads\/2023\/11\/FotoJet-2023-11-11T125547.138.jpg",620,413,false],"thumbnail":["https:\/\/arantv.az\/wp-content\/uploads\/2023\/11\/FotoJet-2023-11-11T125547.138-500x280.jpg",500,280,true],"medium":["https:\/\/arantv.az\/wp-content\/uploads\/2023\/11\/FotoJet-2023-11-11T125547.138-548x365.jpg",548,365,true],"large":["https:\/\/arantv.az\/wp-content\/uploads\/2023\/11\/FotoJet-2023-11-11T125547.138.jpg",620,413,false],"1536x1536":["https:\/\/arantv.az\/wp-content\/uploads\/2023\/11\/FotoJet-2023-11-11T125547.138.jpg",620,413,false],"2048x2048":["https:\/\/arantv.az\/wp-content\/uploads\/2023\/11\/FotoJet-2023-11-11T125547.138.jpg",620,413,false],"post-thumbnail":["https:\/\/arantv.az\/wp-content\/uploads\/2023\/11\/FotoJet-2023-11-11T125547.138-240x172.jpg",240,172,true],"advps-thumb-one":["https:\/\/arantv.az\/wp-content\/uploads\/2023\/11\/FotoJet-2023-11-11T125547.138.jpg",620,413,false]},"rttpg_author":{"display_name":"V\u00fcsal Rafiqo\u011flu","author_link":"https:\/\/arantv.az\/?author=2"},"rttpg_comment":0,"rttpg_category":"<a href=\"https:\/\/arantv.az\/?cat=7\" rel=\"category\">D\u00fcnya<\/a>","rttpg_excerpt":"Erm\u0259nistan\u0131n xarici i\u015fl\u0259r naziri Ararat Mirzoyan Parisd\u0259 ke\u00e7iril\u0259n 6-c\u0131 S\u00fclh Konfrans\u0131 \u00e7\u0259r\u00e7iv\u0259sind\u0259 fransal\u0131 h\u0259mkar\u0131 Ketrin Kolonna il\u0259 g\u00f6r\u00fc\u015f\u00fcb. Bu bar\u0259d\u0259 erm\u0259ni nazir \u00f6z\u00fcn\u00fcn \u201cX\u201d hesab\u0131nda m\u0259lumat payla\u015f\u0131b. A.Mirzoyan qeyd edib ki, fransal\u0131 h\u0259mkar\u0131 il\u0259 regional m\u0259s\u0259l\u0259l\u0259ri m\u00fczakir\u0259 edib.","_links":{"self":[{"href":"https:\/\/arantv.az\/index.php?rest_route=\/wp\/v2\/posts\/655029"}],"collection":[{"href":"https:\/\/arantv.az\/index.php?rest_route=\/wp\/v2\/posts"}],"about":[{"href":"https:\/\/arantv.az\/index.php?rest_route=\/wp\/v2\/types\/post"}],"author":[{"embeddable":true,"href":"https:\/\/arantv.az\/index.php?rest_route=\/wp\/v2\/users\/2"}],"replies":[{"embeddable":true,"href":"https:\/\/arantv.az\/index.php?rest_route=%2Fwp%2Fv2%2Fcomments&post=655029"}],"version-history":[{"count":0,"href":"https:\/\/arantv.az\/index.php?rest_route=\/wp\/v2\/posts\/655029\/revisions"}],"wp:featuredmedia":[{"embeddable":true,"href":"https:\/\/arantv.az\/index.php?rest_route=\/wp\/v2\/media\/655033"}],"wp:attachment":[{"href":"https:\/\/arantv.az\/index.php?rest_route=%2Fwp%2Fv2%2Fmedia&parent=655029"}],"wp:term":[{"taxonomy":"category","embeddable":true,"href":"https:\/\/arantv.az\/index.php?rest_route=%2Fwp%2Fv2%2Fcategories&post=655029"},{"taxonomy":"post_tag","embeddable":true,"href":"https:\/\/arantv.az\/index.php?rest_route=%2Fwp%2Fv2%2Ftags&post=655029"}],"curies":[{"name":"wp","href":"https:\/\/api.w.org\/{rel}","templated":true}]}}