{"id":655040,"date":"2023-11-11T16:55:57","date_gmt":"2023-11-11T12:55:57","guid":{"rendered":"https:\/\/arantv.az\/?p=655040"},"modified":"2023-11-11T16:55:57","modified_gmt":"2023-11-11T12:55:57","slug":"ilham-%c9%99liyev-gurcustanla-imzalanmis-vacib-s%c9%99n%c9%99di-t%c9%99sdiql%c9%99di","status":"publish","type":"post","link":"https:\/\/arantv.az\/?p=655040","title":{"rendered":"\u0130lham \u018fliyev G\u00fcrc\u00fcstanla imzalanm\u0131\u015f vacib s\u0259n\u0259di t\u0259sdiql\u0259di"},"content":{"rendered":"<p>Prezident\u00a0<strong>\u0130lham \u018fliyev<\/strong>\u00a0\u201cAz\u0259rbaycan Respublikas\u0131 H\u00f6kum\u0259ti il\u0259 G\u00fcrc\u00fcstan H\u00f6kum\u0259ti aras\u0131nda m\u00fcdafi\u0259 sah\u0259sind\u0259 \u0259m\u0259kda\u015fl\u0131q haqq\u0131nda Sazi\u015f\u201din t\u0259sdiq edilm\u0259si bar\u0259d\u0259 Az\u0259rbaycan Respublikas\u0131n\u0131n Qanununu imzalay\u0131b.<\/p>\n<p>Bununla ba\u011fl\u0131\u00a0<a href=\"https:\/\/president.az\/az\/articles\/view\/62158\" target=\"_blank\" rel=\"noopener\"><strong>President.az<\/strong><\/a>\u00a0m\u0259lumat yay\u0131b.<\/p>\n<p>Qeyd ed\u0259k ki, s\u0259n\u0259d 2023-c\u00fc il aprelin 24-d\u0259 Bak\u0131 \u015f\u0259h\u0259rind\u0259 imzalan\u0131b.<\/p>\n","protected":false},"excerpt":{"rendered":"<p>Prezident\u00a0\u0130lham \u018fliyev\u00a0\u201cAz\u0259rbaycan Respublikas\u0131 H\u00f6kum\u0259ti il\u0259 G\u00fcrc\u00fcstan H\u00f6kum\u0259ti aras\u0131nda m\u00fcdafi\u0259 sah\u0259sind\u0259 \u0259m\u0259kda\u015fl\u0131q haqq\u0131nda Sazi\u015f\u201din t\u0259sdiq edilm\u0259si bar\u0259d\u0259 Az\u0259rbaycan Respublikas\u0131n\u0131n Qanununu imzalay\u0131b. Bununla ba\u011fl\u0131\u00a0President.az\u00a0m\u0259lumat yay\u0131b. Qeyd ed\u0259k ki, s\u0259n\u0259d 2023-c\u00fc il aprelin 24-d\u0259 Bak\u0131 \u015f\u0259h\u0259rind\u0259 imzalan\u0131b.<\/p>\n","protected":false},"author":2,"featured_media":655045,"comment_status":"closed","ping_status":"closed","sticky":false,"template":"","format":"standard","meta":{"om_disable_all_campaigns":false,"_monsterinsights_skip_tracking":false,"_monsterinsights_sitenote_active":false,"_monsterinsights_sitenote_note":"","_monsterinsights_sitenote_category":0},"categories":[4],"tags":[],"aioseo_notices":[],"gutentor_comment":0,"rttpg_featured_image_url":{"full":["https:\/\/arantv.az\/wp-content\/uploads\/2023\/11\/16584722392788628721_1000x669.jpg",620,413,false],"landscape":["https:\/\/arantv.az\/wp-content\/uploads\/2023\/11\/16584722392788628721_1000x669.jpg",620,413,false],"portraits":["https:\/\/arantv.az\/wp-content\/uploads\/2023\/11\/16584722392788628721_1000x669.jpg",620,413,false],"thumbnail":["https:\/\/arantv.az\/wp-content\/uploads\/2023\/11\/16584722392788628721_1000x669-500x280.jpg",500,280,true],"medium":["https:\/\/arantv.az\/wp-content\/uploads\/2023\/11\/16584722392788628721_1000x669-548x365.jpg",548,365,true],"large":["https:\/\/arantv.az\/wp-content\/uploads\/2023\/11\/16584722392788628721_1000x669.jpg",620,413,false],"1536x1536":["https:\/\/arantv.az\/wp-content\/uploads\/2023\/11\/16584722392788628721_1000x669.jpg",620,413,false],"2048x2048":["https:\/\/arantv.az\/wp-content\/uploads\/2023\/11\/16584722392788628721_1000x669.jpg",620,413,false],"post-thumbnail":["https:\/\/arantv.az\/wp-content\/uploads\/2023\/11\/16584722392788628721_1000x669-240x172.jpg",240,172,true],"advps-thumb-one":["https:\/\/arantv.az\/wp-content\/uploads\/2023\/11\/16584722392788628721_1000x669.jpg",620,413,false]},"rttpg_author":{"display_name":"V\u00fcsal Rafiqo\u011flu","author_link":"https:\/\/arantv.az\/?author=2"},"rttpg_comment":0,"rttpg_category":"<a href=\"https:\/\/arantv.az\/?cat=4\" rel=\"category\">Siyas\u0259t<\/a>","rttpg_excerpt":"Prezident\u00a0\u0130lham \u018fliyev\u00a0\u201cAz\u0259rbaycan Respublikas\u0131 H\u00f6kum\u0259ti il\u0259 G\u00fcrc\u00fcstan H\u00f6kum\u0259ti aras\u0131nda m\u00fcdafi\u0259 sah\u0259sind\u0259 \u0259m\u0259kda\u015fl\u0131q haqq\u0131nda Sazi\u015f\u201din t\u0259sdiq edilm\u0259si bar\u0259d\u0259 Az\u0259rbaycan Respublikas\u0131n\u0131n Qanununu imzalay\u0131b. Bununla ba\u011fl\u0131\u00a0President.az\u00a0m\u0259lumat yay\u0131b. Qeyd ed\u0259k ki, s\u0259n\u0259d 2023-c\u00fc il aprelin 24-d\u0259 Bak\u0131 \u015f\u0259h\u0259rind\u0259 imzalan\u0131b.","_links":{"self":[{"href":"https:\/\/arantv.az\/index.php?rest_route=\/wp\/v2\/posts\/655040"}],"collection":[{"href":"https:\/\/arantv.az\/index.php?rest_route=\/wp\/v2\/posts"}],"about":[{"href":"https:\/\/arantv.az\/index.php?rest_route=\/wp\/v2\/types\/post"}],"author":[{"embeddable":true,"href":"https:\/\/arantv.az\/index.php?rest_route=\/wp\/v2\/users\/2"}],"replies":[{"embeddable":true,"href":"https:\/\/arantv.az\/index.php?rest_route=%2Fwp%2Fv2%2Fcomments&post=655040"}],"version-history":[{"count":0,"href":"https:\/\/arantv.az\/index.php?rest_route=\/wp\/v2\/posts\/655040\/revisions"}],"wp:featuredmedia":[{"embeddable":true,"href":"https:\/\/arantv.az\/index.php?rest_route=\/wp\/v2\/media\/655045"}],"wp:attachment":[{"href":"https:\/\/arantv.az\/index.php?rest_route=%2Fwp%2Fv2%2Fmedia&parent=655040"}],"wp:term":[{"taxonomy":"category","embeddable":true,"href":"https:\/\/arantv.az\/index.php?rest_route=%2Fwp%2Fv2%2Fcategories&post=655040"},{"taxonomy":"post_tag","embeddable":true,"href":"https:\/\/arantv.az\/index.php?rest_route=%2Fwp%2Fv2%2Ftags&post=655040"}],"curies":[{"name":"wp","href":"https:\/\/api.w.org\/{rel}","templated":true}]}}