{"id":655107,"date":"2023-11-11T20:28:32","date_gmt":"2023-11-11T16:28:32","guid":{"rendered":"https:\/\/arantv.az\/?p=655107"},"modified":"2023-11-11T20:28:32","modified_gmt":"2023-11-11T16:28:32","slug":"avropali-g%c9%99linl%c9%99r","status":"publish","type":"post","link":"https:\/\/arantv.az\/?p=655107","title":{"rendered":"\u201cAvropal\u0131 g\u0259linl\u0259r&#8230;\u201d"},"content":{"rendered":"<p><em><strong>Onlara z\u00fcytutan da var<\/strong><\/em><\/p>\n<p>Fransa xarici i\u015fl\u0259r naziri Ketrin Kolonna oktyabr\u0131n ilk h\u0259ft\u0259sind\u0259 Erm\u0259nistana s\u0259f\u0259r etdikd\u0259n, orada anti-Az\u0259rbaycan b\u0259yanatlar\u0131na g\u00f6r\u0259 laz\u0131mi cavab\u0131 ald\u0131qdan sonra dey\u0259s\u0259n, \u201ctaym-aut\u201d g\u00f6t\u00fcr\u00fcb.O, h\u0259l\u0259lik ortal\u0131qda g\u00f6r\u00fcnm\u00fcr. B\u0259zil\u0259ri deyirl\u0259r ki, Ketrinin \u201cbir at\u0131ml\u0131q bar\u0131t\u0131\u201d varm\u0131\u015f. Amma xan\u0131m Kolonna el\u0259-bel\u0259 sakitc\u0259 getm\u0259yib, estafeti alman \u201cbac\u0131s\u0131na\u201d verib, y\u0259ni, Almaniya xarici i\u015fl\u0259r naziri Annalena Berboka. Berbok da g\u0259lib erm\u0259nil\u0259r\u0259 \u00f6z \u201cborcunu\u201d verib getdi. Amma guya \u00e7al\u0131\u015fd\u0131 ki, Az\u0259rbaycan\u0131n \u0259s\u0259bl\u0259rin\u0259 toxunmas\u0131n.<\/p>\n<p><img src=\"https:\/\/ikisahil.az\/upload\/\/2023\/11\/11\/\/-c8b783b9169971909589397779110598745.jpg\" alt=\"\" \/><\/p>\n<p>N\u0259hay\u0259t, uzun \u00e7abalamalardan sonra Fransa anlama\u011fa ba\u015flay\u0131b ki, Az\u0259rbaycanla zor dili il\u0259 dan\u0131\u015fmaqona he\u00e7 bir divident qazand\u0131rm\u0131r.\u018fksin\u0259, xo\u015fag\u0259lm\u0259z h\u0259r\u0259k\u0259rl\u0259ri il\u0259 \u00f6z \u00f6lk\u0259sini M\u0259rk\u0259zi Asiyadan da\u015f\u0131maq ist\u0259diyi uran\u0131n yegan\u0259 tranzit yolundan da \u00f6z\u00fcn\u00fc m\u0259hrum ed\u0259 bil\u0259r.\u00a0 \u00c7ox g\u00fcman ki, bu s\u0259b\u0259b\u0259 bir q\u0259d\u0259r \u201cp\u0259sl\u0259yib.\u201d Fransa prezidenti Emmanuel Makron erm\u0259nip\u0259r\u0259stliyin\u0259 baxmayaraq h\u0259mfikirl\u0259rinin Az\u0259rbaycana qar\u015f\u0131 sanksiya t\u0259\u015f\u0259bb\u00fcs\u00fcn\u0259 qo\u015fulmad\u0131, anlay\u0131r o halda daha n\u0259l\u0259rl\u0259 qar\u015f\u0131la\u015fa bil\u0259r. El\u0259 Az\u0259rbaycan\u0131n T\u00fcrk D\u00f6vl\u0259tl\u0259ri T\u0259\u015fkilat\u0131nda birl\u0259\u015fdiyi, qarda\u015fl\u0131q and\u0131 i\u00e7diyi d\u00f6vl\u0259tl\u0259r\u0259 s\u0259f\u0259rl\u0259ri zaman\u0131 isti mesajlar verm\u0259siMakronu geri \u00e7\u0259kilm\u0259y\u0259, ehtiyatla davranma\u011fa m\u0259cbur edir. Ona g\u00f6r\u0259 d\u0259 Kolonnaya da \u201cbir m\u00fcdd\u0259t g\u00f6z\u0259 g\u00f6r\u00fcnm\u0259\u201d m\u0259zmunlu \u201c x\u0259b\u0259rdarl\u0131q verilib.<\/p>\n<p><img src=\"https:\/\/ikisahil.az\/upload\/\/2023\/11\/11\/\/-96f0a190169971922323098369910437444.jpg\" alt=\"\" \/><\/p>\n<p>\u201cAvropal\u0131 g\u0259linl\u0259r\u201din daha bir r\u0259fiq\u0259l\u0259ri onlara z\u00fcy tutur. Bu yerd\u0259 Avropa Birliyind\u0259n k\u0259nar \u201c\u00f6gey\u201d bac\u0131, Kanadan\u0131n xarici i\u015fl\u0259r naziri Melani Colini xat\u0131rlamasaq x\u0259trin\u0259 d\u0259y\u0259r. H\u0259min bu Coli xan\u0131m \u00f6t\u0259n ay Erm\u0259nistanda s\u0259f\u0259rind\u0259 erm\u0259nil\u0259ri can\u0131-dild\u0259n m\u00fcdafi\u0259 etdi.<\/p>\n<p>Kanadan\u0131n xarici i\u015fl\u0259r naziri s\u0259rh\u0259d b\u00f6lg\u0259sin\u0259 g\u0259l\u0259r\u0259k binoklla \u0259razil\u0259rimiz\u0259 boylanm\u0131\u015f v\u0259 Az\u0259rbaycan\u0131n \u00fcnvan\u0131na m\u0259suliyy\u0259tsiz b\u0259yanatlar, \u00fcnvan\u0131m\u0131za h\u0259d\u0259l\u0259r s\u0259sl\u0259ndirmi\u015fdi. Artistlik ed\u0259n nazirxan\u0131m Qaraba\u011fdan \u00f6z ist\u0259kl\u0259ri il\u0259 k\u00f6\u00e7\u0259n erm\u0259nil\u0259rl\u0259 g\u00f6r\u00fc\u015f\u00fcb onlar\u0131n hal\u0131na \u201ca\u011flam\u0131\u015fd\u0131\u201d da. Okean\u0131n o tay\u0131 hara, bu tay\u0131 hara? Yax\u015f\u0131 olmazm\u0131 h\u0259r\u0259 \u00f6z \u00f6r\u00fc\u015f\u00fcnd\u0259 g\u0259zsin v\u0259 burnunu aidiyy\u0259ti olmayan yerl\u0259r\u0259 soxmas\u0131n?<\/p>\n","protected":false},"excerpt":{"rendered":"<p>Onlara z\u00fcytutan da var Fransa xarici i\u015fl\u0259r naziri Ketrin Kolonna oktyabr\u0131n ilk h\u0259ft\u0259sind\u0259 Erm\u0259nistana s\u0259f\u0259r etdikd\u0259n, orada anti-Az\u0259rbaycan b\u0259yanatlar\u0131na g\u00f6r\u0259 laz\u0131mi cavab\u0131 ald\u0131qdan sonra dey\u0259s\u0259n, \u201ctaym-aut\u201d g\u00f6t\u00fcr\u00fcb.O, h\u0259l\u0259lik ortal\u0131qda g\u00f6r\u00fcnm\u00fcr. B\u0259zil\u0259ri deyirl\u0259r ki, Ketrinin \u201cbir at\u0131ml\u0131q bar\u0131t\u0131\u201d varm\u0131\u015f. Amma xan\u0131m Kolonna el\u0259-bel\u0259 sakitc\u0259 getm\u0259yib, estafeti alman \u201cbac\u0131s\u0131na\u201d verib, y\u0259ni, Almaniya xarici i\u015fl\u0259r naziri Annalena Berboka. Berbok da g\u0259lib erm\u0259nil\u0259r\u0259 \u00f6z \u201cborcunu\u201d verib getdi. Amma guya \u00e7al\u0131\u015fd\u0131 ki, Az\u0259rbaycan\u0131n \u0259s\u0259bl\u0259rin\u0259 toxunmas\u0131n. N\u0259hay\u0259t, uzun \u00e7abalamalardan sonra Fransa anlama\u011fa ba\u015flay\u0131b ki, Az\u0259rbaycanla zor dili il\u0259 dan\u0131\u015fmaqona he\u00e7 bir divident qazand\u0131rm\u0131r.\u018fksin\u0259, xo\u015fag\u0259lm\u0259z h\u0259r\u0259k\u0259rl\u0259ri il\u0259&hellip;<\/p>\n","protected":false},"author":2,"featured_media":655114,"comment_status":"closed","ping_status":"closed","sticky":false,"template":"","format":"standard","meta":{"om_disable_all_campaigns":false,"_monsterinsights_skip_tracking":false,"_monsterinsights_sitenote_active":false,"_monsterinsights_sitenote_note":"","_monsterinsights_sitenote_category":0},"categories":[4],"tags":[],"aioseo_notices":[],"gutentor_comment":0,"rttpg_featured_image_url":{"full":["https:\/\/arantv.az\/wp-content\/uploads\/2023\/11\/5af12af7169971906870961338210609239.jpg",975,540,false],"landscape":["https:\/\/arantv.az\/wp-content\/uploads\/2023\/11\/5af12af7169971906870961338210609239.jpg",975,540,false],"portraits":["https:\/\/arantv.az\/wp-content\/uploads\/2023\/11\/5af12af7169971906870961338210609239.jpg",975,540,false],"thumbnail":["https:\/\/arantv.az\/wp-content\/uploads\/2023\/11\/5af12af7169971906870961338210609239-500x280.jpg",500,280,true],"medium":["https:\/\/arantv.az\/wp-content\/uploads\/2023\/11\/5af12af7169971906870961338210609239-660x365.jpg",660,365,true],"large":["https:\/\/arantv.az\/wp-content\/uploads\/2023\/11\/5af12af7169971906870961338210609239-840x465.jpg",640,354,true],"1536x1536":["https:\/\/arantv.az\/wp-content\/uploads\/2023\/11\/5af12af7169971906870961338210609239.jpg",975,540,false],"2048x2048":["https:\/\/arantv.az\/wp-content\/uploads\/2023\/11\/5af12af7169971906870961338210609239.jpg",975,540,false],"post-thumbnail":["https:\/\/arantv.az\/wp-content\/uploads\/2023\/11\/5af12af7169971906870961338210609239-240x172.jpg",240,172,true],"advps-thumb-one":["https:\/\/arantv.az\/wp-content\/uploads\/2023\/11\/5af12af7169971906870961338210609239.jpg",975,540,false]},"rttpg_author":{"display_name":"V\u00fcsal Rafiqo\u011flu","author_link":"https:\/\/arantv.az\/?author=2"},"rttpg_comment":0,"rttpg_category":"<a href=\"https:\/\/arantv.az\/?cat=4\" rel=\"category\">Siyas\u0259t<\/a>","rttpg_excerpt":"Onlara z\u00fcytutan da var Fransa xarici i\u015fl\u0259r naziri Ketrin Kolonna oktyabr\u0131n ilk h\u0259ft\u0259sind\u0259 Erm\u0259nistana s\u0259f\u0259r etdikd\u0259n, orada anti-Az\u0259rbaycan b\u0259yanatlar\u0131na g\u00f6r\u0259 laz\u0131mi cavab\u0131 ald\u0131qdan sonra dey\u0259s\u0259n, \u201ctaym-aut\u201d g\u00f6t\u00fcr\u00fcb.O, h\u0259l\u0259lik ortal\u0131qda g\u00f6r\u00fcnm\u00fcr. B\u0259zil\u0259ri deyirl\u0259r ki, Ketrinin \u201cbir at\u0131ml\u0131q bar\u0131t\u0131\u201d varm\u0131\u015f. Amma xan\u0131m Kolonna el\u0259-bel\u0259 sakitc\u0259 getm\u0259yib, estafeti alman \u201cbac\u0131s\u0131na\u201d verib, y\u0259ni, Almaniya xarici i\u015fl\u0259r naziri Annalena Berboka.&hellip;","_links":{"self":[{"href":"https:\/\/arantv.az\/index.php?rest_route=\/wp\/v2\/posts\/655107"}],"collection":[{"href":"https:\/\/arantv.az\/index.php?rest_route=\/wp\/v2\/posts"}],"about":[{"href":"https:\/\/arantv.az\/index.php?rest_route=\/wp\/v2\/types\/post"}],"author":[{"embeddable":true,"href":"https:\/\/arantv.az\/index.php?rest_route=\/wp\/v2\/users\/2"}],"replies":[{"embeddable":true,"href":"https:\/\/arantv.az\/index.php?rest_route=%2Fwp%2Fv2%2Fcomments&post=655107"}],"version-history":[{"count":0,"href":"https:\/\/arantv.az\/index.php?rest_route=\/wp\/v2\/posts\/655107\/revisions"}],"wp:featuredmedia":[{"embeddable":true,"href":"https:\/\/arantv.az\/index.php?rest_route=\/wp\/v2\/media\/655114"}],"wp:attachment":[{"href":"https:\/\/arantv.az\/index.php?rest_route=%2Fwp%2Fv2%2Fmedia&parent=655107"}],"wp:term":[{"taxonomy":"category","embeddable":true,"href":"https:\/\/arantv.az\/index.php?rest_route=%2Fwp%2Fv2%2Fcategories&post=655107"},{"taxonomy":"post_tag","embeddable":true,"href":"https:\/\/arantv.az\/index.php?rest_route=%2Fwp%2Fv2%2Ftags&post=655107"}],"curies":[{"name":"wp","href":"https:\/\/api.w.org\/{rel}","templated":true}]}}