{"id":655110,"date":"2023-11-11T20:28:01","date_gmt":"2023-11-11T16:28:01","guid":{"rendered":"https:\/\/arantv.az\/?p=655110"},"modified":"2023-11-11T20:28:01","modified_gmt":"2023-11-11T16:28:01","slug":"parisin-sulh%c9%99-mane-olma-konfransi-yelisey-sarayinin-riyakar-siyas%c9%99ti","status":"publish","type":"post","link":"https:\/\/arantv.az\/?p=655110","title":{"rendered":"Parisin s\u00fclh\u0259 mane olma konfrans\u0131: Yelisey saray\u0131n\u0131n riyakar siyas\u0259ti"},"content":{"rendered":"<p><em><strong>Erm\u0259nistan ba\u015f naziri Nikol Pa\u015finyan 6-c\u0131 Paris S\u00fclh Konfrans\u0131n\u0131n panel m\u00fczakir\u0259l\u0259rind\u0259 n\u00f6vb\u0259ti d\u0259f\u0259 \u0259sass\u0131z iddialar s\u0259sl\u0259ndirib. Bununla da r\u0259smi \u0130r\u0259van siyasi manipulyasiyalardan v\u0259 t\u0259hrif olunmu\u015f interpretasiyadan \u0259l \u00e7\u0259km\u0259diyini n\u00fcmayi\u015f etdirib.\u00a0<\/strong><\/em><\/p>\n<p>Ad\u0131ndan da g\u00f6r\u00fcnd\u00fcy\u00fc kimi, \u0259slind\u0259 bu, s\u00fclh\u0259 xidm\u0259t ed\u0259n bir t\u0259dbir olmal\u0131 idi. Amma h\u0259min t\u0259dbird\u0259 h\u0259m t\u0259cav\u00fczkar Erm\u0259nistan, h\u0259m d\u0259 \u00f6lk\u0259miz\u0259 qar\u015f\u0131 q\u0259r\u0259zli m\u00f6vqe tutan Fransa r\u0259smil\u0259ri yen\u0259 d\u0259 Az\u0259rbaycan \u0259leyhin\u0259 h\u0259qiq\u0259t\u0259 uy\u011fun olmayan \u0259n\u0259n\u0259vi fikirl\u0259r s\u0259sl\u0259ndiribl\u0259r.<\/p>\n<p>Bel\u0259 ki, ba\u015f nazir Az\u0259rbaycan\u0131n Qaraba\u011f b\u00f6lg\u0259sind\u0259 ya\u015fayan erm\u0259ni sakinl\u0259rin guya &#8220;etnik t\u0259mizl\u0259nm\u0259&#8221;y\u0259 m\u0259ruz qald\u0131\u011f\u0131n\u0131 bildirm\u0259kl\u0259 yana\u015f\u0131, Q\u0259rbi Az\u0259rbaycan \u0130cmas\u0131n\u0131n \u00f6z do\u011fma torpaqlar\u0131na t\u0259hl\u00fck\u0259siz v\u0259 l\u0259yaq\u0259tli \u015f\u0259kild\u0259 qay\u0131tmas\u0131 t\u0259l\u0259binin Erm\u0259nistana qar\u015f\u0131 \u201c\u0259razi iddias\u0131\u201d v\u0259 \u201ct\u0259cav\u00fcz\u0259 haz\u0131rl\u0131q\u201d kimi q\u0259l\u0259m\u0259 verib. N\u0259tic\u0259d\u0259 Fransan\u0131n Suriyadak\u0131 ke\u00e7mi\u015f s\u0259firi Mi\u015fel D\u00fcklos h\u0259min t\u0259dbird\u0259 bu \u201cqorxu\u201dya g\u00f6r\u0259 Erm\u0259nistan\u0131n Fransa t\u0259r\u0259find\u0259n silahland\u0131r\u0131lmas\u0131n\u0131n vacibliyini x\u00fcsusi vur\u011fulay\u0131b. Diqq\u0259t ed\u0259k, ad\u0131 s\u00fclh konfrans\u0131d\u0131r, amma silahlanmadan dan\u0131\u015f\u0131rlar. Bu fakt\u00a0Makronun h\u0259m daxili, h\u0259m xarici siyas\u0259tinin anla\u015f\u0131lmazl\u0131q, ziddiyy\u0259tl\u0259rl\u0259 dolu oldu\u011funu t\u0259sdiql\u0259m\u0259kl\u0259 yana\u015f\u0131, h\u0259m d\u0259 riyakarl\u0131q, Yelisey saray\u0131n\u0131n s\u00fclh\u0259 m\u00fcnasib\u0259tini ifad\u0259 edir.<\/p>\n<p><img src=\"https:\/\/ikisahil.az\/upload\/\/2023\/11\/11\/\/-d1e946f416997182075810858111019123.jpg\" alt=\"\" \/><\/p>\n<p>Halbuki 44 g\u00fcnl\u00fck m\u00fcharib\u0259d\u0259n d\u0259rhal sonra Az\u0259rbaycan Erm\u0259nistana 5 baza prinsipi \u0259sas\u0131nda s\u00fclh t\u0259klif edib. \u00dcst\u0259lik, r\u0259smi Bak\u0131 d\u0259f\u0259rl\u0259rl\u0259 bildirib ki,\u00a0 onun \u00f6zg\u0259 torpaqlar\u0131nda he\u00e7 bir zaman g\u00f6z\u00fc olmay\u0131b v\u0259 indi d\u0259 yoxdur. Bunu Erm\u0259nistan r\u0259smil\u0259ri, el\u0259c\u0259 d\u0259 Q\u0259rb d\u00f6vl\u0259tl\u0259ri,\u00a0 c\u00fcml\u0259d\u0259n Makron Fransas\u0131 da yax\u015f\u0131 bilir. Amma Erm\u0259nistan, el\u0259c\u0259 d\u0259 b\u00f6lg\u0259d\u0259 maraqlar\u0131 olan havadarlar\u0131 is\u0259 m\u00fcxt\u0259lif beyn\u0259lxalq platformalardan istifad\u0259 etm\u0259kl\u0259 \u00f6lk\u0259miz\u0259 qar\u015f\u0131 aqressiv b\u00f6htan xarakterli ritorikan\u0131 davam etdirm\u0259kl\u0259, Az\u0259rbaycan\u0131n t\u0259cav\u00fczkar obraz\u0131n\u0131 formala\u015fd\u0131rma\u011fa \u00e7al\u0131\u015fmaqla s\u00fclh perspektivl\u0259rin\u0259 x\u0259l\u0259l g\u0259tirm\u0259kd\u0259 davam edirl\u0259r.<\/p>\n<p>Sual olunur:\u00a0<em><strong>30 il\u0259 yax\u0131n t\u0259cav\u00fczkar siyas\u0259ti \u0259rzind\u0259 bir milyona q\u0259d\u0259r az\u0259rbaycanl\u0131n\u0131n fundamental h\u00fcquqlar\u0131n\u0131 pozan, onlara qar\u015f\u0131 misli g\u00f6r\u00fcnm\u0259mi\u015f soyq\u0131r\u0131m\u0131 v\u0259 k\u00fctl\u0259vi q\u0131r\u011f\u0131nlar t\u00f6r\u0259tmi\u015f, i\u015f\u011fal d\u00f6vr\u00fcnd\u0259 \u015f\u0259h\u0259r v\u0259 k\u0259ndl\u0259rimizi viran qoymu\u015f, m\u0259scidl\u0259ri donuz fermas\u0131na \u00e7evirmi\u015f\u00a0 Erm\u0259nistan g\u00f6r\u0259s\u0259n hans\u0131 m\u0259n\u0259vi haqla bel\u0259 bir m\u0259s\u0259l\u0259 qald\u0131r\u0131r?<\/strong><\/em><\/p>\n<p>Dig\u0259r t\u0259r\u0259fd\u0259n, Az\u0259rbaycan\u0131n Qaraba\u011f b\u00f6lg\u0259sind\u0259 ya\u015fayan erm\u0259ni sakinl\u0259rin \u015f\u0259xsi q\u0259rarlar\u0131 \u0259sas\u0131nda Erm\u0259nistana k\u00f6\u00e7m\u0259sinin m\u0259cburi yerd\u0259yi\u015fm\u0259 il\u0259 he\u00e7 bir \u0259laq\u0259si olmad\u0131\u011f\u0131 Pa\u015finyana, h\u0259m\u00e7inin onun havadarlar\u0131na da yax\u015f\u0131 m\u0259lumdur.\u00a0 \u00dcst\u0259lik, bu fakt BMT-nin ixtisasla\u015fm\u0131\u015f qurumlar\u0131n\u0131n n\u00fcmay\u0259nd\u0259l\u0259rinin hesabat v\u0259 b\u0259yanatlar\u0131nda da \u00f6z \u0259ksini tap\u0131b? El\u0259 is\u0259 niy\u0259 bu m\u0259s\u0259l\u0259 qabard\u0131l\u0131r, amma Az\u0259rbaycan\u0131n humanistliyind\u0259n bir k\u0259lm\u0259 bel\u0259 dan\u0131\u015f\u0131lm\u0131r? Bel\u0259 olan t\u0259qdird\u0259\u00a0 s\u00fclh ist\u0259y\u0259n t\u0259r\u0259f silahlanmadan, q\u0131c\u0131qland\u0131r\u0131c\u0131 ritorikadan, b\u00f6htandan, riyakarl\u0131qdan\u00a0 istifad\u0259 etm\u0259lidirmi? Niy\u0259 \u00f6z\u00fcn\u00fc guya m\u00fcst\u0259qil \u00f6lk\u0259 hesab ed\u0259n\u00a0Erm\u0259nistan Fransan\u0131n v\u0259 dig\u0259rl\u0259rinin komandas\u0131 il\u0259 oturub-durmal\u0131d\u0131r? Ax\u0131 Prezident \u0130lham \u018fliyev noyabr\u0131n 8-d\u0259 Xank\u0259ndi \u015f\u0259h\u0259rind\u0259 V\u0259t\u0259n m\u00fcharib\u0259sind\u0259 \u0259ld\u0259 edil\u0259n Z\u0259f\u0259rin \u00fc\u00e7\u00fcnc\u00fc ild\u00f6n\u00fcm\u00fcn\u0259 h\u0259sr olunan h\u0259rbi paradda \u00e7\u0131x\u0131\u015f ed\u0259rk\u0259n dedi: \u201c<strong>Erm\u0259nistan r\u0259hb\u0259rliyi \u0259g\u0259r revan\u015fist fikirl\u0259rl\u0259 ya\u015fay\u0131rsa, Erm\u0259nistan\u0131n arxas\u0131nda dayanan manipulyasiyaya \u00f6yr\u0259\u015fmi\u015f \u00f6lk\u0259l\u0259r \u0259g\u0259r yen\u0259 d\u0259 Az\u0259rbaycan \u00fc\u00e7\u00fcn hans\u0131sa m\u0259krli plan qurursa, o, bug\u00fcnk\u00fc parada bir n\u0259z\u0259r yetirsin\u201d.<\/strong>\u00a0Bununla da bildirdi ki,\u00a0 Erm\u0259nistan\u0131n arxas\u0131nda kim dayan\u0131rsa-dayans\u0131n, he\u00e7 n\u0259 \u0259ld\u0259 ed\u0259 bilm\u0259y\u0259c\u0259kl\u0259r. Yeri g\u0259lmi\u015fk\u0259n, Xank\u0259ndid\u0259ki m\u00f6ht\u0259\u015f\u0259m Z\u0259f\u0259r parad\u0131 m\u00fcharib\u0259 arzusunda olanlara, Erm\u0259nistana, el\u0259c\u0259 d\u0259 havadarlar\u0131na tarixi d\u0259rsdir.<\/p>\n<p>B\u0259li, bu g\u00fcn Erm\u0259nistan v\u0259 onun havadarla\u0131 h\u0259r v\u0259chl\u0259 s\u00fclhd\u0259n qa\u00e7ma\u011fa \u00e7al\u0131\u015f\u0131rlar. Bu yerd\u0259 S\u0259m\u0259d Vur\u011funun &#8220;Vaqif&#8221; pyesind\u0259ki &#8220;G\u00fcn\u0259\u015fd\u0259n gizl\u0259n\u0259n yarasalar&#8221; misras\u0131 yada d\u00fc\u015f\u00fcr. Amma bu yarasalar\u0131n canf\u0259\u015fanl\u0131qlar\u0131na baxmayaraq, r\u0259smi Bak\u0131 \u00f6z ist\u0259yin\u0259 nail olacaq. Y\u0259ni, C\u0259nubi Qafqaza yeni reall\u0131qlar yaratm\u0131\u015f Az\u0259rbaycan b\u00f6lg\u0259y\u0259 s\u00fclh b\u0259x\u015f etm\u0259yi d\u0259 bacaracaq.<\/p>\n","protected":false},"excerpt":{"rendered":"<p>Erm\u0259nistan ba\u015f naziri Nikol Pa\u015finyan 6-c\u0131 Paris S\u00fclh Konfrans\u0131n\u0131n panel m\u00fczakir\u0259l\u0259rind\u0259 n\u00f6vb\u0259ti d\u0259f\u0259 \u0259sass\u0131z iddialar s\u0259sl\u0259ndirib. Bununla da r\u0259smi \u0130r\u0259van siyasi manipulyasiyalardan v\u0259 t\u0259hrif olunmu\u015f interpretasiyadan \u0259l \u00e7\u0259km\u0259diyini n\u00fcmayi\u015f etdirib.\u00a0 Ad\u0131ndan da g\u00f6r\u00fcnd\u00fcy\u00fc kimi, \u0259slind\u0259 bu, s\u00fclh\u0259 xidm\u0259t ed\u0259n bir t\u0259dbir olmal\u0131 idi. Amma h\u0259min t\u0259dbird\u0259 h\u0259m t\u0259cav\u00fczkar Erm\u0259nistan, h\u0259m d\u0259 \u00f6lk\u0259miz\u0259 qar\u015f\u0131 q\u0259r\u0259zli m\u00f6vqe tutan Fransa r\u0259smil\u0259ri yen\u0259 d\u0259 Az\u0259rbaycan \u0259leyhin\u0259 h\u0259qiq\u0259t\u0259 uy\u011fun olmayan \u0259n\u0259n\u0259vi fikirl\u0259r s\u0259sl\u0259ndiribl\u0259r. Bel\u0259 ki, ba\u015f nazir Az\u0259rbaycan\u0131n Qaraba\u011f b\u00f6lg\u0259sind\u0259 ya\u015fayan erm\u0259ni sakinl\u0259rin guya &#8220;etnik t\u0259mizl\u0259nm\u0259&#8221;y\u0259 m\u0259ruz qald\u0131\u011f\u0131n\u0131 bildirm\u0259kl\u0259 yana\u015f\u0131, Q\u0259rbi Az\u0259rbaycan \u0130cmas\u0131n\u0131n \u00f6z do\u011fma&hellip;<\/p>\n","protected":false},"author":2,"featured_media":655111,"comment_status":"closed","ping_status":"closed","sticky":false,"template":"","format":"standard","meta":{"om_disable_all_campaigns":false,"_monsterinsights_skip_tracking":false,"_monsterinsights_sitenote_active":false,"_monsterinsights_sitenote_note":"","_monsterinsights_sitenote_category":0},"categories":[4],"tags":[],"aioseo_notices":[],"gutentor_comment":0,"rttpg_featured_image_url":{"full":["https:\/\/arantv.az\/wp-content\/uploads\/2023\/11\/e8a69bf6169971817393258524210973031.jpg",975,540,false],"landscape":["https:\/\/arantv.az\/wp-content\/uploads\/2023\/11\/e8a69bf6169971817393258524210973031.jpg",975,540,false],"portraits":["https:\/\/arantv.az\/wp-content\/uploads\/2023\/11\/e8a69bf6169971817393258524210973031.jpg",975,540,false],"thumbnail":["https:\/\/arantv.az\/wp-content\/uploads\/2023\/11\/e8a69bf6169971817393258524210973031-500x280.jpg",500,280,true],"medium":["https:\/\/arantv.az\/wp-content\/uploads\/2023\/11\/e8a69bf6169971817393258524210973031-660x365.jpg",660,365,true],"large":["https:\/\/arantv.az\/wp-content\/uploads\/2023\/11\/e8a69bf6169971817393258524210973031-840x465.jpg",640,354,true],"1536x1536":["https:\/\/arantv.az\/wp-content\/uploads\/2023\/11\/e8a69bf6169971817393258524210973031.jpg",975,540,false],"2048x2048":["https:\/\/arantv.az\/wp-content\/uploads\/2023\/11\/e8a69bf6169971817393258524210973031.jpg",975,540,false],"post-thumbnail":["https:\/\/arantv.az\/wp-content\/uploads\/2023\/11\/e8a69bf6169971817393258524210973031-240x172.jpg",240,172,true],"advps-thumb-one":["https:\/\/arantv.az\/wp-content\/uploads\/2023\/11\/e8a69bf6169971817393258524210973031.jpg",975,540,false]},"rttpg_author":{"display_name":"V\u00fcsal Rafiqo\u011flu","author_link":"https:\/\/arantv.az\/?author=2"},"rttpg_comment":0,"rttpg_category":"<a href=\"https:\/\/arantv.az\/?cat=4\" rel=\"category\">Siyas\u0259t<\/a>","rttpg_excerpt":"Erm\u0259nistan ba\u015f naziri Nikol Pa\u015finyan 6-c\u0131 Paris S\u00fclh Konfrans\u0131n\u0131n panel m\u00fczakir\u0259l\u0259rind\u0259 n\u00f6vb\u0259ti d\u0259f\u0259 \u0259sass\u0131z iddialar s\u0259sl\u0259ndirib. Bununla da r\u0259smi \u0130r\u0259van siyasi manipulyasiyalardan v\u0259 t\u0259hrif olunmu\u015f interpretasiyadan \u0259l \u00e7\u0259km\u0259diyini n\u00fcmayi\u015f etdirib.\u00a0 Ad\u0131ndan da g\u00f6r\u00fcnd\u00fcy\u00fc kimi, \u0259slind\u0259 bu, s\u00fclh\u0259 xidm\u0259t ed\u0259n bir t\u0259dbir olmal\u0131 idi. Amma h\u0259min t\u0259dbird\u0259 h\u0259m t\u0259cav\u00fczkar Erm\u0259nistan, h\u0259m d\u0259 \u00f6lk\u0259miz\u0259 qar\u015f\u0131 q\u0259r\u0259zli m\u00f6vqe&hellip;","_links":{"self":[{"href":"https:\/\/arantv.az\/index.php?rest_route=\/wp\/v2\/posts\/655110"}],"collection":[{"href":"https:\/\/arantv.az\/index.php?rest_route=\/wp\/v2\/posts"}],"about":[{"href":"https:\/\/arantv.az\/index.php?rest_route=\/wp\/v2\/types\/post"}],"author":[{"embeddable":true,"href":"https:\/\/arantv.az\/index.php?rest_route=\/wp\/v2\/users\/2"}],"replies":[{"embeddable":true,"href":"https:\/\/arantv.az\/index.php?rest_route=%2Fwp%2Fv2%2Fcomments&post=655110"}],"version-history":[{"count":0,"href":"https:\/\/arantv.az\/index.php?rest_route=\/wp\/v2\/posts\/655110\/revisions"}],"wp:featuredmedia":[{"embeddable":true,"href":"https:\/\/arantv.az\/index.php?rest_route=\/wp\/v2\/media\/655111"}],"wp:attachment":[{"href":"https:\/\/arantv.az\/index.php?rest_route=%2Fwp%2Fv2%2Fmedia&parent=655110"}],"wp:term":[{"taxonomy":"category","embeddable":true,"href":"https:\/\/arantv.az\/index.php?rest_route=%2Fwp%2Fv2%2Fcategories&post=655110"},{"taxonomy":"post_tag","embeddable":true,"href":"https:\/\/arantv.az\/index.php?rest_route=%2Fwp%2Fv2%2Ftags&post=655110"}],"curies":[{"name":"wp","href":"https:\/\/api.w.org\/{rel}","templated":true}]}}