{"id":655123,"date":"2023-11-12T09:03:16","date_gmt":"2023-11-12T05:03:16","guid":{"rendered":"https:\/\/arantv.az\/?p=655123"},"modified":"2023-11-12T09:03:16","modified_gmt":"2023-11-12T05:03:16","slug":"s%c9%99rqsunas-aliml%c9%99rin-z%c9%99f%c9%99r-gunu-haqqinda-m%c9%99qal%c9%99l%c9%99ri-iraqin-sadaka-q%c9%99zetind%c9%99-d%c9%99rc-olunub","status":"publish","type":"post","link":"https:\/\/arantv.az\/?p=655123","title":{"rendered":"\u015e\u0259rq\u015f\u00fcnas aliml\u0259rin Z\u0259f\u0259r G\u00fcn\u00fc haqq\u0131nda m\u0259qal\u0259l\u0259ri \u0130raq\u0131n \u201cSadaka\u201d q\u0259zetind\u0259 d\u0259rc olunub"},"content":{"rendered":"<p>AMEA-n\u0131n \u015e\u0259rq\u015f\u00fcnasl\u0131q \u0130nstitutunundan ARANTV.AZ sayt\u0131na veril\u0259n x\u0259b\u0259r\u0259 g\u00f6r\u0259&#8217;<\/p>\n<p>&nbsp;<\/p>\n<p>AMEA-n\u0131n akademik Z.M.B\u00fcnyadov ad\u0131na \u015e\u0259rq\u015f\u00fcnasl\u0131q \u0130nstitutunun \u0259m\u0259kda\u015flar\u0131n\u0131n Z\u0259f\u0259r G\u00fcn\u00fc m\u00fcnasib\u0259ti il\u0259 yazd\u0131qlar\u0131 m\u0259qal\u0259l\u0259r \u0130raq Respublikas\u0131nda n\u0259\u015fr edil\u0259n &#8220;Sadaka&#8221; (Dostluq) q\u0259zetind\u0259 d\u0259rc olunub.<\/p>\n<p>&#8220;Sadaka&#8221; q\u0259zetinin Z\u0259f\u0259r G\u00fcn\u00fcn\u0259 h\u0259sr edilmi\u015f x\u00fcsusi say\u0131nda AMEA-n\u0131n vitse-prezidenti v.i.e., \u015e\u0259rq\u015f\u00fcnasl\u0131q \u0130nstitutunun ba\u015f direktoru akademik G\u00f6vh\u0259r Bax\u015f\u0259liyevan\u0131n &#8220;Z\u0259f\u0259r G\u00fcn\u00fc &#8211; \u0259dal\u0259tin b\u0259rpa edildiyi g\u00fcn&#8221;, \u0130nstitutun icra\u00e7\u0131 direktoru, filologiya \u00fczr\u0259 f\u0259ls\u0259f\u0259 doktoru, dosent Ruh\u0259ngiz C\u00fcm\u015f\u00fcdl\u00fcn\u00fcn &#8220;Q\u0259l\u0259b\u0259 g\u00fcn\u00fc &#8211; \u015fanl\u0131 v\u0259 \u0259z\u0259m\u0259tli tariximiz&#8221;, \u018fr\u0259b filologiyas\u0131 \u015f\u00f6b\u0259sinin m\u00fcdiri, filologiya \u00fczr\u0259 f\u0259ls\u0259f\u0259 doktoru, dosent Xumar \u018fl\u0259kb\u0259rovan\u0131n &#8220;Prezident \u0130lham \u018fliyevin r\u0259hb\u0259rliyi alt\u0131nda Az\u0259rbaycanda uzun ill\u0259r q\u0259l\u0259b\u0259 \u00fc\u00e7\u00fcn m\u0259n\u0259vi s\u0259f\u0259rb\u0259rlik i\u015fl\u0259ri g\u00f6r\u00fclm\u00fc\u015fd\u00fcr&#8221;, Din v\u0259 ictimai fikir \u015f\u00f6b\u0259sinin m\u00fcdiri, \u0130nstitutun G\u0259nc Aliml\u0259r v\u0259 M\u00fct\u0259x\u0259ssisl\u0259r \u015euras\u0131n\u0131n s\u0259dri f\u0259ls\u0259f\u0259 \u00fczr\u0259 f\u0259ls\u0259f\u0259 doktoru Elnur Mustafayevin &#8220;B\u00f6y\u00fck Z\u0259f\u0259r bayram\u0131 &#8211; Az\u0259rbaycan xalq\u0131n\u0131n f\u0259xr v\u0259 q\u00fcrur m\u0259nb\u0259yi&#8221; v\u0259 C\u0259nubi Az\u0259rbaycan \u015f\u00f6b\u0259sinin apar\u0131c\u0131 elmi i\u015f\u00e7isi, dosent S\u00fcbhan Tal\u0131bl\u0131n\u0131n &#8220;8 Noyabr Z\u0259f\u0259r G\u00fcn\u00fc: Az\u0259rbaycan ordusunun v\u0259 xalq\u0131n\u0131n \u015fanl\u0131 q\u0259l\u0259b\u0259si&#8221; adl\u0131 m\u0259qal\u0259l\u0259ri d\u0259rc edilib.<\/p>\n<p>\u015e\u0259rq\u015f\u00fcnasl\u0131q \u0130nstitutunun \u0259m\u0259kda\u015flar\u0131n\u0131n yazd\u0131qlar\u0131 elmi-publisistik xarakterli m\u0259qal\u0259l\u0259rd\u0259 qeyd edilib ki, 1980-ci ill\u0259rin sonlar\u0131nda Erm\u0259nistan\u0131n Qaraba\u011f \u0259razisin\u0259 olan iddialar\u0131 g\u00fccl\u0259nib v\u0259 bu, yerli az\u0259rbaycanl\u0131 \u0259halinin etnik t\u0259mizl\u0259nm\u0259si il\u0259 m\u00fc\u015fayi\u0259t olunub. 1992-ci ilin fevral\u0131nda Az\u0259rbaycan\u0131n Xocal\u0131 \u015f\u0259h\u0259rind\u0259 bir gec\u0259d\u0259 613 dinc sakinin x\u00fcsusi amans\u0131zl\u0131qla q\u0259tl\u0259 yetirildiyi soyq\u0131r\u0131m\u0131 is\u0259 erm\u0259ni q\u0259ddarl\u0131\u011f\u0131n\u0131n kulminasiya n\u00f6qt\u0259si olub.<\/p>\n<p>Bildirilib ki, Prezident \u0130lham \u018fliyev Erm\u0259nistan\u0131n beyn\u0259lxalq normalara zidd olaraq t\u00f6r\u0259tdiyi v\u0259 insanl\u0131q faci\u0259l\u0259rin\u0259, etnik t\u0259mizl\u0259m\u0259 v\u0259 soyq\u0131r\u0131m\u0131na s\u0259b\u0259b olmu\u015f i\u015f\u011fala ikili standartlarla yana\u015fman\u0131n yolverilm\u0259zliyini d\u0259f\u0259l\u0259rl\u0259 beyn\u0259lxalq k\u00fcrs\u00fcl\u0259rd\u0259n \u00e7ox \u0259trafl\u0131 v\u0259 ayd\u0131n b\u0259yan edib.<\/p>\n<p>Son ill\u0259rin hadis\u0259l\u0259ri \u0259trafl\u0131 t\u0259svir edil\u0259n yaz\u0131larda qeyd edilib ki, \u00f6z havadarlar\u0131n\u0131n ma\u015fas\u0131na \u00e7evrilmi\u015f Erm\u0259nistan 2020-ci il iyulun 12-d\u0259 Az\u0259rbaycan\u0131n d\u00f6vl\u0259t s\u0259rh\u0259dini Tovuz istiqam\u0259tind\u0259 pozaraq h\u00fccum edib. D\u00f6rd g\u00fcnl\u00fck d\u00f6y\u00fc\u015fd\u0259 geri oturdulan d\u00fc\u015fm\u0259n d\u0259rs almayaraq sentyabr\u0131n 27-d\u0259 b\u00fct\u00fcn c\u0259bh\u0259 boyu geni\u015f t\u0259xribata ke\u00e7ib. Bu t\u0259xribat h\u0259m d\u00f6vl\u0259timizin ba\u015f\u00e7\u0131s\u0131n\u0131n, h\u0259m d\u0259 xalq\u0131m\u0131z\u0131n s\u0259brini t\u00fck\u0259dib. Sentyabr\u0131n 27-d\u0259n ba\u015flanan V\u0259t\u0259n m\u00fcharib\u0259si M\u00fcz\u0259ff\u0259r Ali Ba\u015f Komandan \u0130lham \u018fliyevin q\u0259tiyy\u0259ti v\u0259 r\u0259\u015fad\u0259tli ordumuzun q\u0259hr\u0259manl\u0131\u011f\u0131 say\u0259sind\u0259 Q\u0259l\u0259b\u0259 il\u0259 ba\u015fa \u00e7at\u0131b. Bel\u0259likl\u0259, qalib ordumuzun v\u0259 r\u0259\u015fad\u0259tli \u0259sg\u0259r v\u0259 zabitl\u0259rimizin \u015f\u00fcca\u0259ti il\u0259 noyabr\u0131n 8-d\u0259 Qaraba\u011f\u0131n tac\u0131 \u015eu\u015fa i\u015f\u011faldan azad edilib v\u0259 \u00fc\u00e7r\u0259ngli bayra\u011f\u0131m\u0131z \u015f\u0259h\u0259rin m\u0259rk\u0259zin\u0259 sanc\u0131l\u0131b.<\/p>\n<p>\u015e\u0259rq\u015f\u00fcnas aliml\u0259r 8 Noyabr \u2013 Z\u0259f\u0259r G\u00fcn\u00fcn\u00fcn 44 g\u00fcnl\u00fck V\u0259t\u0259n m\u00fcharib\u0259sind\u0259 m\u00fcq\u0259dd\u0259s torpaq u\u011frunda can\u0131ndan, qan\u0131ndan ke\u00e7\u0259n igid \u0259sg\u0259r v\u0259 zabitl\u0259rimizin \u015f\u0259hidlik zirv\u0259sin\u0259 ucald\u0131\u011f\u0131, milli q\u00fcrurumuzun, yenilm\u0259zliyimizin n\u00fcmayi\u015f etdirildiyi g\u00fcn olmas\u0131n\u0131, Az\u0259rbaycan d\u00f6vl\u0259t\u00e7ilik tarixind\u0259 v\u0259 xalq\u0131m\u0131z\u0131n yadda\u015f\u0131nda \u0259b\u0259di ya\u015fayacaq Z\u0259f\u0259r G\u00fcn\u00fcn\u00fcn \u00fcmumxalq birliyinin t\u0259zah\u00fcr\u00fc oldu\u011funu vur\u011fulay\u0131blar.<\/p>\n<p><img loading=\"lazy\" class=\"alignnone size-medium wp-image-655124\" src=\"https:\/\/arantv.az\/wp-content\/uploads\/2023\/11\/IMG-20231112-WA0001-223x365.jpg\" alt=\"\" width=\"223\" height=\"365\" \/> <img loading=\"lazy\" class=\"alignnone size-medium wp-image-655125\" src=\"https:\/\/arantv.az\/wp-content\/uploads\/2023\/11\/IMG-20231112-WA0002-227x365.jpg\" alt=\"\" width=\"227\" height=\"365\" \/><\/p>\n<p>&nbsp;<\/p>\n<p>&nbsp;<\/p>\n<p>&nbsp;<\/p>\n","protected":false},"excerpt":{"rendered":"<p>AMEA-n\u0131n \u015e\u0259rq\u015f\u00fcnasl\u0131q \u0130nstitutunundan ARANTV.AZ sayt\u0131na veril\u0259n x\u0259b\u0259r\u0259 g\u00f6r\u0259&#8217; &nbsp; AMEA-n\u0131n akademik Z.M.B\u00fcnyadov ad\u0131na \u015e\u0259rq\u015f\u00fcnasl\u0131q \u0130nstitutunun \u0259m\u0259kda\u015flar\u0131n\u0131n Z\u0259f\u0259r G\u00fcn\u00fc m\u00fcnasib\u0259ti il\u0259 yazd\u0131qlar\u0131 m\u0259qal\u0259l\u0259r \u0130raq Respublikas\u0131nda n\u0259\u015fr edil\u0259n &#8220;Sadaka&#8221; (Dostluq) q\u0259zetind\u0259 d\u0259rc olunub. &#8220;Sadaka&#8221; q\u0259zetinin Z\u0259f\u0259r G\u00fcn\u00fcn\u0259 h\u0259sr edilmi\u015f x\u00fcsusi say\u0131nda AMEA-n\u0131n vitse-prezidenti v.i.e., \u015e\u0259rq\u015f\u00fcnasl\u0131q \u0130nstitutunun ba\u015f direktoru akademik G\u00f6vh\u0259r Bax\u015f\u0259liyevan\u0131n &#8220;Z\u0259f\u0259r G\u00fcn\u00fc &#8211; \u0259dal\u0259tin b\u0259rpa edildiyi g\u00fcn&#8221;, \u0130nstitutun icra\u00e7\u0131 direktoru, filologiya \u00fczr\u0259 f\u0259ls\u0259f\u0259 doktoru, dosent Ruh\u0259ngiz C\u00fcm\u015f\u00fcdl\u00fcn\u00fcn &#8220;Q\u0259l\u0259b\u0259 g\u00fcn\u00fc &#8211; \u015fanl\u0131 v\u0259 \u0259z\u0259m\u0259tli tariximiz&#8221;, \u018fr\u0259b filologiyas\u0131 \u015f\u00f6b\u0259sinin m\u00fcdiri, filologiya \u00fczr\u0259 f\u0259ls\u0259f\u0259 doktoru, dosent Xumar \u018fl\u0259kb\u0259rovan\u0131n &#8220;Prezident \u0130lham \u018fliyevin r\u0259hb\u0259rliyi alt\u0131nda Az\u0259rbaycanda&hellip;<\/p>\n","protected":false},"author":2,"featured_media":655124,"comment_status":"closed","ping_status":"closed","sticky":false,"template":"","format":"standard","meta":{"om_disable_all_campaigns":false,"_monsterinsights_skip_tracking":false,"_monsterinsights_sitenote_active":false,"_monsterinsights_sitenote_note":"","_monsterinsights_sitenote_category":0},"categories":[19],"tags":[],"aioseo_notices":[],"gutentor_comment":0,"rttpg_featured_image_url":{"full":["https:\/\/arantv.az\/wp-content\/uploads\/2023\/11\/IMG-20231112-WA0001.jpg",733,1200,false],"landscape":["https:\/\/arantv.az\/wp-content\/uploads\/2023\/11\/IMG-20231112-WA0001.jpg",733,1200,false],"portraits":["https:\/\/arantv.az\/wp-content\/uploads\/2023\/11\/IMG-20231112-WA0001.jpg",733,1200,false],"thumbnail":["https:\/\/arantv.az\/wp-content\/uploads\/2023\/11\/IMG-20231112-WA0001-500x280.jpg",500,280,true],"medium":["https:\/\/arantv.az\/wp-content\/uploads\/2023\/11\/IMG-20231112-WA0001-223x365.jpg",223,365,true],"large":["https:\/\/arantv.az\/wp-content\/uploads\/2023\/11\/IMG-20231112-WA0001-513x840.jpg",513,840,true],"1536x1536":["https:\/\/arantv.az\/wp-content\/uploads\/2023\/11\/IMG-20231112-WA0001.jpg",733,1200,false],"2048x2048":["https:\/\/arantv.az\/wp-content\/uploads\/2023\/11\/IMG-20231112-WA0001.jpg",733,1200,false],"post-thumbnail":["https:\/\/arantv.az\/wp-content\/uploads\/2023\/11\/IMG-20231112-WA0001-240x172.jpg",240,172,true],"advps-thumb-one":["https:\/\/arantv.az\/wp-content\/uploads\/2023\/11\/IMG-20231112-WA0001-733x620.jpg",733,620,true]},"rttpg_author":{"display_name":"V\u00fcsal Rafiqo\u011flu","author_link":"https:\/\/arantv.az\/?author=2"},"rttpg_comment":0,"rttpg_category":"<a href=\"https:\/\/arantv.az\/?cat=19\" rel=\"category\">G\u00fcnd\u0259m<\/a>","rttpg_excerpt":"AMEA-n\u0131n \u015e\u0259rq\u015f\u00fcnasl\u0131q \u0130nstitutunundan ARANTV.AZ sayt\u0131na veril\u0259n x\u0259b\u0259r\u0259 g\u00f6r\u0259&#8217; &nbsp; AMEA-n\u0131n akademik Z.M.B\u00fcnyadov ad\u0131na \u015e\u0259rq\u015f\u00fcnasl\u0131q \u0130nstitutunun \u0259m\u0259kda\u015flar\u0131n\u0131n Z\u0259f\u0259r G\u00fcn\u00fc m\u00fcnasib\u0259ti il\u0259 yazd\u0131qlar\u0131 m\u0259qal\u0259l\u0259r \u0130raq Respublikas\u0131nda n\u0259\u015fr edil\u0259n &#8220;Sadaka&#8221; (Dostluq) q\u0259zetind\u0259 d\u0259rc olunub. &#8220;Sadaka&#8221; q\u0259zetinin Z\u0259f\u0259r G\u00fcn\u00fcn\u0259 h\u0259sr edilmi\u015f x\u00fcsusi say\u0131nda AMEA-n\u0131n vitse-prezidenti v.i.e., \u015e\u0259rq\u015f\u00fcnasl\u0131q \u0130nstitutunun ba\u015f direktoru akademik G\u00f6vh\u0259r Bax\u015f\u0259liyevan\u0131n &#8220;Z\u0259f\u0259r G\u00fcn\u00fc &#8211; \u0259dal\u0259tin b\u0259rpa edildiyi&hellip;","_links":{"self":[{"href":"https:\/\/arantv.az\/index.php?rest_route=\/wp\/v2\/posts\/655123"}],"collection":[{"href":"https:\/\/arantv.az\/index.php?rest_route=\/wp\/v2\/posts"}],"about":[{"href":"https:\/\/arantv.az\/index.php?rest_route=\/wp\/v2\/types\/post"}],"author":[{"embeddable":true,"href":"https:\/\/arantv.az\/index.php?rest_route=\/wp\/v2\/users\/2"}],"replies":[{"embeddable":true,"href":"https:\/\/arantv.az\/index.php?rest_route=%2Fwp%2Fv2%2Fcomments&post=655123"}],"version-history":[{"count":0,"href":"https:\/\/arantv.az\/index.php?rest_route=\/wp\/v2\/posts\/655123\/revisions"}],"wp:featuredmedia":[{"embeddable":true,"href":"https:\/\/arantv.az\/index.php?rest_route=\/wp\/v2\/media\/655124"}],"wp:attachment":[{"href":"https:\/\/arantv.az\/index.php?rest_route=%2Fwp%2Fv2%2Fmedia&parent=655123"}],"wp:term":[{"taxonomy":"category","embeddable":true,"href":"https:\/\/arantv.az\/index.php?rest_route=%2Fwp%2Fv2%2Fcategories&post=655123"},{"taxonomy":"post_tag","embeddable":true,"href":"https:\/\/arantv.az\/index.php?rest_route=%2Fwp%2Fv2%2Ftags&post=655123"}],"curies":[{"name":"wp","href":"https:\/\/api.w.org\/{rel}","templated":true}]}}