{"id":655157,"date":"2023-11-12T09:41:08","date_gmt":"2023-11-12T05:41:08","guid":{"rendered":"https:\/\/arantv.az\/?p=655157"},"modified":"2023-11-12T09:41:08","modified_gmt":"2023-11-12T05:41:08","slug":"erm%c9%99nistanda-oturub-qarabag-erm%c9%99nil%c9%99rin%c9%99-can-yandiran-iran-s%c9%99firi-s%c9%99rh","status":"publish","type":"post","link":"https:\/\/arantv.az\/?p=655157","title":{"rendered":"Erm\u0259nistanda oturub Qaraba\u011f erm\u0259nil\u0259rin\u0259 \u201ccan yand\u0131ran\u201d \u0130ran s\u0259firi &#8211; \u015e\u018fRH"},"content":{"rendered":"<p>Diplomatiyada s\u0259fir \u00f6lk\u0259l\u0259r aras\u0131nda m\u00fcnasib\u0259tl\u0259rin normalla\u015fmas\u0131na, s\u00fclh\u0259 xidm\u0259t ed\u0259n \u015f\u0259xs hesab olunur v\u0259 bu bax\u0131mdan pe\u015f\u0259l\u0259rinin humanistliyi il\u0259 f\u0259rql\u0259nirl\u0259r. \u0130ran\u0131n Erm\u0259nistandak\u0131 s\u0259firi Mehdi S\u00fcbhani is\u0259 \u00f6z pe\u015f\u0259sin\u0259 x\u0259yan\u0259t ed\u0259r\u0259k \u00fc\u00e7\u00fcnc\u00fc d\u00f6vl\u0259tin qanuni \u0259razisi bar\u0259d\u0259 reall\u0131qdan k\u0259nar b\u0259yanatlar verir.<\/p>\n<p>\u201cReport\u201dun m\u0259lumat\u0131na g\u00f6r\u0259, M.S\u00fcbhani erm\u0259ni jurnalistin \u201cAz\u0259rbaycan\u0131n Qaraba\u011f b\u00f6lg\u0259sinin sakinl\u0259rinin h\u00fcquqlar\u0131n\u0131n m\u00fcdafi\u0259si il\u0259 ba\u011fl\u0131 \u0130ran \u0130slam Respublikas\u0131n\u0131n r\u0259smi m\u00f6vqeyi n\u0259dir?\u201d\u00a0sual\u0131na cavab\u0131 a\u00e7\u0131q-a\u015fkar dig\u0259r bir d\u00f6vl\u0259tin \u0259razi b\u00fct\u00f6vl\u00fcy\u00fc v\u0259 suverenliyin\u0259 m\u00fcdaxil\u0259 kimi qiym\u0259tl\u0259ndirilir.<\/p>\n<p>S\u00fcbhaninin dedikl\u0259rin\u0259 n\u0259z\u0259r salaq:<\/p>\n<p>\u201cQaraba\u011f \u0259halisinin v\u0259 h\u0259r bir sakinin h\u00fcquqlar\u0131 t\u0259min edilm\u0259lidir. Onlar\u0131n \u00f6z m\u00fcq\u0259dd\u0259rat\u0131n\u0131 t\u0259yinetm\u0259 h\u00fcququna h\u00f6rm\u0259tl\u0259 yana\u015f\u0131lmal\u0131d\u0131r. Bu, bir reall\u0131qd\u0131r ki, he\u00e7 kim, o c\u00fcml\u0259d\u0259n Az\u0259rbaycan d\u00f6vl\u0259ti bu h\u00fcququ tapdalaya\u00a0bilm\u0259z. Ba\u015fqalar\u0131n\u0131 (Qaraba\u011f erm\u0259nil\u0259rini) \u00f6z v\u0259t\u0259nda\u015flar\u0131 hesab ed\u0259n bir d\u00f6vl\u0259t (Az\u0259rbaycan) el\u0259 bir \u015f\u0259rait yaratmal\u0131d\u0131r ki, onlar \u00f6zl\u0259rini t\u0259hl\u00fck\u0259sizlikd\u0259 hiss etsin v\u0259 \u00f6z \u0259razil\u0259rini, torpaqlar\u0131n\u0131 v\u0259 evl\u0259rini t\u0259rk etm\u0259sinl\u0259r. Biz d\u0259 (\u0130ran) Qaraba\u011f \u0259halisinin qanuni v\u0259 legitim h\u00fcquqlar\u0131n\u0131n t\u0259min edilm\u0259sinin t\u0259r\u0259fdar\u0131y\u0131q\u201d.<\/p>\n<p>Qeyd ed\u0259k ki, \u0130ran Prezidenti Seyid \u0130brahim R\u0259isi Az\u0259rbaycan Prezidenti\u00a0<strong>\u0130lham \u018fliyevl\u0259<\/strong>\u00a0Da\u015fk\u0259ndd\u0259 g\u00f6r\u00fc\u015f\u00fc zaman\u0131 tamamil\u0259 birm\u0259nal\u0131 b\u0259yanat ver\u0259r\u0259k Qaraba\u011f\u0131n uzun ill\u0259r sonra \u0259z\u0259li \u0259razisin\u0259 &#8211; Az\u0259rbaycana qovu\u015fmas\u0131na \u00e7ox sevindikl\u0259rini s\u00f6yl\u0259yib:<\/p>\n<p>\u201cBiz \u00e7ox sevinirik ki, Az\u0259rbaycan \u00f6z \u0259razi b\u00fct\u00f6vl\u00fcy\u00fcn\u00fc b\u0259rpa ed\u0259 bildi. \u00dcmid edirik ki, Qaraba\u011f yenid\u0259n qurulacaq v\u0259 b\u0259rpa olunacaq. Biz bu planda \u0259vv\u0259lki kimi\u00a0Qaraba\u011f\u0131n b\u0259rpas\u0131nda siz\u0259 d\u0259st\u0259k verm\u0259y\u0259, \u00f6z xidm\u0259tl\u0259rimizi, o c\u00fcml\u0259d\u0259n m\u00fch\u0259ndis-texniki sah\u0259d\u0259, t\u0259klif etm\u0259y\u0259 haz\u0131r\u0131q\u201d.<\/p>\n<p>Bel\u0259 \u00e7\u0131x\u0131r ki, ya \u0130ran\u0131n Erm\u0259nistandak\u0131 s\u0259firi R\u0259isinin m\u00f6vgeyind\u0259n f\u0259rqli olan bir x\u0259tt apar\u0131r, ya da \u0130ran Az\u0259rbaycana qar\u015f\u0131 ikili standartlardan \u00e7\u0131x\u0131\u015f edir. \u00c7\u00fcnki s\u0259fir \u00f6z \u00e7irkin niyy\u0259tini Erm\u0259nistan\u0131n arxas\u0131nda gizl\u0259tm\u0259kl\u0259 h\u0259yata ke\u00e7irm\u0259y\u0259 c\u0259hd g\u00f6st\u0259rir. O az qala Erm\u0259nistan\u0131n yerin\u0259 dan\u0131\u015f\u0131r.<\/p>\n<p>\u00dcmumiyy\u0259tl\u0259, \u0130ran\u0131n Erm\u0259nistandak\u0131 s\u0259firinin Az\u0259rbaycan torpa\u011f\u0131 olan Qaraba\u011fdan dan\u0131\u015fmas\u0131 ciddi siyasi s\u0259hvdir. Dig\u0259r t\u0259r\u0259fd\u0259n, s\u0259fir unutmas\u0131n ki, \u0130randa 30 milyonluq az\u0259rbaycanl\u0131n\u0131n \u00f6z do\u011fma dilind\u0259 t\u0259hsil almaq h\u00fcququ pozulur.<\/p>\n<p>Ona g\u00f6r\u0259 d\u0259 \u0130ran Xarici \u0130\u015fl\u0259r Nazirliyi \u00f6z \u201cm\u00fcbar\u0259k\u201d diplomat\u0131n\u0131n a\u00e7\u0131qlamas\u0131na ayd\u0131nl\u0131q g\u0259tirm\u0259li, bunun iki \u00f6lk\u0259 aras\u0131nda yenic\u0259 normalla\u015fan m\u00fcnasib\u0259tl\u0259r\u0259 x\u0259l\u0259l g\u0259tirm\u0259sinin qar\u015f\u0131s\u0131n\u0131 almal\u0131d\u0131r.<\/p>\n","protected":false},"excerpt":{"rendered":"<p>Diplomatiyada s\u0259fir \u00f6lk\u0259l\u0259r aras\u0131nda m\u00fcnasib\u0259tl\u0259rin normalla\u015fmas\u0131na, s\u00fclh\u0259 xidm\u0259t ed\u0259n \u015f\u0259xs hesab olunur v\u0259 bu bax\u0131mdan pe\u015f\u0259l\u0259rinin humanistliyi il\u0259 f\u0259rql\u0259nirl\u0259r. \u0130ran\u0131n Erm\u0259nistandak\u0131 s\u0259firi Mehdi S\u00fcbhani is\u0259 \u00f6z pe\u015f\u0259sin\u0259 x\u0259yan\u0259t ed\u0259r\u0259k \u00fc\u00e7\u00fcnc\u00fc d\u00f6vl\u0259tin qanuni \u0259razisi bar\u0259d\u0259 reall\u0131qdan k\u0259nar b\u0259yanatlar verir. \u201cReport\u201dun m\u0259lumat\u0131na g\u00f6r\u0259, M.S\u00fcbhani erm\u0259ni jurnalistin \u201cAz\u0259rbaycan\u0131n Qaraba\u011f b\u00f6lg\u0259sinin sakinl\u0259rinin h\u00fcquqlar\u0131n\u0131n m\u00fcdafi\u0259si il\u0259 ba\u011fl\u0131 \u0130ran \u0130slam Respublikas\u0131n\u0131n r\u0259smi m\u00f6vqeyi n\u0259dir?\u201d\u00a0sual\u0131na cavab\u0131 a\u00e7\u0131q-a\u015fkar dig\u0259r bir d\u00f6vl\u0259tin \u0259razi b\u00fct\u00f6vl\u00fcy\u00fc v\u0259 suverenliyin\u0259 m\u00fcdaxil\u0259 kimi qiym\u0259tl\u0259ndirilir. S\u00fcbhaninin dedikl\u0259rin\u0259 n\u0259z\u0259r salaq: \u201cQaraba\u011f \u0259halisinin v\u0259 h\u0259r bir sakinin h\u00fcquqlar\u0131 t\u0259min edilm\u0259lidir. Onlar\u0131n \u00f6z m\u00fcq\u0259dd\u0259rat\u0131n\u0131 t\u0259yinetm\u0259 h\u00fcququna h\u00f6rm\u0259tl\u0259 yana\u015f\u0131lmal\u0131d\u0131r.&hellip;<\/p>\n","protected":false},"author":2,"featured_media":655158,"comment_status":"closed","ping_status":"closed","sticky":false,"template":"","format":"standard","meta":{"om_disable_all_campaigns":false,"_monsterinsights_skip_tracking":false,"_monsterinsights_sitenote_active":false,"_monsterinsights_sitenote_note":"","_monsterinsights_sitenote_category":0},"categories":[4],"tags":[],"aioseo_notices":[],"gutentor_comment":0,"rttpg_featured_image_url":{"full":["https:\/\/arantv.az\/wp-content\/uploads\/2023\/11\/FotoJet-2-13.jpg",620,413,false],"landscape":["https:\/\/arantv.az\/wp-content\/uploads\/2023\/11\/FotoJet-2-13.jpg",620,413,false],"portraits":["https:\/\/arantv.az\/wp-content\/uploads\/2023\/11\/FotoJet-2-13.jpg",620,413,false],"thumbnail":["https:\/\/arantv.az\/wp-content\/uploads\/2023\/11\/FotoJet-2-13-500x280.jpg",500,280,true],"medium":["https:\/\/arantv.az\/wp-content\/uploads\/2023\/11\/FotoJet-2-13-548x365.jpg",548,365,true],"large":["https:\/\/arantv.az\/wp-content\/uploads\/2023\/11\/FotoJet-2-13.jpg",620,413,false],"1536x1536":["https:\/\/arantv.az\/wp-content\/uploads\/2023\/11\/FotoJet-2-13.jpg",620,413,false],"2048x2048":["https:\/\/arantv.az\/wp-content\/uploads\/2023\/11\/FotoJet-2-13.jpg",620,413,false],"post-thumbnail":["https:\/\/arantv.az\/wp-content\/uploads\/2023\/11\/FotoJet-2-13-240x172.jpg",240,172,true],"advps-thumb-one":["https:\/\/arantv.az\/wp-content\/uploads\/2023\/11\/FotoJet-2-13.jpg",620,413,false]},"rttpg_author":{"display_name":"V\u00fcsal Rafiqo\u011flu","author_link":"https:\/\/arantv.az\/?author=2"},"rttpg_comment":0,"rttpg_category":"<a href=\"https:\/\/arantv.az\/?cat=4\" rel=\"category\">Siyas\u0259t<\/a>","rttpg_excerpt":"Diplomatiyada s\u0259fir \u00f6lk\u0259l\u0259r aras\u0131nda m\u00fcnasib\u0259tl\u0259rin normalla\u015fmas\u0131na, s\u00fclh\u0259 xidm\u0259t ed\u0259n \u015f\u0259xs hesab olunur v\u0259 bu bax\u0131mdan pe\u015f\u0259l\u0259rinin humanistliyi il\u0259 f\u0259rql\u0259nirl\u0259r. \u0130ran\u0131n Erm\u0259nistandak\u0131 s\u0259firi Mehdi S\u00fcbhani is\u0259 \u00f6z pe\u015f\u0259sin\u0259 x\u0259yan\u0259t ed\u0259r\u0259k \u00fc\u00e7\u00fcnc\u00fc d\u00f6vl\u0259tin qanuni \u0259razisi bar\u0259d\u0259 reall\u0131qdan k\u0259nar b\u0259yanatlar verir. \u201cReport\u201dun m\u0259lumat\u0131na g\u00f6r\u0259, M.S\u00fcbhani erm\u0259ni jurnalistin \u201cAz\u0259rbaycan\u0131n Qaraba\u011f b\u00f6lg\u0259sinin sakinl\u0259rinin h\u00fcquqlar\u0131n\u0131n m\u00fcdafi\u0259si il\u0259 ba\u011fl\u0131 \u0130ran \u0130slam Respublikas\u0131n\u0131n&hellip;","_links":{"self":[{"href":"https:\/\/arantv.az\/index.php?rest_route=\/wp\/v2\/posts\/655157"}],"collection":[{"href":"https:\/\/arantv.az\/index.php?rest_route=\/wp\/v2\/posts"}],"about":[{"href":"https:\/\/arantv.az\/index.php?rest_route=\/wp\/v2\/types\/post"}],"author":[{"embeddable":true,"href":"https:\/\/arantv.az\/index.php?rest_route=\/wp\/v2\/users\/2"}],"replies":[{"embeddable":true,"href":"https:\/\/arantv.az\/index.php?rest_route=%2Fwp%2Fv2%2Fcomments&post=655157"}],"version-history":[{"count":0,"href":"https:\/\/arantv.az\/index.php?rest_route=\/wp\/v2\/posts\/655157\/revisions"}],"wp:featuredmedia":[{"embeddable":true,"href":"https:\/\/arantv.az\/index.php?rest_route=\/wp\/v2\/media\/655158"}],"wp:attachment":[{"href":"https:\/\/arantv.az\/index.php?rest_route=%2Fwp%2Fv2%2Fmedia&parent=655157"}],"wp:term":[{"taxonomy":"category","embeddable":true,"href":"https:\/\/arantv.az\/index.php?rest_route=%2Fwp%2Fv2%2Fcategories&post=655157"},{"taxonomy":"post_tag","embeddable":true,"href":"https:\/\/arantv.az\/index.php?rest_route=%2Fwp%2Fv2%2Ftags&post=655157"}],"curies":[{"name":"wp","href":"https:\/\/api.w.org\/{rel}","templated":true}]}}