{"id":655274,"date":"2023-11-12T15:37:24","date_gmt":"2023-11-12T11:37:24","guid":{"rendered":"https:\/\/arantv.az\/?p=655274"},"modified":"2023-11-12T15:37:24","modified_gmt":"2023-11-12T11:37:24","slug":"qazaxistanda-kecmis-nazir-h%c9%99bs-edildi","status":"publish","type":"post","link":"https:\/\/arantv.az\/?p=655274","title":{"rendered":"Qazax\u0131standa ke\u00e7mi\u015f nazir h\u0259bs edildi"},"content":{"rendered":"<p>Astanan\u0131n ixtisasla\u015fd\u0131r\u0131lm\u0131\u015f rayonlararas\u0131 istintaq m\u0259hk\u0259m\u0259si Qazax\u0131stan\u0131n ke\u00e7mi\u015f milli iqtisadiyyat naziri Kuand\u0131q Bi\u015fimbayevin iki ayl\u0131q h\u0259bsin\u0259 q\u0259rar verib.<\/p>\n<p>Bu bar\u0259d\u0259 m\u0259hk\u0259m\u0259nin m\u0259tbuat xidm\u0259tind\u0259n bildirilib.<\/p>\n<p>H\u00fcquq-m\u00fchafiz\u0259 orqanlar\u0131 sabiq nazirin n\u0259d\u0259 \u015f\u00fcbh\u0259li bilindiyi bar\u0259d\u0259 h\u0259l\u0259lik m\u0259lumat verm\u0259yib.<\/p>\n<p>Xat\u0131rladaq ki, noyabr\u0131n 9-da bir ne\u00e7\u0259 Qazax\u0131stan K\u0130V-i eks-nazirin d\u00f6y\u00fcl\u0259r\u0259k d\u00fcnyas\u0131n\u0131 d\u0259yi\u015f\u0259n h\u0259yat yolda\u015f\u0131n\u0131n \u00f6l\u00fcm\u00fc il\u0259 ba\u011fl\u0131 saxlan\u0131lmas\u0131 bar\u0259d\u0259 m\u0259lumat yay\u0131b.<\/p>\n<p>Polisin m\u0259lumat\u0131na g\u00f6r\u0259, Astanada restoranlar\u0131n birind\u0259 ziyar\u0259t\u00e7il\u0259r aras\u0131nda m\u00fcbahis\u0259 ba\u015f verib. N\u0259tic\u0259d\u0259 bir qad\u0131n ald\u0131\u011f\u0131 x\u0259sar\u0259tl\u0259rd\u0259n \u00f6l\u00fcb.<\/p>\n<p>\u0130\u015f \u201cQ\u0259tl\u201d madd\u0259si il\u0259 ara\u015fd\u0131r\u0131l\u0131r, lakin polis bu i\u015fd\u0259 i\u015ftirak ed\u0259nl\u0259rin adlar\u0131n\u0131 a\u00e7\u0131qlam\u0131r.<\/p>\n<p>Qeyd ed\u0259k ki, K.Bi\u015fimbayev 2016-c\u0131 ilin may-dekabr aylar\u0131nda Qazax\u0131stan\u0131n milli iqtisadiyyat naziri v\u0259zif\u0259sind\u0259 \u00e7al\u0131\u015f\u0131b. 2018-ci ilin mart\u0131nda m\u0259hk\u0259m\u0259 K.Bi\u015fimbayevi \u00f6m\u00fcrl\u00fck d\u00f6vl\u0259t qullu\u011funda r\u0259hb\u0259r v\u0259zif\u0259 tutmaq h\u00fcququndan m\u0259hrum edilm\u0259kl\u0259 10 il m\u00fcdd\u0259tin\u0259 azadl\u0131qdan m\u0259hrum edib. O, r\u00fc\u015fv\u0259t almaqda v\u0259 \u0259mlak o\u011furlamaqda t\u0259qsirli bilinib. 2019-cu ilin oktyabr\u0131nda \u00c7imkent \u015f\u0259h\u0259r m\u0259hk\u0259m\u0259si K.Bi\u015fimbayevin \u015f\u0259rti azadl\u0131\u011fa burax\u0131lmas\u0131 bar\u0259d\u0259 q\u0259rar \u00e7\u0131xar\u0131b.<\/p>\n<p>M\u0259nb\u0259: TASS<\/p>\n","protected":false},"excerpt":{"rendered":"<p>Astanan\u0131n ixtisasla\u015fd\u0131r\u0131lm\u0131\u015f rayonlararas\u0131 istintaq m\u0259hk\u0259m\u0259si Qazax\u0131stan\u0131n ke\u00e7mi\u015f milli iqtisadiyyat naziri Kuand\u0131q Bi\u015fimbayevin iki ayl\u0131q h\u0259bsin\u0259 q\u0259rar verib. Bu bar\u0259d\u0259 m\u0259hk\u0259m\u0259nin m\u0259tbuat xidm\u0259tind\u0259n bildirilib. H\u00fcquq-m\u00fchafiz\u0259 orqanlar\u0131 sabiq nazirin n\u0259d\u0259 \u015f\u00fcbh\u0259li bilindiyi bar\u0259d\u0259 h\u0259l\u0259lik m\u0259lumat verm\u0259yib. Xat\u0131rladaq ki, noyabr\u0131n 9-da bir ne\u00e7\u0259 Qazax\u0131stan K\u0130V-i eks-nazirin d\u00f6y\u00fcl\u0259r\u0259k d\u00fcnyas\u0131n\u0131 d\u0259yi\u015f\u0259n h\u0259yat yolda\u015f\u0131n\u0131n \u00f6l\u00fcm\u00fc il\u0259 ba\u011fl\u0131 saxlan\u0131lmas\u0131 bar\u0259d\u0259 m\u0259lumat yay\u0131b. Polisin m\u0259lumat\u0131na g\u00f6r\u0259, Astanada restoranlar\u0131n birind\u0259 ziyar\u0259t\u00e7il\u0259r aras\u0131nda m\u00fcbahis\u0259 ba\u015f verib. N\u0259tic\u0259d\u0259 bir qad\u0131n ald\u0131\u011f\u0131 x\u0259sar\u0259tl\u0259rd\u0259n \u00f6l\u00fcb. \u0130\u015f \u201cQ\u0259tl\u201d madd\u0259si il\u0259 ara\u015fd\u0131r\u0131l\u0131r, lakin polis bu i\u015fd\u0259 i\u015ftirak ed\u0259nl\u0259rin adlar\u0131n\u0131 a\u00e7\u0131qlam\u0131r. Qeyd ed\u0259k ki, K.Bi\u015fimbayev 2016-c\u0131&hellip;<\/p>\n","protected":false},"author":2,"featured_media":655275,"comment_status":"closed","ping_status":"closed","sticky":false,"template":"","format":"standard","meta":{"om_disable_all_campaigns":false,"_monsterinsights_skip_tracking":false,"_monsterinsights_sitenote_active":false,"_monsterinsights_sitenote_note":"","_monsterinsights_sitenote_category":0},"categories":[7],"tags":[],"aioseo_notices":[],"gutentor_comment":0,"rttpg_featured_image_url":{"full":["https:\/\/arantv.az\/wp-content\/uploads\/2023\/11\/1474956948_a.jpg",620,413,false],"landscape":["https:\/\/arantv.az\/wp-content\/uploads\/2023\/11\/1474956948_a.jpg",620,413,false],"portraits":["https:\/\/arantv.az\/wp-content\/uploads\/2023\/11\/1474956948_a.jpg",620,413,false],"thumbnail":["https:\/\/arantv.az\/wp-content\/uploads\/2023\/11\/1474956948_a-500x280.jpg",500,280,true],"medium":["https:\/\/arantv.az\/wp-content\/uploads\/2023\/11\/1474956948_a-548x365.jpg",548,365,true],"large":["https:\/\/arantv.az\/wp-content\/uploads\/2023\/11\/1474956948_a.jpg",620,413,false],"1536x1536":["https:\/\/arantv.az\/wp-content\/uploads\/2023\/11\/1474956948_a.jpg",620,413,false],"2048x2048":["https:\/\/arantv.az\/wp-content\/uploads\/2023\/11\/1474956948_a.jpg",620,413,false],"post-thumbnail":["https:\/\/arantv.az\/wp-content\/uploads\/2023\/11\/1474956948_a-240x172.jpg",240,172,true],"advps-thumb-one":["https:\/\/arantv.az\/wp-content\/uploads\/2023\/11\/1474956948_a.jpg",620,413,false]},"rttpg_author":{"display_name":"V\u00fcsal Rafiqo\u011flu","author_link":"https:\/\/arantv.az\/?author=2"},"rttpg_comment":0,"rttpg_category":"<a href=\"https:\/\/arantv.az\/?cat=7\" rel=\"category\">D\u00fcnya<\/a>","rttpg_excerpt":"Astanan\u0131n ixtisasla\u015fd\u0131r\u0131lm\u0131\u015f rayonlararas\u0131 istintaq m\u0259hk\u0259m\u0259si Qazax\u0131stan\u0131n ke\u00e7mi\u015f milli iqtisadiyyat naziri Kuand\u0131q Bi\u015fimbayevin iki ayl\u0131q h\u0259bsin\u0259 q\u0259rar verib. Bu bar\u0259d\u0259 m\u0259hk\u0259m\u0259nin m\u0259tbuat xidm\u0259tind\u0259n bildirilib. H\u00fcquq-m\u00fchafiz\u0259 orqanlar\u0131 sabiq nazirin n\u0259d\u0259 \u015f\u00fcbh\u0259li bilindiyi bar\u0259d\u0259 h\u0259l\u0259lik m\u0259lumat verm\u0259yib. Xat\u0131rladaq ki, noyabr\u0131n 9-da bir ne\u00e7\u0259 Qazax\u0131stan K\u0130V-i eks-nazirin d\u00f6y\u00fcl\u0259r\u0259k d\u00fcnyas\u0131n\u0131 d\u0259yi\u015f\u0259n h\u0259yat yolda\u015f\u0131n\u0131n \u00f6l\u00fcm\u00fc il\u0259 ba\u011fl\u0131 saxlan\u0131lmas\u0131 bar\u0259d\u0259 m\u0259lumat yay\u0131b.&hellip;","_links":{"self":[{"href":"https:\/\/arantv.az\/index.php?rest_route=\/wp\/v2\/posts\/655274"}],"collection":[{"href":"https:\/\/arantv.az\/index.php?rest_route=\/wp\/v2\/posts"}],"about":[{"href":"https:\/\/arantv.az\/index.php?rest_route=\/wp\/v2\/types\/post"}],"author":[{"embeddable":true,"href":"https:\/\/arantv.az\/index.php?rest_route=\/wp\/v2\/users\/2"}],"replies":[{"embeddable":true,"href":"https:\/\/arantv.az\/index.php?rest_route=%2Fwp%2Fv2%2Fcomments&post=655274"}],"version-history":[{"count":0,"href":"https:\/\/arantv.az\/index.php?rest_route=\/wp\/v2\/posts\/655274\/revisions"}],"wp:featuredmedia":[{"embeddable":true,"href":"https:\/\/arantv.az\/index.php?rest_route=\/wp\/v2\/media\/655275"}],"wp:attachment":[{"href":"https:\/\/arantv.az\/index.php?rest_route=%2Fwp%2Fv2%2Fmedia&parent=655274"}],"wp:term":[{"taxonomy":"category","embeddable":true,"href":"https:\/\/arantv.az\/index.php?rest_route=%2Fwp%2Fv2%2Fcategories&post=655274"},{"taxonomy":"post_tag","embeddable":true,"href":"https:\/\/arantv.az\/index.php?rest_route=%2Fwp%2Fv2%2Ftags&post=655274"}],"curies":[{"name":"wp","href":"https:\/\/api.w.org\/{rel}","templated":true}]}}