{"id":655278,"date":"2023-11-12T15:38:28","date_gmt":"2023-11-12T11:38:28","guid":{"rendered":"https:\/\/arantv.az\/?p=655278"},"modified":"2023-11-12T15:38:28","modified_gmt":"2023-11-12T11:38:28","slug":"konstitusiyamiz-haqqinda-bir-nec%c9%99-soz","status":"publish","type":"post","link":"https:\/\/arantv.az\/?p=655278","title":{"rendered":"Konstitusiyam\u0131z haqq\u0131nda bir ne\u00e7\u0259 s\u00f6z&#8230;"},"content":{"rendered":"<p><strong>M\u00fcasir Az\u0259rbaycan d\u00f6vl\u0259t\u00e7iliyinin t\u0259\u015f\u0259kk\u00fcl v\u0259 inki\u015faf tarixi birm\u0259nal\u0131 \u015f\u0259kild\u0259 \u00dcmummilli Lider Heyd\u0259r \u018fliyevin ad\u0131 il\u0259 ba\u011fl\u0131d\u0131r. 1993-c\u00fc ild\u0259 \u00f6lk\u0259ni v\u0259 xalq\u0131 faktiki olaraq yox olmaqdan xilas ed\u0259n Ulu \u00d6nd\u0259r yaln\u0131z diplomatik gedi\u015fl\u0259ri, m\u00fck\u0259mm\u0259l idar\u0259\u00e7ilik qabiliyy\u0259ti il\u0259 deyil, h\u0259m d\u0259 d\u00f6vl\u0259tin n\u0259z\u0259ri-h\u00fcquqi alt- bazisini yaratmaqla tarixi xidm\u0259t n\u00fcmun\u0259si g\u00f6st\u0259rmi\u015fdir.<\/strong><\/p>\n<p>Bu bax\u0131mdan 1995-ci il noyabr\u0131n 12-d\u0259 \u00fcmumxalq s\u0259sverm\u0259si il\u0259 q\u0259bul edil\u0259n Konstitusiya d\u00f6vl\u0259t\u00e7iliyimiz \u00fc\u00e7\u00fcn \u0259v\u0259zsiz tarixi hadis\u0259 oldu. Xalq\u0131n t\u0259l\u0259bi il\u0259 hakimiyy\u0259t\u0259 g\u0259ldikd\u0259n sonra iqtisadi v\u0259 siyasi sabitlik yaradan Ulu \u00d6nd\u0259r d\u00f6vl\u0259t \u00fc\u00e7\u00fcn \u0259sas qanun olan Konstitusiyam\u0131z\u0131n vacibliyini n\u0259z\u0259r\u0259 alaraq \u0259sas diqq\u0259ti m\u0259hz buna y\u00f6n\u0259ltdi. M\u00fcst\u0259qil Az\u0259rbaycan\u0131n ilk Konstitusiyas\u0131 olan bu s\u0259n\u0259d Ulu \u00d6nd\u0259rin birba\u015fa r\u0259hb\u0259rliyi il\u0259 haz\u0131rlanaraq geni\u015f ictimai m\u00fczakir\u0259y\u0259 \u00e7\u0131xar\u0131landan sonra \u00fcmumxalq s\u0259sverm\u0259si il\u0259 q\u0259bul edildi.<\/p>\n<p>O d\u00f6vr \u00fc\u00e7\u00fcn beyn\u0259lxalq standartlara tam \u015f\u0259kild\u0259 uy\u011funla\u015fd\u0131r\u0131lan Konstitusiya<br \/>\nm\u00fcst\u0259qil d\u00f6vl\u0259timizin idar\u0259\u00e7iliyind\u0259 g\u0259l\u0259c\u0259y\u0259 yol g\u00f6st\u0259r\u0259n mayaka \u00e7evrildi.<br \/>\nSonrak\u0131 ill\u0259rd\u0259 zaman\u0131n t\u0259l\u0259bin\u0259 uy\u011fun olaraq Az\u0259rbaycan Konstitusiyas\u0131na \u0259lav\u0259 v\u0259 d\u0259yi\u015fiklikl\u0259r \u00fcmumxalq s\u0259sverm\u0259si il\u0259 q\u0259bul olundu.<\/p>\n<p>2016-c\u0131 ild\u0259 Prezident \u0130lham \u018fliyevin t\u0259klifl\u0259ri, t\u0259\u015f\u0259bb\u00fcsu il\u0259 \u018fsas Qanununa edil\u0259n \u0259lav\u0259 v\u0259 d\u0259yi\u015fiklikl\u0259r n\u0259tic\u0259sind\u0259 m\u00fcasir d\u00f6vl\u0259t idar\u0259\u00e7ilik prinsipl\u0259rin\u0259 uy\u011fun vitse-prezidentlik institutu yarad\u0131ld\u0131, hakimiyy\u0259tin qollar\u0131 aras\u0131nda s\u0259lahiyy\u0259tl\u0259r tam d\u0259qiql\u0259\u015fdirildi.<br \/>\nM\u0259hz bu Konstitusiya \u0259sas\u0131nda apar\u0131lan iqtisadi v\u0259 siyasi islahatlar\u0131n m\u00fcsb\u0259t n\u0259tic\u0259si son d\u0259yi\u015fiklikl\u0259rin n\u0259 q\u0259d\u0259r d\u0259qiq v\u0259 m\u00fck\u0259mm\u0259l oldu\u011funu bir daha t\u0259sdiql\u0259di.<\/p>\n<p>Bug\u00fcnk\u00fc q\u00fcdr\u0259tli Az\u0259rbaycan \u00dcmummilli Lider Heyd\u0259r \u018fliyevin b\u00f6y\u00fck xidm\u0259tl\u0259ri say\u0259sind\u0259 q\u0259bul edil\u0259n v\u0259 Prezident \u0130lham \u018fliyevin t\u0259\u015f\u0259bb\u00fcs\u00fc il\u0259 t\u0259kmill\u0259\u015fdiril\u0259n Konstitusiyam\u0131z\u0131n hesab\u0131na \u0259ld\u0259 edil\u0259n tarixi u\u011furumuzdur. T\u0259k bu fakt onu s\u00fcbut edir ki, \u00f6lk\u0259mizin ba\u015f\u00e7\u0131s\u0131 praktik f\u0259aliyy\u0259ti il\u0259 deyil, h\u0259m d\u0259 n\u0259z\u0259ri islahatlar\u0131 il\u0259 Az\u0259rbaycan d\u00f6vl\u0259tinin inki\u015faf\u0131na \u0259v\u0259zsiz tarixi t\u00f6hf\u0259l\u0259r vermi\u015fdir.<\/p>\n<p>Az\u0259rbaycan Prezidenti yaln\u0131z m\u00fcasir d\u00fcnya t\u0259l\u0259bl\u0259rin\u0259 uy\u011fun idar\u0259\u00e7ilik sistemi formala\u015fd\u0131ran Konstitusiyan\u0131n t\u0259\u015f\u0259bb\u00fcskar\u0131 deyil, h\u0259m d\u0259 bu Konstitusiyan\u0131 ger\u00e7\u0259k, real h\u00fcquqi akta \u00e7evir\u0259n liderdir.<br \/>\nKonstitusiyam\u0131zda n\u0259z\u0259rd\u0259 tutulan \u0259razi b\u00fct\u00f6vl\u00fcy\u00fc, suverenlik, v\u0259t\u0259nda\u015flar\u0131n t\u0259hl\u00fck\u0259sizliyi m\u00fcdd\u0259as\u0131n\u0131 h\u00fcquqi n\u0259z\u0259riyy\u0259d\u0259n real ger\u00e7\u0259kliy\u0259 \u00e7evir\u0259n m\u0259hz M\u00fcz\u0259ff\u0259r Ali Ba\u015f Komandan \u0130lham \u018fliyev oldu. Prezident \u0130lham \u018fliyev h\u0259r bir v\u0259t\u0259nda\u015f\u0131n t\u0259hl\u00fck\u0259sizliyinin, suverenliyinin v\u0259 Konstitusiyan\u0131n t\u0259k t\u0259minat\u0131d\u0131r.<\/p>\n<p>T\u0259qvimin 12 Noyabr\u0131 Az\u0259rbaycan Respublikas\u0131n\u0131n Konstitusiyas\u0131 G\u00fcn\u00fcd\u00fcr.<br \/>\nKonstitusiyam\u0131z bizim \u00fc\u00e7\u00fcn s\u0131radan bir kitab, qanunlar toplusu deyil, el\u0259c\u0259 d\u0259 and yerimiz, m\u00fcq\u0259dd\u0259slik simvoludur. Biz\u0259 h\u0259m d\u0259 v\u0259t\u0259nda\u015fl\u0131q m\u0259suliyy\u0259ti ver\u0259n Konstitusiyam\u0131z\u0131 qorumaq, ona h\u00f6rm\u0259tl\u0259 yana\u015fmaq, sevm\u0259k \u0259b\u0259di borcumuzdur!<\/p>\n<p><img loading=\"lazy\" src=\"https:\/\/cdn.musavat.com\/news\/video\/NewFolder\/ali-fotolar\/31ba6114a27da21d0613306a4a5acd5d.jpg\" alt=\"31ba6114a27da21d0613306a4a5acd5d.jpg (80 KB)\" width=\"293\" height=\"195\" \/><\/p>\n<p><strong>R\u0259\u015fad Mahmudov,<\/strong><br \/>\n<strong>Milli M\u0259clisin deputat\u0131,<\/strong><br \/>\n<strong>Tibb elml\u0259ri doktoru<\/strong><\/p>\n","protected":false},"excerpt":{"rendered":"<p>M\u00fcasir Az\u0259rbaycan d\u00f6vl\u0259t\u00e7iliyinin t\u0259\u015f\u0259kk\u00fcl v\u0259 inki\u015faf tarixi birm\u0259nal\u0131 \u015f\u0259kild\u0259 \u00dcmummilli Lider Heyd\u0259r \u018fliyevin ad\u0131 il\u0259 ba\u011fl\u0131d\u0131r. 1993-c\u00fc ild\u0259 \u00f6lk\u0259ni v\u0259 xalq\u0131 faktiki olaraq yox olmaqdan xilas ed\u0259n Ulu \u00d6nd\u0259r yaln\u0131z diplomatik gedi\u015fl\u0259ri, m\u00fck\u0259mm\u0259l idar\u0259\u00e7ilik qabiliyy\u0259ti il\u0259 deyil, h\u0259m d\u0259 d\u00f6vl\u0259tin n\u0259z\u0259ri-h\u00fcquqi alt- bazisini yaratmaqla tarixi xidm\u0259t n\u00fcmun\u0259si g\u00f6st\u0259rmi\u015fdir. Bu bax\u0131mdan 1995-ci il noyabr\u0131n 12-d\u0259 \u00fcmumxalq s\u0259sverm\u0259si il\u0259 q\u0259bul edil\u0259n Konstitusiya d\u00f6vl\u0259t\u00e7iliyimiz \u00fc\u00e7\u00fcn \u0259v\u0259zsiz tarixi hadis\u0259 oldu. Xalq\u0131n t\u0259l\u0259bi il\u0259 hakimiyy\u0259t\u0259 g\u0259ldikd\u0259n sonra iqtisadi v\u0259 siyasi sabitlik yaradan Ulu \u00d6nd\u0259r d\u00f6vl\u0259t \u00fc\u00e7\u00fcn \u0259sas qanun olan Konstitusiyam\u0131z\u0131n vacibliyini n\u0259z\u0259r\u0259 alaraq \u0259sas diqq\u0259ti&hellip;<\/p>\n","protected":false},"author":2,"featured_media":655279,"comment_status":"closed","ping_status":"closed","sticky":false,"template":"","format":"standard","meta":{"om_disable_all_campaigns":false,"_monsterinsights_skip_tracking":false,"_monsterinsights_sitenote_active":false,"_monsterinsights_sitenote_note":"","_monsterinsights_sitenote_category":0},"categories":[1],"tags":[],"aioseo_notices":[],"gutentor_comment":0,"rttpg_featured_image_url":{"full":["https:\/\/arantv.az\/wp-content\/uploads\/2023\/11\/7d2a09b6178968712a8e00d0aaa0eed2.jpg",800,500,false],"landscape":["https:\/\/arantv.az\/wp-content\/uploads\/2023\/11\/7d2a09b6178968712a8e00d0aaa0eed2.jpg",800,500,false],"portraits":["https:\/\/arantv.az\/wp-content\/uploads\/2023\/11\/7d2a09b6178968712a8e00d0aaa0eed2.jpg",800,500,false],"thumbnail":["https:\/\/arantv.az\/wp-content\/uploads\/2023\/11\/7d2a09b6178968712a8e00d0aaa0eed2-500x280.jpg",500,280,true],"medium":["https:\/\/arantv.az\/wp-content\/uploads\/2023\/11\/7d2a09b6178968712a8e00d0aaa0eed2-584x365.jpg",584,365,true],"large":["https:\/\/arantv.az\/wp-content\/uploads\/2023\/11\/7d2a09b6178968712a8e00d0aaa0eed2.jpg",640,400,false],"1536x1536":["https:\/\/arantv.az\/wp-content\/uploads\/2023\/11\/7d2a09b6178968712a8e00d0aaa0eed2.jpg",800,500,false],"2048x2048":["https:\/\/arantv.az\/wp-content\/uploads\/2023\/11\/7d2a09b6178968712a8e00d0aaa0eed2.jpg",800,500,false],"post-thumbnail":["https:\/\/arantv.az\/wp-content\/uploads\/2023\/11\/7d2a09b6178968712a8e00d0aaa0eed2-240x172.jpg",240,172,true],"advps-thumb-one":["https:\/\/arantv.az\/wp-content\/uploads\/2023\/11\/7d2a09b6178968712a8e00d0aaa0eed2.jpg",800,500,false]},"rttpg_author":{"display_name":"V\u00fcsal Rafiqo\u011flu","author_link":"https:\/\/arantv.az\/?author=2"},"rttpg_comment":0,"rttpg_category":"<a href=\"https:\/\/arantv.az\/?cat=1\" rel=\"category\">C\u0259miyy\u0259t<\/a>","rttpg_excerpt":"M\u00fcasir Az\u0259rbaycan d\u00f6vl\u0259t\u00e7iliyinin t\u0259\u015f\u0259kk\u00fcl v\u0259 inki\u015faf tarixi birm\u0259nal\u0131 \u015f\u0259kild\u0259 \u00dcmummilli Lider Heyd\u0259r \u018fliyevin ad\u0131 il\u0259 ba\u011fl\u0131d\u0131r. 1993-c\u00fc ild\u0259 \u00f6lk\u0259ni v\u0259 xalq\u0131 faktiki olaraq yox olmaqdan xilas ed\u0259n Ulu \u00d6nd\u0259r yaln\u0131z diplomatik gedi\u015fl\u0259ri, m\u00fck\u0259mm\u0259l idar\u0259\u00e7ilik qabiliyy\u0259ti il\u0259 deyil, h\u0259m d\u0259 d\u00f6vl\u0259tin n\u0259z\u0259ri-h\u00fcquqi alt- bazisini yaratmaqla tarixi xidm\u0259t n\u00fcmun\u0259si g\u00f6st\u0259rmi\u015fdir. Bu bax\u0131mdan 1995-ci il noyabr\u0131n 12-d\u0259 \u00fcmumxalq&hellip;","_links":{"self":[{"href":"https:\/\/arantv.az\/index.php?rest_route=\/wp\/v2\/posts\/655278"}],"collection":[{"href":"https:\/\/arantv.az\/index.php?rest_route=\/wp\/v2\/posts"}],"about":[{"href":"https:\/\/arantv.az\/index.php?rest_route=\/wp\/v2\/types\/post"}],"author":[{"embeddable":true,"href":"https:\/\/arantv.az\/index.php?rest_route=\/wp\/v2\/users\/2"}],"replies":[{"embeddable":true,"href":"https:\/\/arantv.az\/index.php?rest_route=%2Fwp%2Fv2%2Fcomments&post=655278"}],"version-history":[{"count":0,"href":"https:\/\/arantv.az\/index.php?rest_route=\/wp\/v2\/posts\/655278\/revisions"}],"wp:featuredmedia":[{"embeddable":true,"href":"https:\/\/arantv.az\/index.php?rest_route=\/wp\/v2\/media\/655279"}],"wp:attachment":[{"href":"https:\/\/arantv.az\/index.php?rest_route=%2Fwp%2Fv2%2Fmedia&parent=655278"}],"wp:term":[{"taxonomy":"category","embeddable":true,"href":"https:\/\/arantv.az\/index.php?rest_route=%2Fwp%2Fv2%2Fcategories&post=655278"},{"taxonomy":"post_tag","embeddable":true,"href":"https:\/\/arantv.az\/index.php?rest_route=%2Fwp%2Fv2%2Ftags&post=655278"}],"curies":[{"name":"wp","href":"https:\/\/api.w.org\/{rel}","templated":true}]}}