{"id":655402,"date":"2023-11-13T09:24:03","date_gmt":"2023-11-13T05:24:03","guid":{"rendered":"https:\/\/arantv.az\/?p=655402"},"modified":"2023-11-13T09:24:03","modified_gmt":"2023-11-13T05:24:03","slug":"az%c9%99rbaycan-xin-fransanin-erm%c9%99nistani-silahlandirmasina-munasib%c9%99t-bildirib","status":"publish","type":"post","link":"https:\/\/arantv.az\/?p=655402","title":{"rendered":"Az\u0259rbaycan X\u0130N Fransan\u0131n Erm\u0259nistan\u0131 silahland\u0131rmas\u0131na m\u00fcnasib\u0259t bildirib"},"content":{"rendered":"<p>Fransa t\u0259r\u0259find\u0259n Erm\u0259nistana h\u00fccum xarakterli \u201cBastion\u201d zirehli avtomobill\u0259rinin g\u00f6nd\u0259rilm\u0259sini q\u0259tiyy\u0259tl\u0259 pisl\u0259yirik.<\/p>\n<p><strong><img src=\"https:\/\/ikisahil.az\/upload\/\/2022\/10\/20\/\/-dfd78699166624321127184832211027838.jpg\" alt=\"\" \/>ARANTV.AZ\u00a0 x\u0259b\u0259r verir ki,<\/strong>\u00a0bunu\u00a0Az\u0259rbaycan\u00a0Xarici \u0130\u015fl\u0259r Nazirliyinin m\u0259tbuat katibi Ayxan Hac\u0131zad\u0259 Fransa t\u0259r\u0259find\u0259n Erm\u0259nistana \u00e7oxlu sayda \u201cBastion\u201d \u00e7oxm\u0259qs\u0259dli zirehli avtomobill\u0259rinin v\u0259 onlara m\u0259xsus avadanl\u0131qlar\u0131n g\u00f6nd\u0259rilm\u0259sin\u0259 m\u00fcnasib\u0259t bildir\u0259rk\u0259n deyib.<\/p>\n<p>S\u00f6z\u00fcged\u0259n h\u0259rbi texnikan\u0131n \u00f6t\u00fcr\u00fclm\u0259si Az\u0259rbaycan Respublikas\u0131n\u0131n \u0259razil\u0259rinin bir hiss\u0259sini 30 il\u0259 yax\u0131n d\u00f6vrd\u0259 i\u015f\u011fal alt\u0131nda saxlayan, hal-haz\u0131rda da t\u0259cav\u00fczkar siyas\u0259td\u0259n v\u0259 ritorikadan \u0259l \u00e7\u0259km\u0259y\u0259n Erm\u0259nistan\u0131n h\u0259rbi potensial\u0131n\u0131 g\u00fccl\u0259ndirm\u0259y\u0259 v\u0259 b\u00f6lg\u0259d\u0259 destruktiv f\u0259aliyy\u0259tin\u0259 xidm\u0259t ed\u0259c\u0259k.<\/p>\n<p>\u00d6z\u00fcn\u00fc beyn\u0259lxalq h\u00fcququn t\u0259bli\u011fat\u00e7\u0131s\u0131, b\u00f6lg\u0259d\u0259 s\u00fclh v\u0259 sabitliyin t\u0259r\u0259fdar\u0131 kimi t\u0259qdim ed\u0259n Fransan\u0131n bu add\u0131mlar\u0131 regionda d\u00f6vl\u0259tl\u0259rin suverenliyi, \u0259razi b\u00fct\u00f6vl\u00fcy\u00fc v\u0259 beyn\u0259lxalq s\u0259rh\u0259dl\u0259rinin qar\u015f\u0131l\u0131ql\u0131 \u015f\u0259kild\u0259 tan\u0131nmas\u0131 v\u0259 h\u00f6rm\u0259t edilm\u0259si \u0259sas\u0131nda \u0259laq\u0259l\u0259rin normalla\u015fd\u0131r\u0131lmas\u0131 s\u0259yl\u0259rini ciddi \u015f\u0259kild\u0259 sual alt\u0131na qoyur v\u0259 v\u0259ziyy\u0259tin g\u0259rginl\u0259\u015fdirilm\u0259sin\u0259 xidm\u0259t edir.<\/p>\n<p>Fransan\u0131n Az\u0259rbaycana qar\u015f\u0131 apard\u0131\u011f\u0131 qarayaxma kampaniyas\u0131 v\u0259 b\u00f6lg\u0259d\u0259ki destrukriv f\u0259aliyy\u0259ti fonunda, Erm\u0259nistan\u0131n h\u0259rbil\u0259\u015fm\u0259 siyas\u0259tin\u0259 xidm\u0259t ed\u0259n bu add\u0131mlar\u0131 Fransan\u0131n b\u00f6lg\u0259d\u0259 yanl\u0131\u015f maraqlardan \u00e7\u0131x\u0131\u015f etdiyini g\u00f6st\u0259rir.<\/p>\n<p>Erm\u0259nistan v\u0259 Fransa b\u00f6lg\u0259d\u0259 silahlanmaya v\u0259 h\u0259rbil\u0259\u015fm\u0259 siyas\u0259tin\u0259 son qoymal\u0131, bu \u00f6lk\u0259l\u0259r b\u00f6lg\u0259d\u0259 s\u00fclh v\u0259 \u0259m\u0259kda\u015fl\u0131\u011f\u0131n alternativinin olmad\u0131\u011f\u0131n\u0131 n\u0259hay\u0259t anlamal\u0131d\u0131rlar.<\/p>\n<p>Beyn\u0259lxalq ictimaiyy\u0259ti \u00f6z t\u0259cav\u00fczkar siyas\u0259ti v\u0259 \u0259m\u0259ll\u0259ri il\u0259 tan\u0131nan Erm\u0259nistan\u0131 silahland\u0131rmaqdan v\u0259 buna \u015f\u0259rait yaratmaqdan \u00e7\u0259kinm\u0259y\u0259, regionda s\u00fclh v\u0259 firavanl\u0131\u011f\u0131n b\u0259rq\u0259rar olunmas\u0131n\u0131n qar\u015f\u0131s\u0131n\u0131 alan bel\u0259 qeyri-legitim f\u0259aliyy\u0259tin dayand\u0131r\u0131lmas\u0131na v\u0259 pisl\u0259nilm\u0259sin\u0259 \u00e7a\u011f\u0131r\u0131r\u0131q.<\/p>\n","protected":false},"excerpt":{"rendered":"<p>Fransa t\u0259r\u0259find\u0259n Erm\u0259nistana h\u00fccum xarakterli \u201cBastion\u201d zirehli avtomobill\u0259rinin g\u00f6nd\u0259rilm\u0259sini q\u0259tiyy\u0259tl\u0259 pisl\u0259yirik. ARANTV.AZ\u00a0 x\u0259b\u0259r verir ki,\u00a0bunu\u00a0Az\u0259rbaycan\u00a0Xarici \u0130\u015fl\u0259r Nazirliyinin m\u0259tbuat katibi Ayxan Hac\u0131zad\u0259 Fransa t\u0259r\u0259find\u0259n Erm\u0259nistana \u00e7oxlu sayda \u201cBastion\u201d \u00e7oxm\u0259qs\u0259dli zirehli avtomobill\u0259rinin v\u0259 onlara m\u0259xsus avadanl\u0131qlar\u0131n g\u00f6nd\u0259rilm\u0259sin\u0259 m\u00fcnasib\u0259t bildir\u0259rk\u0259n deyib. S\u00f6z\u00fcged\u0259n h\u0259rbi texnikan\u0131n \u00f6t\u00fcr\u00fclm\u0259si Az\u0259rbaycan Respublikas\u0131n\u0131n \u0259razil\u0259rinin bir hiss\u0259sini 30 il\u0259 yax\u0131n d\u00f6vrd\u0259 i\u015f\u011fal alt\u0131nda saxlayan, hal-haz\u0131rda da t\u0259cav\u00fczkar siyas\u0259td\u0259n v\u0259 ritorikadan \u0259l \u00e7\u0259km\u0259y\u0259n Erm\u0259nistan\u0131n h\u0259rbi potensial\u0131n\u0131 g\u00fccl\u0259ndirm\u0259y\u0259 v\u0259 b\u00f6lg\u0259d\u0259 destruktiv f\u0259aliyy\u0259tin\u0259 xidm\u0259t ed\u0259c\u0259k. \u00d6z\u00fcn\u00fc beyn\u0259lxalq h\u00fcququn t\u0259bli\u011fat\u00e7\u0131s\u0131, b\u00f6lg\u0259d\u0259 s\u00fclh v\u0259 sabitliyin t\u0259r\u0259fdar\u0131 kimi t\u0259qdim ed\u0259n Fransan\u0131n bu add\u0131mlar\u0131 regionda d\u00f6vl\u0259tl\u0259rin suverenliyi,&hellip;<\/p>\n","protected":false},"author":2,"featured_media":655403,"comment_status":"closed","ping_status":"closed","sticky":false,"template":"","format":"standard","meta":{"om_disable_all_campaigns":false,"_monsterinsights_skip_tracking":false,"_monsterinsights_sitenote_active":false,"_monsterinsights_sitenote_note":"","_monsterinsights_sitenote_category":0},"categories":[4],"tags":[],"aioseo_notices":[],"gutentor_comment":0,"rttpg_featured_image_url":{"full":["https:\/\/arantv.az\/wp-content\/uploads\/2023\/11\/e70981fd169264693058346690310753796.jpg",975,540,false],"landscape":["https:\/\/arantv.az\/wp-content\/uploads\/2023\/11\/e70981fd169264693058346690310753796.jpg",975,540,false],"portraits":["https:\/\/arantv.az\/wp-content\/uploads\/2023\/11\/e70981fd169264693058346690310753796.jpg",975,540,false],"thumbnail":["https:\/\/arantv.az\/wp-content\/uploads\/2023\/11\/e70981fd169264693058346690310753796-500x280.jpg",500,280,true],"medium":["https:\/\/arantv.az\/wp-content\/uploads\/2023\/11\/e70981fd169264693058346690310753796-660x365.jpg",660,365,true],"large":["https:\/\/arantv.az\/wp-content\/uploads\/2023\/11\/e70981fd169264693058346690310753796-840x465.jpg",640,354,true],"1536x1536":["https:\/\/arantv.az\/wp-content\/uploads\/2023\/11\/e70981fd169264693058346690310753796.jpg",975,540,false],"2048x2048":["https:\/\/arantv.az\/wp-content\/uploads\/2023\/11\/e70981fd169264693058346690310753796.jpg",975,540,false],"post-thumbnail":["https:\/\/arantv.az\/wp-content\/uploads\/2023\/11\/e70981fd169264693058346690310753796-240x172.jpg",240,172,true],"advps-thumb-one":["https:\/\/arantv.az\/wp-content\/uploads\/2023\/11\/e70981fd169264693058346690310753796.jpg",975,540,false]},"rttpg_author":{"display_name":"V\u00fcsal Rafiqo\u011flu","author_link":"https:\/\/arantv.az\/?author=2"},"rttpg_comment":0,"rttpg_category":"<a href=\"https:\/\/arantv.az\/?cat=4\" rel=\"category\">Siyas\u0259t<\/a>","rttpg_excerpt":"Fransa t\u0259r\u0259find\u0259n Erm\u0259nistana h\u00fccum xarakterli \u201cBastion\u201d zirehli avtomobill\u0259rinin g\u00f6nd\u0259rilm\u0259sini q\u0259tiyy\u0259tl\u0259 pisl\u0259yirik. ARANTV.AZ\u00a0 x\u0259b\u0259r verir ki,\u00a0bunu\u00a0Az\u0259rbaycan\u00a0Xarici \u0130\u015fl\u0259r Nazirliyinin m\u0259tbuat katibi Ayxan Hac\u0131zad\u0259 Fransa t\u0259r\u0259find\u0259n Erm\u0259nistana \u00e7oxlu sayda \u201cBastion\u201d \u00e7oxm\u0259qs\u0259dli zirehli avtomobill\u0259rinin v\u0259 onlara m\u0259xsus avadanl\u0131qlar\u0131n g\u00f6nd\u0259rilm\u0259sin\u0259 m\u00fcnasib\u0259t bildir\u0259rk\u0259n deyib. S\u00f6z\u00fcged\u0259n h\u0259rbi texnikan\u0131n \u00f6t\u00fcr\u00fclm\u0259si Az\u0259rbaycan Respublikas\u0131n\u0131n \u0259razil\u0259rinin bir hiss\u0259sini 30 il\u0259 yax\u0131n d\u00f6vrd\u0259 i\u015f\u011fal alt\u0131nda saxlayan, hal-haz\u0131rda&hellip;","_links":{"self":[{"href":"https:\/\/arantv.az\/index.php?rest_route=\/wp\/v2\/posts\/655402"}],"collection":[{"href":"https:\/\/arantv.az\/index.php?rest_route=\/wp\/v2\/posts"}],"about":[{"href":"https:\/\/arantv.az\/index.php?rest_route=\/wp\/v2\/types\/post"}],"author":[{"embeddable":true,"href":"https:\/\/arantv.az\/index.php?rest_route=\/wp\/v2\/users\/2"}],"replies":[{"embeddable":true,"href":"https:\/\/arantv.az\/index.php?rest_route=%2Fwp%2Fv2%2Fcomments&post=655402"}],"version-history":[{"count":0,"href":"https:\/\/arantv.az\/index.php?rest_route=\/wp\/v2\/posts\/655402\/revisions"}],"wp:featuredmedia":[{"embeddable":true,"href":"https:\/\/arantv.az\/index.php?rest_route=\/wp\/v2\/media\/655403"}],"wp:attachment":[{"href":"https:\/\/arantv.az\/index.php?rest_route=%2Fwp%2Fv2%2Fmedia&parent=655402"}],"wp:term":[{"taxonomy":"category","embeddable":true,"href":"https:\/\/arantv.az\/index.php?rest_route=%2Fwp%2Fv2%2Fcategories&post=655402"},{"taxonomy":"post_tag","embeddable":true,"href":"https:\/\/arantv.az\/index.php?rest_route=%2Fwp%2Fv2%2Ftags&post=655402"}],"curies":[{"name":"wp","href":"https:\/\/api.w.org\/{rel}","templated":true}]}}