{"id":655415,"date":"2023-11-13T10:11:15","date_gmt":"2023-11-13T06:11:15","guid":{"rendered":"https:\/\/arantv.az\/?p=655415"},"modified":"2023-11-13T10:11:15","modified_gmt":"2023-11-13T06:11:15","slug":"v%c9%99zif%c9%99li-s%c9%99xsl%c9%99r-t%c9%99qaud%c9%99-gond%c9%99rildil%c9%99r-generaldan-yeni-t%c9%99yinatlar","status":"publish","type":"post","link":"https:\/\/arantv.az\/?p=655415","title":{"rendered":"V\u0259zif\u0259li \u015f\u0259xsl\u0259r t\u0259qa\u00fcd\u0259 g\u00f6nd\u0259rildil\u0259r &#8211; Generaldan YEN\u0130 T\u018fY\u0130NATLAR"},"content":{"rendered":"<p>D\u00f6vl\u0259t G\u00f6mr\u00fck Komit\u0259sinin (DGK) Aparat\u0131nda bir s\u0131ra struktur d\u0259yi\u015fiklikl\u0259ri apar\u0131l\u0131b.<\/p>\n<p>\u201cQaynarinfo\u201dnun \u0259ld\u0259 etdiyi m\u0259lumata g\u00f6r\u0259, d\u0259yi\u015fiklikl\u0259r Komit\u0259 s\u0259dri, general-leytenant \u015eahin Ba\u011f\u0131rovun m\u00fcvafiq \u0259mri il\u0259 ba\u015f tutub.<\/p>\n<p>B\u0259zi idar\u0259l\u0259r\u0259 yeni r\u0259isl\u0259r t\u0259yin edilibl\u0259r, b\u0259zi idar\u0259 v\u0259 \u015f\u00f6b\u0259l\u0259rin yerind\u0259 is\u0259 yeni qurumlar yarad\u0131l\u0131b.<\/p>\n<p>Apar\u0131lan struktur d\u0259yi\u015fiklikl\u0259ri il\u0259 \u0259laq\u0259dar xeyli sayda y\u00fcks\u0259k r\u00fctb\u0259li v\u0259zif\u0259li \u015f\u0259xs t\u0259qa\u00fcd\u0259 g\u00f6nd\u0259rilib.<\/p>\n","protected":false},"excerpt":{"rendered":"<p>D\u00f6vl\u0259t G\u00f6mr\u00fck Komit\u0259sinin (DGK) Aparat\u0131nda bir s\u0131ra struktur d\u0259yi\u015fiklikl\u0259ri apar\u0131l\u0131b. \u201cQaynarinfo\u201dnun \u0259ld\u0259 etdiyi m\u0259lumata g\u00f6r\u0259, d\u0259yi\u015fiklikl\u0259r Komit\u0259 s\u0259dri, general-leytenant \u015eahin Ba\u011f\u0131rovun m\u00fcvafiq \u0259mri il\u0259 ba\u015f tutub. B\u0259zi idar\u0259l\u0259r\u0259 yeni r\u0259isl\u0259r t\u0259yin edilibl\u0259r, b\u0259zi idar\u0259 v\u0259 \u015f\u00f6b\u0259l\u0259rin yerind\u0259 is\u0259 yeni qurumlar yarad\u0131l\u0131b. Apar\u0131lan struktur d\u0259yi\u015fiklikl\u0259ri il\u0259 \u0259laq\u0259dar xeyli sayda y\u00fcks\u0259k r\u00fctb\u0259li v\u0259zif\u0259li \u015f\u0259xs t\u0259qa\u00fcd\u0259 g\u00f6nd\u0259rilib.<\/p>\n","protected":false},"author":2,"featured_media":655416,"comment_status":"closed","ping_status":"closed","sticky":false,"template":"","format":"standard","meta":{"om_disable_all_campaigns":false,"_monsterinsights_skip_tracking":false,"_monsterinsights_sitenote_active":false,"_monsterinsights_sitenote_note":"","_monsterinsights_sitenote_category":0},"categories":[1],"tags":[],"aioseo_notices":[],"gutentor_comment":0,"rttpg_featured_image_url":{"full":["https:\/\/arantv.az\/wp-content\/uploads\/2023\/11\/sahin-1.jpg",620,413,false],"landscape":["https:\/\/arantv.az\/wp-content\/uploads\/2023\/11\/sahin-1.jpg",620,413,false],"portraits":["https:\/\/arantv.az\/wp-content\/uploads\/2023\/11\/sahin-1.jpg",620,413,false],"thumbnail":["https:\/\/arantv.az\/wp-content\/uploads\/2023\/11\/sahin-1-500x280.jpg",500,280,true],"medium":["https:\/\/arantv.az\/wp-content\/uploads\/2023\/11\/sahin-1-548x365.jpg",548,365,true],"large":["https:\/\/arantv.az\/wp-content\/uploads\/2023\/11\/sahin-1.jpg",620,413,false],"1536x1536":["https:\/\/arantv.az\/wp-content\/uploads\/2023\/11\/sahin-1.jpg",620,413,false],"2048x2048":["https:\/\/arantv.az\/wp-content\/uploads\/2023\/11\/sahin-1.jpg",620,413,false],"post-thumbnail":["https:\/\/arantv.az\/wp-content\/uploads\/2023\/11\/sahin-1-240x172.jpg",240,172,true],"advps-thumb-one":["https:\/\/arantv.az\/wp-content\/uploads\/2023\/11\/sahin-1.jpg",620,413,false]},"rttpg_author":{"display_name":"V\u00fcsal Rafiqo\u011flu","author_link":"https:\/\/arantv.az\/?author=2"},"rttpg_comment":0,"rttpg_category":"<a href=\"https:\/\/arantv.az\/?cat=1\" rel=\"category\">C\u0259miyy\u0259t<\/a>","rttpg_excerpt":"D\u00f6vl\u0259t G\u00f6mr\u00fck Komit\u0259sinin (DGK) Aparat\u0131nda bir s\u0131ra struktur d\u0259yi\u015fiklikl\u0259ri apar\u0131l\u0131b. \u201cQaynarinfo\u201dnun \u0259ld\u0259 etdiyi m\u0259lumata g\u00f6r\u0259, d\u0259yi\u015fiklikl\u0259r Komit\u0259 s\u0259dri, general-leytenant \u015eahin Ba\u011f\u0131rovun m\u00fcvafiq \u0259mri il\u0259 ba\u015f tutub. B\u0259zi idar\u0259l\u0259r\u0259 yeni r\u0259isl\u0259r t\u0259yin edilibl\u0259r, b\u0259zi idar\u0259 v\u0259 \u015f\u00f6b\u0259l\u0259rin yerind\u0259 is\u0259 yeni qurumlar yarad\u0131l\u0131b. Apar\u0131lan struktur d\u0259yi\u015fiklikl\u0259ri il\u0259 \u0259laq\u0259dar xeyli sayda y\u00fcks\u0259k r\u00fctb\u0259li v\u0259zif\u0259li \u015f\u0259xs t\u0259qa\u00fcd\u0259 g\u00f6nd\u0259rilib.","_links":{"self":[{"href":"https:\/\/arantv.az\/index.php?rest_route=\/wp\/v2\/posts\/655415"}],"collection":[{"href":"https:\/\/arantv.az\/index.php?rest_route=\/wp\/v2\/posts"}],"about":[{"href":"https:\/\/arantv.az\/index.php?rest_route=\/wp\/v2\/types\/post"}],"author":[{"embeddable":true,"href":"https:\/\/arantv.az\/index.php?rest_route=\/wp\/v2\/users\/2"}],"replies":[{"embeddable":true,"href":"https:\/\/arantv.az\/index.php?rest_route=%2Fwp%2Fv2%2Fcomments&post=655415"}],"version-history":[{"count":0,"href":"https:\/\/arantv.az\/index.php?rest_route=\/wp\/v2\/posts\/655415\/revisions"}],"wp:featuredmedia":[{"embeddable":true,"href":"https:\/\/arantv.az\/index.php?rest_route=\/wp\/v2\/media\/655416"}],"wp:attachment":[{"href":"https:\/\/arantv.az\/index.php?rest_route=%2Fwp%2Fv2%2Fmedia&parent=655415"}],"wp:term":[{"taxonomy":"category","embeddable":true,"href":"https:\/\/arantv.az\/index.php?rest_route=%2Fwp%2Fv2%2Fcategories&post=655415"},{"taxonomy":"post_tag","embeddable":true,"href":"https:\/\/arantv.az\/index.php?rest_route=%2Fwp%2Fv2%2Ftags&post=655415"}],"curies":[{"name":"wp","href":"https:\/\/api.w.org\/{rel}","templated":true}]}}