{"id":655685,"date":"2023-11-13T15:39:37","date_gmt":"2023-11-13T11:39:37","guid":{"rendered":"https:\/\/arantv.az\/?p=655685"},"modified":"2023-11-13T15:39:37","modified_gmt":"2023-11-13T11:39:37","slug":"l%c9%99nk%c9%99randa-tir-larla-g%c9%99lin-g%c9%99tirm%c9%99y%c9%99-ged%c9%99nl%c9%99r-saxlanildilar-foto-video","status":"publish","type":"post","link":"https:\/\/arantv.az\/?p=655685","title":{"rendered":"L\u0259nk\u0259randa TIR-larla g\u0259lin g\u0259tirm\u0259y\u0259 ged\u0259nl\u0259r saxlan\u0131ld\u0131lar &#8211; FOTO\/V\u0130DEO"},"content":{"rendered":"<p>L\u0259nk\u0259randa TIR-larla toy karvan\u0131 t\u0259\u015fkil ed\u0259n s\u00fcr\u00fcc\u00fcl\u0259r saxlan\u0131l\u0131blar.<\/p>\n<p>\u201cQafqazinfo\u201d x\u0259b\u0259r verir ki, rayonun Narba\u011f\u0131 k\u0259ndind\u0259 ke\u00e7iril\u0259n toy m\u0259clisl\u0259rind\u0259n birind\u0259 b\u0259yin atas\u0131 v\u0259 tan\u0131\u015flar\u0131n\u0131n idar\u0259 etdikl\u0259ri TIR-larla toy karvan\u0131 t\u0259\u015fkil etm\u0259l\u0259rinin g\u00f6r\u00fcnt\u00fcl\u0259ri sosial \u015f\u0259b\u0259k\u0259l\u0259rd\u0259 yay\u0131l\u0131b.<\/p>\n<p>Onlar\u0131n y\u00fck avtomobill\u0259ri il\u0259 L\u0259nk\u0259ran-Lerik yolunda dig\u0259r n\u0259qliyyat vasit\u0259l\u0259ri \u00fc\u00e7\u00fcn t\u0259hl\u00fck\u0259li manevrl\u0259r etdikl\u0259ri, yolda h\u0259r\u0259k\u0259ti \u00e7\u0259tinl\u0259\u015fdirdikl\u0259ri bildirilib. H\u0259min n\u0259qliyyat vasit\u0259l\u0259ri yol polisi t\u0259r\u0259find\u0259n saxlan\u0131laraq c\u0259rim\u0259 meydan\u00e7as\u0131na apar\u0131l\u0131b.<\/p>\n<p>M\u0259s\u0259l\u0259 il\u0259 ba\u011fl\u0131 sor\u011fuya cavab olaraq Daxili \u0130\u015fl\u0259r Nazirliyinin M\u0259tbuat Xidm\u0259tinin L\u0259nk\u0259ran regional qrupundan bildirilib ki, L\u0259nk\u0259ran \u015e\u0259h\u0259r-Rayon Polis \u015e\u00f6b\u0259sinin (\u015eRP\u015e) \u0259m\u0259kda\u015flar\u0131 t\u0259r\u0259find\u0259n d\u0259rhal h\u0259min toy karvan\u0131nda olan s\u00f6z\u00fcged\u0259n n\u0259qliyyat vasit\u0259l\u0259ri v\u0259 s\u00fcr\u00fcc\u00fcl\u0259r m\u00fc\u0259yy\u0259n edilibl\u0259r:<\/p>\n<p>\u201cH\u0259min n\u0259qliyyat vasit\u0259l\u0259rinin s\u00fcr\u00fcc\u00fcl\u0259ri L\u0259nk\u0259ran \u015eRP\u015e-y\u0259 d\u0259v\u0259t edilib v\u0259 h\u0259r biri bar\u0259sind\u0259 qanunvericiliy\u0259 uy\u011fun inzibati t\u0259nbeh t\u0259dbiri g\u00f6r\u00fcl\u00fcb\u201d.<\/p>\n<div><iframe loading=\"lazy\" src=\"https:\/\/baku.tv\/embed\/106784\" width=\"560\" height=\"315\" frameborder=\"0\" allowfullscreen=\"allowfullscreen\" data-mce-fragment=\"1\"><\/iframe><\/div>\n<p>&nbsp;<\/p>\n<div class=\"gallery\">\n<div class=\"gallery-i\"><img src=\"https:\/\/cdn.oxu.az\/uploads\/W1siZiIsIjIwMjMvMTEvMTMvMTUvMDkvMDUvY2FmNjMzOTItMjNmMi00ZjIyLTg1NjAtZGI5M2Q1MDdkMDY0LzI2MzFhNGUwLWRhNWItNGRiZS1iMjNkLWJiMzAyYWJjMGZiMi5qcGciXSxbInAiLCJlbmNvZGUiLCJqcGciLCItcXVhbGl0eSA4MCJdLFsicCIsInRodW1iIiwiNTkweDU5MFx1MDAzZSJdXQ?sha=d5b9bbda3ce26b2a\" alt=\"\" \/><\/p>\n<div class=\"gallery-i-caption\"><\/div>\n<\/div>\n<div class=\"gallery-i\"><img src=\"https:\/\/cdn.oxu.az\/uploads\/W1siZiIsIjIwMjMvMTEvMTMvMTUvMDkvMDUvMjE1ZDAxY2YtN2JkNy00NzNiLTkxODgtNGRjNDAwYjdlMTAyL2NhNmY0N2EzLTg5M2YtNGYyNi04ZmI2LWJlYzUzNzU2NzBhNi5qcGciXSxbInAiLCJlbmNvZGUiLCJqcGciLCItcXVhbGl0eSA4MCJdLFsicCIsInRodW1iIiwiNTkweDU5MFx1MDAzZSJdXQ?sha=3c45e18ddcef3298\" alt=\"\" \/><\/p>\n<div class=\"gallery-i-caption\"><\/div>\n<\/div>\n<div class=\"gallery-i\"><img src=\"https:\/\/cdn.oxu.az\/uploads\/W1siZiIsIjIwMjMvMTEvMTMvMTUvMDkvMDUvZjZjNjQ5ZDAtYzhlNy00Mzc5LWI2MmItNGE1OTRkZDM3ZWY2LzA1NjZiM2VlLWQ5YTEtNDg0Yy04YjUxLTcwMGUyNTkzMDhiNi5qcGciXSxbInAiLCJlbmNvZGUiLCJqcGciLCItcXVhbGl0eSA4MCJdLFsicCIsInRodW1iIiwiNTkweDU5MFx1MDAzZSJdXQ?sha=a2d1ac455903d429\" alt=\"\" \/><\/p>\n<div class=\"gallery-i-caption\"><\/div>\n<\/div>\n<div class=\"gallery-i\"><img src=\"https:\/\/cdn.oxu.az\/uploads\/W1siZiIsIjIwMjMvMTEvMTMvMTUvMjkvMzgvMDUyZDRlYzMtYmM0NC00YzQzLWIzN2ItMzNlYTY5MDZjNTlkLzQxOTVkYzk0LTdkYTctNDFjOC04MmE5LWU1MzM4NzFlYzIxOS5qcGciXSxbInAiLCJlbmNvZGUiLCJqcGciLCItcXVhbGl0eSA4MCJdLFsicCIsInRodW1iIiwiNTkweDU5MFx1MDAzZSJdXQ?sha=b72dfd60f257def5\" \/><\/div>\n<\/div>\n","protected":false},"excerpt":{"rendered":"<p>L\u0259nk\u0259randa TIR-larla toy karvan\u0131 t\u0259\u015fkil ed\u0259n s\u00fcr\u00fcc\u00fcl\u0259r saxlan\u0131l\u0131blar. \u201cQafqazinfo\u201d x\u0259b\u0259r verir ki, rayonun Narba\u011f\u0131 k\u0259ndind\u0259 ke\u00e7iril\u0259n toy m\u0259clisl\u0259rind\u0259n birind\u0259 b\u0259yin atas\u0131 v\u0259 tan\u0131\u015flar\u0131n\u0131n idar\u0259 etdikl\u0259ri TIR-larla toy karvan\u0131 t\u0259\u015fkil etm\u0259l\u0259rinin g\u00f6r\u00fcnt\u00fcl\u0259ri sosial \u015f\u0259b\u0259k\u0259l\u0259rd\u0259 yay\u0131l\u0131b. Onlar\u0131n y\u00fck avtomobill\u0259ri il\u0259 L\u0259nk\u0259ran-Lerik yolunda dig\u0259r n\u0259qliyyat vasit\u0259l\u0259ri \u00fc\u00e7\u00fcn t\u0259hl\u00fck\u0259li manevrl\u0259r etdikl\u0259ri, yolda h\u0259r\u0259k\u0259ti \u00e7\u0259tinl\u0259\u015fdirdikl\u0259ri bildirilib. H\u0259min n\u0259qliyyat vasit\u0259l\u0259ri yol polisi t\u0259r\u0259find\u0259n saxlan\u0131laraq c\u0259rim\u0259 meydan\u00e7as\u0131na apar\u0131l\u0131b. M\u0259s\u0259l\u0259 il\u0259 ba\u011fl\u0131 sor\u011fuya cavab olaraq Daxili \u0130\u015fl\u0259r Nazirliyinin M\u0259tbuat Xidm\u0259tinin L\u0259nk\u0259ran regional qrupundan bildirilib ki, L\u0259nk\u0259ran \u015e\u0259h\u0259r-Rayon Polis \u015e\u00f6b\u0259sinin (\u015eRP\u015e) \u0259m\u0259kda\u015flar\u0131 t\u0259r\u0259find\u0259n d\u0259rhal h\u0259min toy karvan\u0131nda olan s\u00f6z\u00fcged\u0259n&hellip;<\/p>\n","protected":false},"author":2,"featured_media":655686,"comment_status":"closed","ping_status":"closed","sticky":false,"template":"","format":"standard","meta":{"om_disable_all_campaigns":false,"_monsterinsights_skip_tracking":false,"_monsterinsights_sitenote_active":false,"_monsterinsights_sitenote_note":"","_monsterinsights_sitenote_category":0},"categories":[1],"tags":[],"aioseo_notices":[],"gutentor_comment":0,"rttpg_featured_image_url":{"full":["https:\/\/arantv.az\/wp-content\/uploads\/2023\/11\/2631a4e0-da5b-4dbe-b23d-bb302abc0fb2.jpg",590,373,false],"landscape":["https:\/\/arantv.az\/wp-content\/uploads\/2023\/11\/2631a4e0-da5b-4dbe-b23d-bb302abc0fb2.jpg",590,373,false],"portraits":["https:\/\/arantv.az\/wp-content\/uploads\/2023\/11\/2631a4e0-da5b-4dbe-b23d-bb302abc0fb2.jpg",590,373,false],"thumbnail":["https:\/\/arantv.az\/wp-content\/uploads\/2023\/11\/2631a4e0-da5b-4dbe-b23d-bb302abc0fb2-500x280.jpg",500,280,true],"medium":["https:\/\/arantv.az\/wp-content\/uploads\/2023\/11\/2631a4e0-da5b-4dbe-b23d-bb302abc0fb2-577x365.jpg",577,365,true],"large":["https:\/\/arantv.az\/wp-content\/uploads\/2023\/11\/2631a4e0-da5b-4dbe-b23d-bb302abc0fb2.jpg",590,373,false],"1536x1536":["https:\/\/arantv.az\/wp-content\/uploads\/2023\/11\/2631a4e0-da5b-4dbe-b23d-bb302abc0fb2.jpg",590,373,false],"2048x2048":["https:\/\/arantv.az\/wp-content\/uploads\/2023\/11\/2631a4e0-da5b-4dbe-b23d-bb302abc0fb2.jpg",590,373,false],"post-thumbnail":["https:\/\/arantv.az\/wp-content\/uploads\/2023\/11\/2631a4e0-da5b-4dbe-b23d-bb302abc0fb2-240x172.jpg",240,172,true],"advps-thumb-one":["https:\/\/arantv.az\/wp-content\/uploads\/2023\/11\/2631a4e0-da5b-4dbe-b23d-bb302abc0fb2.jpg",590,373,false]},"rttpg_author":{"display_name":"V\u00fcsal Rafiqo\u011flu","author_link":"https:\/\/arantv.az\/?author=2"},"rttpg_comment":0,"rttpg_category":"<a href=\"https:\/\/arantv.az\/?cat=1\" rel=\"category\">C\u0259miyy\u0259t<\/a>","rttpg_excerpt":"L\u0259nk\u0259randa TIR-larla toy karvan\u0131 t\u0259\u015fkil ed\u0259n s\u00fcr\u00fcc\u00fcl\u0259r saxlan\u0131l\u0131blar. \u201cQafqazinfo\u201d x\u0259b\u0259r verir ki, rayonun Narba\u011f\u0131 k\u0259ndind\u0259 ke\u00e7iril\u0259n toy m\u0259clisl\u0259rind\u0259n birind\u0259 b\u0259yin atas\u0131 v\u0259 tan\u0131\u015flar\u0131n\u0131n idar\u0259 etdikl\u0259ri TIR-larla toy karvan\u0131 t\u0259\u015fkil etm\u0259l\u0259rinin g\u00f6r\u00fcnt\u00fcl\u0259ri sosial \u015f\u0259b\u0259k\u0259l\u0259rd\u0259 yay\u0131l\u0131b. Onlar\u0131n y\u00fck avtomobill\u0259ri il\u0259 L\u0259nk\u0259ran-Lerik yolunda dig\u0259r n\u0259qliyyat vasit\u0259l\u0259ri \u00fc\u00e7\u00fcn t\u0259hl\u00fck\u0259li manevrl\u0259r etdikl\u0259ri, yolda h\u0259r\u0259k\u0259ti \u00e7\u0259tinl\u0259\u015fdirdikl\u0259ri bildirilib. H\u0259min n\u0259qliyyat vasit\u0259l\u0259ri yol&hellip;","_links":{"self":[{"href":"https:\/\/arantv.az\/index.php?rest_route=\/wp\/v2\/posts\/655685"}],"collection":[{"href":"https:\/\/arantv.az\/index.php?rest_route=\/wp\/v2\/posts"}],"about":[{"href":"https:\/\/arantv.az\/index.php?rest_route=\/wp\/v2\/types\/post"}],"author":[{"embeddable":true,"href":"https:\/\/arantv.az\/index.php?rest_route=\/wp\/v2\/users\/2"}],"replies":[{"embeddable":true,"href":"https:\/\/arantv.az\/index.php?rest_route=%2Fwp%2Fv2%2Fcomments&post=655685"}],"version-history":[{"count":0,"href":"https:\/\/arantv.az\/index.php?rest_route=\/wp\/v2\/posts\/655685\/revisions"}],"wp:featuredmedia":[{"embeddable":true,"href":"https:\/\/arantv.az\/index.php?rest_route=\/wp\/v2\/media\/655686"}],"wp:attachment":[{"href":"https:\/\/arantv.az\/index.php?rest_route=%2Fwp%2Fv2%2Fmedia&parent=655685"}],"wp:term":[{"taxonomy":"category","embeddable":true,"href":"https:\/\/arantv.az\/index.php?rest_route=%2Fwp%2Fv2%2Fcategories&post=655685"},{"taxonomy":"post_tag","embeddable":true,"href":"https:\/\/arantv.az\/index.php?rest_route=%2Fwp%2Fv2%2Ftags&post=655685"}],"curies":[{"name":"wp","href":"https:\/\/api.w.org\/{rel}","templated":true}]}}