{"id":655691,"date":"2023-11-13T15:44:57","date_gmt":"2023-11-13T11:44:57","guid":{"rendered":"https:\/\/arantv.az\/?p=655691"},"modified":"2023-11-13T15:44:57","modified_gmt":"2023-11-13T11:44:57","slug":"mars-ir%c9%99li-mahnisi-bel%c9%99-yaranib-%c9%99sg%c9%99rl%c9%99r-m%c9%99n%c9%99-bu-seiri-verdil%c9%99r-v%c9%99-dedil%c9%99r-ki-video","status":"publish","type":"post","link":"https:\/\/arantv.az\/?p=655691","title":{"rendered":"\u201cMar\u015f ir\u0259li\u201d mahn\u0131s\u0131 bel\u0259 yaran\u0131b: \u201c\u018fsg\u0259rl\u0259r m\u0259n\u0259 bu \u015feiri verdil\u0259r v\u0259 dedil\u0259r ki&#8230;\u201d &#8211; V\u0130DEO"},"content":{"rendered":"<p>Birinci Qaraba\u011f m\u00fcharib\u0259si d\u00f6n\u0259mind\u0259n indiy\u0259 q\u0259d\u0259r h\u0259r k\u0259sin dill\u0259r \u0259zb\u0259ri olan \u201cMar\u015f ir\u0259li\u201d mahn\u0131s\u0131 Xocal\u0131 faci\u0259sind\u0259n sonra b\u0259st\u0259l\u0259nib.<\/p>\n<p><b>ARANTV.AZ <\/b>x\u0259b\u0259r verir ki, bununla ba\u011fl\u0131 \u201cMar\u015f ir\u0259li\u201dnin b\u0259st\u0259kar\u0131, \u0259m\u0259kdar inc\u0259s\u0259n\u0259t xadimi Cavan\u015fir Quliyev AzTV-nin efirind\u0259 xatir\u0259sini dan\u0131\u015f\u0131b.<\/p>\n<p>O qeyd edib ki, musiqini 1992-ci ild\u0259 c\u0259bh\u0259 b\u00f6lg\u0259sin\u0259\u00a0s\u0259f\u0259rd\u0259n qay\u0131dark\u0259n \u0259sg\u0259rl\u0259rin ona verdiyi \u015feirin \u0259sas\u0131nda b\u0259st\u0259l\u0259yib.<\/p>\n<p>\u201cMar\u015f ir\u0259li\u201d Xocal\u0131 faci\u0259sind\u0259n sonra yasa q\u0259rq olan xalq\u0131n aya\u011fa qalxmaq \u00fc\u00e7\u00fcn \u0259n \u00e7ox dinl\u0259diyi v\u0259 oxudu\u011fu mahn\u0131ya \u00e7evrilib.<\/p>\n<p>Xat\u0131rladaq ki, mahn\u0131n\u0131n musiqisi Cavan\u015fir Quliyev\u0259, s\u00f6zl\u0259ri \u018fli K\u0259rim\u0259 m\u0259xsusdur.<\/p>\n<div><iframe loading=\"lazy\" title=\"YouTube video player\" src=\"https:\/\/www.youtube.com\/embed\/K6lY5fNDOt8?si=3DpIRe3edJ2wZZeW\" width=\"560\" height=\"315\" frameborder=\"0\" allowfullscreen=\"allowfullscreen\" data-mce-fragment=\"1\"><\/iframe><\/div>\n<p>&nbsp;<\/p>\n","protected":false},"excerpt":{"rendered":"<p>Birinci Qaraba\u011f m\u00fcharib\u0259si d\u00f6n\u0259mind\u0259n indiy\u0259 q\u0259d\u0259r h\u0259r k\u0259sin dill\u0259r \u0259zb\u0259ri olan \u201cMar\u015f ir\u0259li\u201d mahn\u0131s\u0131 Xocal\u0131 faci\u0259sind\u0259n sonra b\u0259st\u0259l\u0259nib. ARANTV.AZ x\u0259b\u0259r verir ki, bununla ba\u011fl\u0131 \u201cMar\u015f ir\u0259li\u201dnin b\u0259st\u0259kar\u0131, \u0259m\u0259kdar inc\u0259s\u0259n\u0259t xadimi Cavan\u015fir Quliyev AzTV-nin efirind\u0259 xatir\u0259sini dan\u0131\u015f\u0131b. O qeyd edib ki, musiqini 1992-ci ild\u0259 c\u0259bh\u0259 b\u00f6lg\u0259sin\u0259\u00a0s\u0259f\u0259rd\u0259n qay\u0131dark\u0259n \u0259sg\u0259rl\u0259rin ona verdiyi \u015feirin \u0259sas\u0131nda b\u0259st\u0259l\u0259yib. \u201cMar\u015f ir\u0259li\u201d Xocal\u0131 faci\u0259sind\u0259n sonra yasa q\u0259rq olan xalq\u0131n aya\u011fa qalxmaq \u00fc\u00e7\u00fcn \u0259n \u00e7ox dinl\u0259diyi v\u0259 oxudu\u011fu mahn\u0131ya \u00e7evrilib. Xat\u0131rladaq ki, mahn\u0131n\u0131n musiqisi Cavan\u015fir Quliyev\u0259, s\u00f6zl\u0259ri \u018fli K\u0259rim\u0259 m\u0259xsusdur. &nbsp;<\/p>\n","protected":false},"author":2,"featured_media":655692,"comment_status":"closed","ping_status":"closed","sticky":false,"template":"","format":"standard","meta":{"om_disable_all_campaigns":false,"_monsterinsights_skip_tracking":false,"_monsterinsights_sitenote_active":false,"_monsterinsights_sitenote_note":"","_monsterinsights_sitenote_category":0},"categories":[19],"tags":[],"aioseo_notices":[],"gutentor_comment":0,"rttpg_featured_image_url":{"full":["https:\/\/arantv.az\/wp-content\/uploads\/2023\/11\/FotoJet-55.jpg",620,413,false],"landscape":["https:\/\/arantv.az\/wp-content\/uploads\/2023\/11\/FotoJet-55.jpg",620,413,false],"portraits":["https:\/\/arantv.az\/wp-content\/uploads\/2023\/11\/FotoJet-55.jpg",620,413,false],"thumbnail":["https:\/\/arantv.az\/wp-content\/uploads\/2023\/11\/FotoJet-55-500x280.jpg",500,280,true],"medium":["https:\/\/arantv.az\/wp-content\/uploads\/2023\/11\/FotoJet-55-548x365.jpg",548,365,true],"large":["https:\/\/arantv.az\/wp-content\/uploads\/2023\/11\/FotoJet-55.jpg",620,413,false],"1536x1536":["https:\/\/arantv.az\/wp-content\/uploads\/2023\/11\/FotoJet-55.jpg",620,413,false],"2048x2048":["https:\/\/arantv.az\/wp-content\/uploads\/2023\/11\/FotoJet-55.jpg",620,413,false],"post-thumbnail":["https:\/\/arantv.az\/wp-content\/uploads\/2023\/11\/FotoJet-55-240x172.jpg",240,172,true],"advps-thumb-one":["https:\/\/arantv.az\/wp-content\/uploads\/2023\/11\/FotoJet-55.jpg",620,413,false]},"rttpg_author":{"display_name":"V\u00fcsal Rafiqo\u011flu","author_link":"https:\/\/arantv.az\/?author=2"},"rttpg_comment":0,"rttpg_category":"<a href=\"https:\/\/arantv.az\/?cat=19\" rel=\"category\">G\u00fcnd\u0259m<\/a>","rttpg_excerpt":"Birinci Qaraba\u011f m\u00fcharib\u0259si d\u00f6n\u0259mind\u0259n indiy\u0259 q\u0259d\u0259r h\u0259r k\u0259sin dill\u0259r \u0259zb\u0259ri olan \u201cMar\u015f ir\u0259li\u201d mahn\u0131s\u0131 Xocal\u0131 faci\u0259sind\u0259n sonra b\u0259st\u0259l\u0259nib. ARANTV.AZ x\u0259b\u0259r verir ki, bununla ba\u011fl\u0131 \u201cMar\u015f ir\u0259li\u201dnin b\u0259st\u0259kar\u0131, \u0259m\u0259kdar inc\u0259s\u0259n\u0259t xadimi Cavan\u015fir Quliyev AzTV-nin efirind\u0259 xatir\u0259sini dan\u0131\u015f\u0131b. O qeyd edib ki, musiqini 1992-ci ild\u0259 c\u0259bh\u0259 b\u00f6lg\u0259sin\u0259\u00a0s\u0259f\u0259rd\u0259n qay\u0131dark\u0259n \u0259sg\u0259rl\u0259rin ona verdiyi \u015feirin \u0259sas\u0131nda b\u0259st\u0259l\u0259yib. \u201cMar\u015f ir\u0259li\u201d Xocal\u0131&hellip;","_links":{"self":[{"href":"https:\/\/arantv.az\/index.php?rest_route=\/wp\/v2\/posts\/655691"}],"collection":[{"href":"https:\/\/arantv.az\/index.php?rest_route=\/wp\/v2\/posts"}],"about":[{"href":"https:\/\/arantv.az\/index.php?rest_route=\/wp\/v2\/types\/post"}],"author":[{"embeddable":true,"href":"https:\/\/arantv.az\/index.php?rest_route=\/wp\/v2\/users\/2"}],"replies":[{"embeddable":true,"href":"https:\/\/arantv.az\/index.php?rest_route=%2Fwp%2Fv2%2Fcomments&post=655691"}],"version-history":[{"count":0,"href":"https:\/\/arantv.az\/index.php?rest_route=\/wp\/v2\/posts\/655691\/revisions"}],"wp:featuredmedia":[{"embeddable":true,"href":"https:\/\/arantv.az\/index.php?rest_route=\/wp\/v2\/media\/655692"}],"wp:attachment":[{"href":"https:\/\/arantv.az\/index.php?rest_route=%2Fwp%2Fv2%2Fmedia&parent=655691"}],"wp:term":[{"taxonomy":"category","embeddable":true,"href":"https:\/\/arantv.az\/index.php?rest_route=%2Fwp%2Fv2%2Fcategories&post=655691"},{"taxonomy":"post_tag","embeddable":true,"href":"https:\/\/arantv.az\/index.php?rest_route=%2Fwp%2Fv2%2Ftags&post=655691"}],"curies":[{"name":"wp","href":"https:\/\/api.w.org\/{rel}","templated":true}]}}