{"id":655697,"date":"2023-11-13T15:56:24","date_gmt":"2023-11-13T11:56:24","guid":{"rendered":"https:\/\/arantv.az\/?p=655697"},"modified":"2023-11-13T15:56:24","modified_gmt":"2023-11-13T11:56:24","slug":"xocali-s%c9%99h%c9%99rind%c9%99-soyqirimi-qurbanlarinin-xatir%c9%99sin%c9%99-abid%c9%99-ucaldilacaq","status":"publish","type":"post","link":"https:\/\/arantv.az\/?p=655697","title":{"rendered":"Xocal\u0131 \u015f\u0259h\u0259rind\u0259 soyq\u0131r\u0131m\u0131 qurbanlar\u0131n\u0131n xatir\u0259sin\u0259 abid\u0259 ucald\u0131lacaq"},"content":{"rendered":"<p>Xocal\u0131 soyq\u0131r\u0131m\u0131 qurbanlar\u0131n\u0131n xatir\u0259sin\u0259 h\u0259sr olunan abid\u0259 ucald\u0131lacaq.<\/p>\n<p>\u201cReport\u201dun m\u0259lumat\u0131na g\u00f6r\u0259, abid\u0259 Xocal\u0131 \u015f\u0259h\u0259rind\u0259 qoyulacaq.<\/p>\n<p>Haz\u0131rda abid\u0259 ucald\u0131lacaq \u0259razid\u0259 haz\u0131rl\u0131q i\u015fl\u0259ri v\u0259 t\u0259mizl\u0259m\u0259 \u0259m\u0259liyyatlar\u0131 h\u0259yata ke\u00e7irilir.<\/p>\n<p>Qeyd ed\u0259k ki, 1992-ci il fevral\u0131n 25-d\u0259n 26-na ke\u00e7\u0259n gec\u0259 Erm\u0259nistan silahl\u0131 q\u00fcvv\u0259l\u0259ri Rusiyan\u0131n 366-c\u0131 motoat\u0131c\u0131 alay\u0131n\u0131n i\u015ftirak\u0131 il\u0259 Xocal\u0131 \u015f\u0259h\u0259rini i\u015f\u011fal ed\u0259rk\u0259n orada az\u0259rbaycanl\u0131lara qar\u015f\u0131 soyq\u0131r\u0131m\u0131 t\u00f6r\u0259dib. Xocal\u0131 soyq\u0131r\u0131m\u0131 n\u0259tic\u0259sind\u0259 63-\u00fc u\u015faq, 106-s\u0131 qad\u0131n, 70-i qoca v\u0259 qar\u0131 olmaqla 613 Xocal\u0131 sakini q\u0259tl\u0259 yetirilib, 8 ail\u0259 tamamil\u0259 m\u0259hv edilib, 25 u\u015faq h\u0259r iki valideynini, 130 u\u015faq valideynl\u0259rind\u0259n birini itirib.<\/p>\n<p>D\u00fc\u015fm\u0259n g\u00fcll\u0259sind\u0259n 76-s\u0131 u\u015faq olmaqla, 487 n\u0259f\u0259r yaralan\u0131b. 1275 n\u0259f\u0259r \u0259sir g\u00f6t\u00fcr\u00fcl\u00fcb. \u018fsir g\u00f6t\u00fcr\u00fcl\u0259nl\u0259rd\u0259n 150 n\u0259f\u0259rinin, o c\u00fcml\u0259d\u0259n 68 qad\u0131n v\u0259 26 u\u015fa\u011f\u0131n taleyi bu g\u00fcn\u0259d\u0259k m\u0259lum deyil.<\/p>\n","protected":false},"excerpt":{"rendered":"<p>Xocal\u0131 soyq\u0131r\u0131m\u0131 qurbanlar\u0131n\u0131n xatir\u0259sin\u0259 h\u0259sr olunan abid\u0259 ucald\u0131lacaq. \u201cReport\u201dun m\u0259lumat\u0131na g\u00f6r\u0259, abid\u0259 Xocal\u0131 \u015f\u0259h\u0259rind\u0259 qoyulacaq. Haz\u0131rda abid\u0259 ucald\u0131lacaq \u0259razid\u0259 haz\u0131rl\u0131q i\u015fl\u0259ri v\u0259 t\u0259mizl\u0259m\u0259 \u0259m\u0259liyyatlar\u0131 h\u0259yata ke\u00e7irilir. Qeyd ed\u0259k ki, 1992-ci il fevral\u0131n 25-d\u0259n 26-na ke\u00e7\u0259n gec\u0259 Erm\u0259nistan silahl\u0131 q\u00fcvv\u0259l\u0259ri Rusiyan\u0131n 366-c\u0131 motoat\u0131c\u0131 alay\u0131n\u0131n i\u015ftirak\u0131 il\u0259 Xocal\u0131 \u015f\u0259h\u0259rini i\u015f\u011fal ed\u0259rk\u0259n orada az\u0259rbaycanl\u0131lara qar\u015f\u0131 soyq\u0131r\u0131m\u0131 t\u00f6r\u0259dib. Xocal\u0131 soyq\u0131r\u0131m\u0131 n\u0259tic\u0259sind\u0259 63-\u00fc u\u015faq, 106-s\u0131 qad\u0131n, 70-i qoca v\u0259 qar\u0131 olmaqla 613 Xocal\u0131 sakini q\u0259tl\u0259 yetirilib, 8 ail\u0259 tamamil\u0259 m\u0259hv edilib, 25 u\u015faq h\u0259r iki valideynini, 130 u\u015faq valideynl\u0259rind\u0259n birini itirib. D\u00fc\u015fm\u0259n g\u00fcll\u0259sind\u0259n 76-s\u0131 u\u015faq&hellip;<\/p>\n","protected":false},"author":2,"featured_media":655698,"comment_status":"closed","ping_status":"closed","sticky":false,"template":"","format":"standard","meta":{"om_disable_all_campaigns":false,"_monsterinsights_skip_tracking":false,"_monsterinsights_sitenote_active":false,"_monsterinsights_sitenote_note":"","_monsterinsights_sitenote_category":0},"categories":[1],"tags":[],"aioseo_notices":[],"gutentor_comment":0,"rttpg_featured_image_url":{"full":["https:\/\/arantv.az\/wp-content\/uploads\/2023\/11\/5087edfb-9cab-3ff1-bab5-d2f233bc0e12_850.jpg",620,413,false],"landscape":["https:\/\/arantv.az\/wp-content\/uploads\/2023\/11\/5087edfb-9cab-3ff1-bab5-d2f233bc0e12_850.jpg",620,413,false],"portraits":["https:\/\/arantv.az\/wp-content\/uploads\/2023\/11\/5087edfb-9cab-3ff1-bab5-d2f233bc0e12_850.jpg",620,413,false],"thumbnail":["https:\/\/arantv.az\/wp-content\/uploads\/2023\/11\/5087edfb-9cab-3ff1-bab5-d2f233bc0e12_850-500x280.jpg",500,280,true],"medium":["https:\/\/arantv.az\/wp-content\/uploads\/2023\/11\/5087edfb-9cab-3ff1-bab5-d2f233bc0e12_850-548x365.jpg",548,365,true],"large":["https:\/\/arantv.az\/wp-content\/uploads\/2023\/11\/5087edfb-9cab-3ff1-bab5-d2f233bc0e12_850.jpg",620,413,false],"1536x1536":["https:\/\/arantv.az\/wp-content\/uploads\/2023\/11\/5087edfb-9cab-3ff1-bab5-d2f233bc0e12_850.jpg",620,413,false],"2048x2048":["https:\/\/arantv.az\/wp-content\/uploads\/2023\/11\/5087edfb-9cab-3ff1-bab5-d2f233bc0e12_850.jpg",620,413,false],"post-thumbnail":["https:\/\/arantv.az\/wp-content\/uploads\/2023\/11\/5087edfb-9cab-3ff1-bab5-d2f233bc0e12_850-240x172.jpg",240,172,true],"advps-thumb-one":["https:\/\/arantv.az\/wp-content\/uploads\/2023\/11\/5087edfb-9cab-3ff1-bab5-d2f233bc0e12_850.jpg",620,413,false]},"rttpg_author":{"display_name":"V\u00fcsal Rafiqo\u011flu","author_link":"https:\/\/arantv.az\/?author=2"},"rttpg_comment":0,"rttpg_category":"<a href=\"https:\/\/arantv.az\/?cat=1\" rel=\"category\">C\u0259miyy\u0259t<\/a>","rttpg_excerpt":"Xocal\u0131 soyq\u0131r\u0131m\u0131 qurbanlar\u0131n\u0131n xatir\u0259sin\u0259 h\u0259sr olunan abid\u0259 ucald\u0131lacaq. \u201cReport\u201dun m\u0259lumat\u0131na g\u00f6r\u0259, abid\u0259 Xocal\u0131 \u015f\u0259h\u0259rind\u0259 qoyulacaq. Haz\u0131rda abid\u0259 ucald\u0131lacaq \u0259razid\u0259 haz\u0131rl\u0131q i\u015fl\u0259ri v\u0259 t\u0259mizl\u0259m\u0259 \u0259m\u0259liyyatlar\u0131 h\u0259yata ke\u00e7irilir. Qeyd ed\u0259k ki, 1992-ci il fevral\u0131n 25-d\u0259n 26-na ke\u00e7\u0259n gec\u0259 Erm\u0259nistan silahl\u0131 q\u00fcvv\u0259l\u0259ri Rusiyan\u0131n 366-c\u0131 motoat\u0131c\u0131 alay\u0131n\u0131n i\u015ftirak\u0131 il\u0259 Xocal\u0131 \u015f\u0259h\u0259rini i\u015f\u011fal ed\u0259rk\u0259n orada az\u0259rbaycanl\u0131lara qar\u015f\u0131 soyq\u0131r\u0131m\u0131 t\u00f6r\u0259dib. Xocal\u0131&hellip;","_links":{"self":[{"href":"https:\/\/arantv.az\/index.php?rest_route=\/wp\/v2\/posts\/655697"}],"collection":[{"href":"https:\/\/arantv.az\/index.php?rest_route=\/wp\/v2\/posts"}],"about":[{"href":"https:\/\/arantv.az\/index.php?rest_route=\/wp\/v2\/types\/post"}],"author":[{"embeddable":true,"href":"https:\/\/arantv.az\/index.php?rest_route=\/wp\/v2\/users\/2"}],"replies":[{"embeddable":true,"href":"https:\/\/arantv.az\/index.php?rest_route=%2Fwp%2Fv2%2Fcomments&post=655697"}],"version-history":[{"count":0,"href":"https:\/\/arantv.az\/index.php?rest_route=\/wp\/v2\/posts\/655697\/revisions"}],"wp:featuredmedia":[{"embeddable":true,"href":"https:\/\/arantv.az\/index.php?rest_route=\/wp\/v2\/media\/655698"}],"wp:attachment":[{"href":"https:\/\/arantv.az\/index.php?rest_route=%2Fwp%2Fv2%2Fmedia&parent=655697"}],"wp:term":[{"taxonomy":"category","embeddable":true,"href":"https:\/\/arantv.az\/index.php?rest_route=%2Fwp%2Fv2%2Fcategories&post=655697"},{"taxonomy":"post_tag","embeddable":true,"href":"https:\/\/arantv.az\/index.php?rest_route=%2Fwp%2Fv2%2Ftags&post=655697"}],"curies":[{"name":"wp","href":"https:\/\/api.w.org\/{rel}","templated":true}]}}