{"id":655703,"date":"2023-11-13T16:01:02","date_gmt":"2023-11-13T12:01:02","guid":{"rendered":"https:\/\/arantv.az\/?p=655703"},"modified":"2023-11-13T16:01:02","modified_gmt":"2023-11-13T12:01:02","slug":"balak%c9%99nd%c9%99-tapilan-unikal-m%c9%99b%c9%99d-tarixci-bilinm%c9%99y%c9%99nl%c9%99ri-aciqladi-video","status":"publish","type":"post","link":"https:\/\/arantv.az\/?p=655703","title":{"rendered":"Balak\u0259nd\u0259 tap\u0131lan unikal m\u0259b\u0259d: Tarix\u00e7i bilinm\u0259y\u0259nl\u0259ri a\u00e7\u0131qlad\u0131 &#8211; V\u0130DEO"},"content":{"rendered":"<article class=\"news\">\n<div class=\"news-inner\">\n<p>\u00d6lk\u0259mizin \u015fimal-q\u0259rb qap\u0131s\u0131 say\u0131lan Balak\u0259n \u201cm\u0259b\u0259dl\u0259r diyar\u0131\u201d kimi tan\u0131n\u0131r.<\/p>\n<p>Burada ya\u015f\u0131 1500-d\u0259n \u00e7ox olan onlarla tarixi abid\u0259 var. Lakin da\u011fl\u0131q-me\u015f\u0259lik \u0259razil\u0259rd\u0259 h\u0259l\u0259 d\u0259 ara\u015fd\u0131r\u0131lmayan tarixi tikilil\u0259r qalmaqdad\u0131r.<\/p>\n<p>Tarix\u00e7i Akif M\u0259mm\u0259dlinin verdiyi m\u0259lumata g\u00f6r\u0259, yax\u0131n g\u00fcnl\u0259rd\u0259 rayonun Mahamalar k\u0259ndind\u0259 2 yeni abid\u0259 a\u015fkar edilib. S\u00f6z\u00fcged\u0259n abid\u0259l\u0259r V-VII \u0259srl\u0259r\u0259 aiddir.<\/p>\n<p>O bildirib ki, abid\u0259l\u0259rd\u0259n biri Z\u0259mbi kils\u0259 adland\u0131r\u0131l\u0131r v\u0259 son d\u0259r\u0259c\u0259 \u0259h\u0259miyy\u0259tli strateji m\u00f6vqed\u0259 yerl\u0259\u015fib:<\/p>\n<p>\u201cAbid\u0259nin oldu\u011fu n\u00f6qt\u0259d\u0259n b\u00fct\u00fcn Balak\u0259n \u0259razisi ayd\u0131n g\u00f6r\u00fcn\u00fcrd\u00fc\u201d.<\/p>\n<p>M\u00f6vzu il\u0259 ba\u011fl\u0131 M\u0259d\u0259niyy\u0259t Nazirliyi yan\u0131nda M\u0259d\u0259ni \u0130rsin Qorunmas\u0131, \u0130nki\u015faf\u0131 v\u0259 B\u0259rpas\u0131 \u00fczr\u0259 D\u00f6vl\u0259t Xidm\u0259tind\u0259n bildirilib ki, qeyd olunan \u0259razid\u0259 yerl\u0259\u015f\u0259n m\u0259b\u0259dl\u0259r tarixi abid\u0259l\u0259rin reyestrin\u0259 daxil deyil. Tikilinin qeydiyyata al\u0131nmas\u0131 istiqam\u0259tind\u0259 m\u00fcvafiq t\u0259dbirl\u0259rin g\u00f6r\u00fclm\u0259sin\u0259 ba\u015flan\u0131lacaq.<\/p>\n<p>\u018ftrafl\u0131 Baku TV-nin videosunu t\u0259qdim edirik:<\/p>\n<div><iframe loading=\"lazy\" title=\"YouTube video player\" src=\"https:\/\/www.youtube.com\/embed\/HYbeG3CVjxw?si=vX4_8CbPhDqZzfAL\" width=\"560\" height=\"315\" frameborder=\"0\" allowfullscreen=\"allowfullscreen\" data-mce-fragment=\"1\"><\/iframe><\/div>\n<\/div>\n<\/article>\n","protected":false},"excerpt":{"rendered":"<p>\u00d6lk\u0259mizin \u015fimal-q\u0259rb qap\u0131s\u0131 say\u0131lan Balak\u0259n \u201cm\u0259b\u0259dl\u0259r diyar\u0131\u201d kimi tan\u0131n\u0131r. Burada ya\u015f\u0131 1500-d\u0259n \u00e7ox olan onlarla tarixi abid\u0259 var. Lakin da\u011fl\u0131q-me\u015f\u0259lik \u0259razil\u0259rd\u0259 h\u0259l\u0259 d\u0259 ara\u015fd\u0131r\u0131lmayan tarixi tikilil\u0259r qalmaqdad\u0131r. Tarix\u00e7i Akif M\u0259mm\u0259dlinin verdiyi m\u0259lumata g\u00f6r\u0259, yax\u0131n g\u00fcnl\u0259rd\u0259 rayonun Mahamalar k\u0259ndind\u0259 2 yeni abid\u0259 a\u015fkar edilib. S\u00f6z\u00fcged\u0259n abid\u0259l\u0259r V-VII \u0259srl\u0259r\u0259 aiddir. O bildirib ki, abid\u0259l\u0259rd\u0259n biri Z\u0259mbi kils\u0259 adland\u0131r\u0131l\u0131r v\u0259 son d\u0259r\u0259c\u0259 \u0259h\u0259miyy\u0259tli strateji m\u00f6vqed\u0259 yerl\u0259\u015fib: \u201cAbid\u0259nin oldu\u011fu n\u00f6qt\u0259d\u0259n b\u00fct\u00fcn Balak\u0259n \u0259razisi ayd\u0131n g\u00f6r\u00fcn\u00fcrd\u00fc\u201d. M\u00f6vzu il\u0259 ba\u011fl\u0131 M\u0259d\u0259niyy\u0259t Nazirliyi yan\u0131nda M\u0259d\u0259ni \u0130rsin Qorunmas\u0131, \u0130nki\u015faf\u0131 v\u0259 B\u0259rpas\u0131 \u00fczr\u0259 D\u00f6vl\u0259t Xidm\u0259tind\u0259n bildirilib ki, qeyd olunan&hellip;<\/p>\n","protected":false},"author":2,"featured_media":655704,"comment_status":"closed","ping_status":"closed","sticky":false,"template":"","format":"standard","meta":{"om_disable_all_campaigns":false,"_monsterinsights_skip_tracking":false,"_monsterinsights_sitenote_active":false,"_monsterinsights_sitenote_note":"","_monsterinsights_sitenote_category":0},"categories":[1],"tags":[],"aioseo_notices":[],"gutentor_comment":0,"rttpg_featured_image_url":{"full":["https:\/\/arantv.az\/wp-content\/uploads\/2023\/11\/FGHPI.jpg",620,413,false],"landscape":["https:\/\/arantv.az\/wp-content\/uploads\/2023\/11\/FGHPI.jpg",620,413,false],"portraits":["https:\/\/arantv.az\/wp-content\/uploads\/2023\/11\/FGHPI.jpg",620,413,false],"thumbnail":["https:\/\/arantv.az\/wp-content\/uploads\/2023\/11\/FGHPI-500x280.jpg",500,280,true],"medium":["https:\/\/arantv.az\/wp-content\/uploads\/2023\/11\/FGHPI-548x365.jpg",548,365,true],"large":["https:\/\/arantv.az\/wp-content\/uploads\/2023\/11\/FGHPI.jpg",620,413,false],"1536x1536":["https:\/\/arantv.az\/wp-content\/uploads\/2023\/11\/FGHPI.jpg",620,413,false],"2048x2048":["https:\/\/arantv.az\/wp-content\/uploads\/2023\/11\/FGHPI.jpg",620,413,false],"post-thumbnail":["https:\/\/arantv.az\/wp-content\/uploads\/2023\/11\/FGHPI-240x172.jpg",240,172,true],"advps-thumb-one":["https:\/\/arantv.az\/wp-content\/uploads\/2023\/11\/FGHPI.jpg",620,413,false]},"rttpg_author":{"display_name":"V\u00fcsal Rafiqo\u011flu","author_link":"https:\/\/arantv.az\/?author=2"},"rttpg_comment":0,"rttpg_category":"<a href=\"https:\/\/arantv.az\/?cat=1\" rel=\"category\">C\u0259miyy\u0259t<\/a>","rttpg_excerpt":"\u00d6lk\u0259mizin \u015fimal-q\u0259rb qap\u0131s\u0131 say\u0131lan Balak\u0259n \u201cm\u0259b\u0259dl\u0259r diyar\u0131\u201d kimi tan\u0131n\u0131r. Burada ya\u015f\u0131 1500-d\u0259n \u00e7ox olan onlarla tarixi abid\u0259 var. Lakin da\u011fl\u0131q-me\u015f\u0259lik \u0259razil\u0259rd\u0259 h\u0259l\u0259 d\u0259 ara\u015fd\u0131r\u0131lmayan tarixi tikilil\u0259r qalmaqdad\u0131r. Tarix\u00e7i Akif M\u0259mm\u0259dlinin verdiyi m\u0259lumata g\u00f6r\u0259, yax\u0131n g\u00fcnl\u0259rd\u0259 rayonun Mahamalar k\u0259ndind\u0259 2 yeni abid\u0259 a\u015fkar edilib. S\u00f6z\u00fcged\u0259n abid\u0259l\u0259r V-VII \u0259srl\u0259r\u0259 aiddir. O bildirib ki, abid\u0259l\u0259rd\u0259n biri Z\u0259mbi kils\u0259&hellip;","_links":{"self":[{"href":"https:\/\/arantv.az\/index.php?rest_route=\/wp\/v2\/posts\/655703"}],"collection":[{"href":"https:\/\/arantv.az\/index.php?rest_route=\/wp\/v2\/posts"}],"about":[{"href":"https:\/\/arantv.az\/index.php?rest_route=\/wp\/v2\/types\/post"}],"author":[{"embeddable":true,"href":"https:\/\/arantv.az\/index.php?rest_route=\/wp\/v2\/users\/2"}],"replies":[{"embeddable":true,"href":"https:\/\/arantv.az\/index.php?rest_route=%2Fwp%2Fv2%2Fcomments&post=655703"}],"version-history":[{"count":0,"href":"https:\/\/arantv.az\/index.php?rest_route=\/wp\/v2\/posts\/655703\/revisions"}],"wp:featuredmedia":[{"embeddable":true,"href":"https:\/\/arantv.az\/index.php?rest_route=\/wp\/v2\/media\/655704"}],"wp:attachment":[{"href":"https:\/\/arantv.az\/index.php?rest_route=%2Fwp%2Fv2%2Fmedia&parent=655703"}],"wp:term":[{"taxonomy":"category","embeddable":true,"href":"https:\/\/arantv.az\/index.php?rest_route=%2Fwp%2Fv2%2Fcategories&post=655703"},{"taxonomy":"post_tag","embeddable":true,"href":"https:\/\/arantv.az\/index.php?rest_route=%2Fwp%2Fv2%2Ftags&post=655703"}],"curies":[{"name":"wp","href":"https:\/\/api.w.org\/{rel}","templated":true}]}}