{"id":655714,"date":"2023-11-13T16:12:20","date_gmt":"2023-11-13T12:12:20","guid":{"rendered":"https:\/\/arantv.az\/?p=655714"},"modified":"2023-11-13T16:12:20","modified_gmt":"2023-11-13T12:12:20","slug":"fransanin-erm%c9%99nistani-silahlandirmasi-paris-c%c9%99nubi-qafqazda-sulh%c9%99-qarsi-s%c9%99rh-foto","status":"publish","type":"post","link":"https:\/\/arantv.az\/?p=655714","title":{"rendered":"Fransan\u0131n Erm\u0259nistan\u0131 silahland\u0131rmas\u0131: Paris C\u0259nubi Qafqazda s\u00fclh\u0259 qar\u015f\u0131 &#8211; \u015e\u018fRH + FOTO"},"content":{"rendered":"<p>Fransan\u0131n Erm\u0259nistana verdiyi silah-sursat \u00f6lk\u0259nin sosial \u015f\u0259b\u0259k\u0259 seqmentind\u0259, x\u0259b\u0259r saytlar\u0131nda \u0259sas m\u00fczakir\u0259 m\u00f6vzusuna \u00e7evrilib. Yeni n\u00f6v silahlar\u00a0\u00f6lk\u0259nin az qala b\u00fct\u00fcn probleml\u0259rini h\u0259ll ed\u0259c\u0259yi kimi q\u0259l\u0259m\u0259 verilir.<\/p>\n<p>Erm\u0259nistan\u0131n n\u0259 44 g\u00fcnl\u00fck m\u00fcharib\u0259, n\u0259 d\u0259 Qaraba\u011fda separatizm\u0259 son qoyan birg\u00fcnl\u00fck antiterror t\u0259dbirl\u0259rind\u0259n d\u0259rs \u00e7\u0131xarmad\u0131\u011f\u0131 g\u00f6r\u00fcn\u00fcr. Revan\u015fizm, \u201cB\u00f6y\u00fck Erm\u0259nistan\u201d x\u0259st\u0259liyi g\u00f6r\u00fcn\u00fcr h\u0259l\u0259 uzun m\u00fcdd\u0259t c\u0259miyy\u0259td\u0259 h\u00f6km s\u00fcr\u0259c\u0259k. Anlamaq ist\u0259mirl\u0259r ki, r\u0259smi Paris h\u0259r v\u0259chl\u0259 C\u0259nubi Qafqaz\u0131 Ukrayna, Suriyaya \u00e7evirm\u0259y\u0259 \u00e7al\u0131\u015f\u0131r v\u0259 bu \u00e7irkin plan\u0131n h\u0259yata ke\u00e7irilm\u0259sind\u0259 d\u0259 onlardan yararlan\u0131r. Erm\u0259nil\u0259r kor-koran\u0259 \u015f\u0259kild\u0259 \u00e7irkin v\u0259 t\u0259hl\u00fck\u0259li plan\u0131n realla\u015fmas\u0131nda vasit\u0259y\u0259 \u00e7evrilir. Erm\u0259nistan\u0131 m\u00fcasir silahlarla t\u0259chiz ed\u0259n Fransa destruktiv m\u00f6vqe ortaya qoyur &#8211; b\u00fct\u00fcn beyn\u0259lxalq h\u00fcquq normalar\u0131n\u0131 pozaraq onu h\u0259rbi texnika il\u0259 t\u0259chiz etm\u0259y\u0259 ba\u015flay\u0131b. 30 il\u0259 yax\u0131n d\u00f6vrd\u0259 Az\u0259rbaycan torpaqlar\u0131n\u0131 i\u015f\u011fal alt\u0131nda saxlayan, haz\u0131rda da t\u0259cav\u00fczkar siyas\u0259td\u0259n v\u0259 ritorikadan \u0259l \u00e7\u0259km\u0259y\u0259n Erm\u0259nistan\u0131n h\u0259rbi potensial\u0131n\u0131n g\u00fccl\u0259ndirilm\u0259sinin h\u0259d\u0259fi b\u0259llidir &#8211; b\u00f6lg\u0259d\u0259 destruktiv f\u0259aliyy\u0259tin davam etdirilm\u0259si. \u00d6z\u00fcn\u00fc beyn\u0259lxalq h\u00fcququn t\u0259bli\u011fat\u00e7\u0131s\u0131, b\u00f6lg\u0259d\u0259 s\u00fclh v\u0259 sabitliyin t\u0259r\u0259fdar\u0131 kimi t\u0259qdim ed\u0259n Fransan\u0131n bu add\u0131mlar\u0131 regionda d\u00f6vl\u0259tl\u0259rin suverenliyi, \u0259razi b\u00fct\u00f6vl\u00fcy\u00fc v\u0259 beyn\u0259lxalq s\u0259rh\u0259dl\u0259rin qar\u015f\u0131l\u0131ql\u0131 \u015f\u0259kild\u0259 tan\u0131nmas\u0131 v\u0259 h\u00f6rm\u0259t edilm\u0259si \u0259sas\u0131nda \u0259laq\u0259l\u0259rin normalla\u015fd\u0131r\u0131lmas\u0131 s\u0259yl\u0259rini ciddi \u015f\u0259kild\u0259 sual alt\u0131na qoyur v\u0259 v\u0259ziyy\u0259tin g\u0259rginl\u0259\u015fdirilm\u0259sin\u0259 xidm\u0259t edir.<\/p>\n<p>Az\u0259rbaycan Xarici \u0130\u015fl\u0259r Nazirliyi yayd\u0131\u011f\u0131 b\u0259yanatda qeyd edib ki, Fransan\u0131n Az\u0259rbaycana qar\u015f\u0131 apard\u0131\u011f\u0131 qarayaxma kampaniyas\u0131 v\u0259 b\u00f6lg\u0259d\u0259ki destruktiv f\u0259aliyy\u0259ti fonunda Erm\u0259nistan\u0131n h\u0259rbil\u0259\u015fm\u0259 siyas\u0259tin\u0259 xidm\u0259t ed\u0259n bu add\u0131mlar\u0131 Fransan\u0131n b\u00f6lg\u0259d\u0259 yanl\u0131\u015f maraqlardan \u00e7\u0131x\u0131\u015f etdiyini g\u00f6st\u0259rir. Erm\u0259nistan v\u0259 Fransa b\u00f6lg\u0259d\u0259 silahlanmaya v\u0259 h\u0259rbil\u0259\u015fm\u0259 siyas\u0259tin\u0259 son qoymal\u0131, bu \u00f6lk\u0259l\u0259r b\u00f6lg\u0259d\u0259 s\u00fclh v\u0259 \u0259m\u0259kda\u015fl\u0131\u011f\u0131n alternativinin olmad\u0131\u011f\u0131n\u0131 n\u0259hay\u0259t anlamal\u0131d\u0131rlar.<\/p>\n<p><img src=\"https:\/\/cdn.oxu.az\/uploads\/W1siZiIsIjIwMjMvMTEvMTMvMTQvNTYvMjQvMDllZDlmYzEtNzIyOS00MDFmLTg5NjktZDlkMjVhOGIxODlkL0ZvdG9KZXQgKDM3KS5qcGciXSxbInAiLCJlbmNvZGUiLCJqcGciLCItcXVhbGl0eSA4MCJdLFsicCIsInRodW1iIiwiNTkweDU5MFx1MDAzZSJdXQ?sha=0373818f5241d934\" alt=\"\" \/><\/p>\n<p>Frans\u0131z silah\u0131n\u0131n \u00f6lk\u0259y\u0259 g\u0259tirilm\u0259si n\u0259 il\u0259 n\u0259tic\u0259l\u0259n\u0259c\u0259k? B\u00f6lg\u0259d\u0259 v\u0259ziyy\u0259ti g\u0259rginl\u0259\u015fdir\u0259c\u0259yi, regionun f\u00f6vq\u0259ld\u00f6vl\u0259tl\u0259r aras\u0131nda m\u00fcbariz\u0259 meydan\u0131na \u00e7evir\u0259c\u0259yi \u015f\u0259ksizdir. Erm\u0259nistan da b\u00fct\u00fcn f\u0259aliyy\u0259tini bu y\u00f6nd\u0259 qurma\u011fa ba\u015flay\u0131b, Rusiyan\u0131n himay\u0259si il\u0259 qurulan t\u0259\u015fkilatlarda i\u015ftirakdan birm\u0259nal\u0131 \u015f\u0259kild\u0259 imtina edir, birg\u0259 t\u0259liml\u0259r\u0259 qat\u0131lm\u0131r. G\u0259l\u0259c\u0259kd\u0259 Rusiyaya m\u0259xsus h\u0259rbi bazan\u0131n da \u00f6lk\u0259 \u0259razisind\u0259n \u00e7\u0131xar\u0131lmas\u0131 istiqam\u0259tind\u0259 f\u0259aliyy\u0259t\u0259 ba\u015flan\u0131lmas\u0131 da n\u0259z\u0259rd\u0259 tutulub.<\/p>\n<p>Qeyd ed\u0259k ki, frans\u0131z silah\u0131 az qala toy-bayram kimi q\u0259bul edils\u0259 d\u0259, f\u0259rqli d\u00fc\u015f\u00fcn\u0259nl\u0259r d\u0259 var. T\u0259dar\u00fck edil\u0259n silahlar Rusiya silah\u0131 kimi \u0259h\u0259miyy\u0259tsiz olacaq. M\u0259s\u0259l\u0259n, \u201cAcmat\u201d \u015firk\u0259tinin \u201cBastion\u201d zirehli d\u00f6y\u00fc\u015f ma\u015f\u0131nlar\u0131 Afrika v\u0259 Yax\u0131n \u015e\u0259rq iqlimin\u0259 uy\u011fundur. C\u0259nubi Qafqaz \u015f\u0259raitind\u0259 bu zirehli d\u00f6y\u00fc\u015f ma\u015f\u0131nlar\u0131 praktiki c\u0259h\u0259td\u0259n \u0259lveri\u015fsizdir. \u0130ndiy\u0259 q\u0259d\u0259r bu avtomobill\u0259ri Benin, Somali, Qabon, Kamerun, Mali, Burkino-Faso v\u0259 dig\u0259r Afrika \u00f6lk\u0259l\u0259ri al\u0131blar.<\/p>\n<p><img src=\"https:\/\/cdn.oxu.az\/uploads\/W1siZiIsIjIwMjMvMTEvMTMvMTQvNTYvMjQvMjM5YzIzNjYtNTE4MC00YTEwLTllOTEtNWFhYWU4MDIwNTM1L0ZvdG9KZXQgKDM4KS5qcGciXSxbInAiLCJlbmNvZGUiLCJqcGciLCItcXVhbGl0eSA4MCJdLFsicCIsInRodW1iIiwiNTkweDU5MFx1MDAzZSJdXQ?sha=e6df4dc9c71bac85\" alt=\"\" \/><\/p>\n<p>Dig\u0259r problem Fransan\u0131n silah s\u00f6vd\u0259l\u0259\u015fm\u0259sin\u0259 Q\u0259rb \u00f6lk\u0259l\u0259rinin susqunlu\u011fudur. Az\u0259rbaycan 2020-ci ild\u0259 \u00f6z \u0259razisini i\u015f\u011faldan azad etm\u0259y\u0259 ba\u015flayanda el\u0259 bir d\u00f6vl\u0259t qalmad\u0131 ki, \u00f6lk\u0259mizi sanksiyalarla h\u0259d\u0259l\u0259m\u0259sin. H\u0259tta uzaq Kanada bel\u0259 bu h\u0259d\u0259l\u0259r\u0259 qo\u015fuldu. \u0130ndi is\u0259 Kollektiv T\u0259hl\u00fck\u0259sizlik M\u00fcqavil\u0259si T\u0259\u015fkilat\u0131na \u00fczv \u00f6lk\u0259 NATO-ya daxil olan \u00f6lk\u0259d\u0259n h\u0259rbi texnika v\u0259 silah-sursat al\u0131r.<\/p>\n<p>B\u0259s, Fransa o silahlar\u0131 verm\u0259kl\u0259 Erm\u0259nistan g\u00fccl\u0259n\u0259c\u0259kmi? T\u0259bii ki, bu d\u00fc\u015f\u00fcnc\u0259 k\u00f6k\u00fcnd\u0259n s\u0259hvdir.<\/p>\n<p>Birincisi, h\u0259rbi texnika v\u0259 silah he\u00e7 d\u0259 m\u00fcharib\u0259nin taleyini h\u0259ll etmir. \u0130lk n\u00f6vb\u0259d\u0259, m\u00fcharib\u0259d\u0259 u\u011fur qazanma\u011f\u0131n \u0259sas s\u0259b\u0259bi \u0259sg\u0259rin d\u00f6y\u00fc\u015f ruhudur. Erm\u0259nistan ordusunda is\u0259 bu hiss tarix boyu olmay\u0131b. O ki qald\u0131 Birinci Qaraba\u011f m\u00fcharib\u0259sind\u0259 \u0259ld\u0259 etdiyi m\u00fcv\u0259qq\u0259ti u\u011furlara, kimin v\u0259 n\u0259yin hesab\u0131na buna nail oldu\u011fu b\u0259llidir. O zaman Az\u0259rbaycanda hakimiyy\u0259tsizlik, ba\u015f\u0131pozuqluq, nizami ordunun olmamas\u0131 v\u0259 \u0259n \u0259sas\u0131, Erm\u0259nistana Rusiya, Fransa kimi d\u00f6vl\u0259tl\u0259rin h\u0259rt\u0259r\u0259fli d\u0259st\u0259yi ona imkan verdi ki, m\u00fcharib\u0259d\u0259 \u00fcst\u00fcnl\u00fcy\u00fc \u0259l\u0259 als\u0131n. \u0130ndi n\u0259 1993-c\u00fc ildir, n\u0259 d\u0259 nizams\u0131z ordu var. M\u00fcasir Az\u0259rbaycan Ordusuna 44 g\u00fcn b\u0259s etdi ki, Erm\u0259nistan kapitulyasiya akt\u0131n\u0131 imzalas\u0131n. Bu il sentyabr\u0131n 19-20-d\u0259 is\u0259 24 saat \u0259rzind\u0259 200 illik separatizm\u0259 son qoyuldu.<\/p>\n<p><img src=\"https:\/\/cdn.oxu.az\/uploads\/W1siZiIsIjIwMjMvMTEvMTMvMTQvNTYvMjQvYzRmYjFlNDktMmVjYS00NzZhLTljNTctOWM1YTVkNzQzYmIzL0ZvdG9KZXQgKDM5KS5qcGciXSxbInAiLCJlbmNvZGUiLCJqcGciLCItcXVhbGl0eSA4MCJdLFsicCIsInRodW1iIiwiNTkweDU5MFx1MDAzZSJdXQ?sha=51f4d8de292cf7ba\" alt=\"\" \/><\/p>\n<p>Xat\u0131rladaq ki, oktyabr\u0131n 23-d\u0259 Erm\u0259nistan\u0131n m\u00fcdafi\u0259 naziri Suren Papikyan\u0131n fransal\u0131 h\u0259mkar\u0131 Sebastien Lekornu il\u0259 imzalad\u0131\u011f\u0131 h\u0259rbi \u0259m\u0259kda\u015fl\u0131q sazi\u015fin\u0259 g\u00f6r\u0259, Erm\u0259nistan Fransan\u0131n \u201cThales\u201d m\u00fcdafi\u0259 qrupundan \u00fc\u00e7 \u201cGround Master 200\u201d (GM200) radar sistemi d\u0259 alacaq. Bu radar sistemi PUA, helikopter, qanadl\u0131 raketl\u0259r kimi t\u0259hl\u00fck\u0259l\u0259ri a\u015fkar etm\u0259k v\u0259 izl\u0259m\u0259k qabiliyy\u0259tin\u0259 malikdir. \u201cGround Master 200\u201d m\u00fcasir radar sistemi 250 km uzaql\u0131\u011f\u0131nda hava h\u0259d\u0259fl\u0259rini a\u015fkar etm\u0259k imkan\u0131na malikdir. G\u00f6r\u00fcn\u0259n odur ki, Erm\u0259nistan silahl\u0131 q\u00fcvv\u0259l\u0259ri hava h\u00fccumundan m\u00fcdafi\u0259 qo\u015funlar\u0131n\u0131n itirilmi\u015f d\u00f6y\u00fc\u015f qabiliyy\u0259tini b\u0259rpa etm\u0259k ist\u0259yir. B\u0259s Erm\u0259nistan bu silahlar\u0131 almaq \u00fc\u00e7\u00fcn v\u0259saiti varm\u0131? B\u0259zi fikirl\u0259r\u0259 g\u00f6r\u0259, ona silahlar pulsuz veril\u0259c\u0259k. Fransan\u0131n \u201cLe Monde\u201d q\u0259zeti d\u0259 bir m\u00fcdd\u0259t \u0259vv\u0259l bu m\u0259s\u0259l\u0259y\u0259 toxunub. Materialda bildirilib ki, erm\u0259nil\u0259r\u0259 radar v\u0259 zenit-raket kompleksl\u0259rinin sat\u0131\u015f\u0131 il\u0259 yana\u015f\u0131, birg\u0259 t\u0259liml\u0259rin ke\u00e7irilm\u0259si d\u0259 daxildir. Lakin Erm\u0259nistan\u0131n bu x\u0259rcl\u0259ri nec\u0259 \u00f6d\u0259y\u0259c\u0259yinin sual alt\u0131nda oldu\u011fu qeyd edilib. \u201cBunlar Ukraynaya h\u0259rbi yard\u0131mda oldu\u011fu kimi silah t\u0259dar\u00fck\u00fc deyil, m\u0259bl\u0259\u011fi bir ne\u00e7\u0259 y\u00fcz milyon avroya \u00e7ata bil\u0259c\u0259k m\u00fcqavil\u0259l\u0259rdir. Amma \u0130r\u0259van\u0131n onlar\u0131n pulunu nec\u0259 \u00f6d\u0259y\u0259c\u0259yi h\u0259l\u0259 m\u0259lum deyil\u201d, &#8211; q\u0259zet yaz\u0131b.<\/p>\n<p>Yekunda bir daha qeyd ed\u0259k ki, Avropa d\u00f6vl\u0259tl\u0259ri, onun m\u00fcxt\u0259lif t\u0259\u015fkilatlar\u0131, s\u00fclh\u00fc t\u0259bli\u011f ed\u0259n qurumlar\u0131 C\u0259nubi Qafqaz\u0131n Fransan\u0131n \u0259li il\u0259 silahland\u0131r\u0131lmas\u0131na reaksiya verm\u0259lidirl\u0259r. Anlamal\u0131d\u0131rlar ki, b\u00f6lg\u0259d\u0259 s\u00fclh v\u0259 \u0259min-amanl\u0131\u011f\u0131n b\u0259rpas\u0131, yekun s\u00fclh sazi\u015finin imzalanmas\u0131 yolu m\u0259hz bundan ke\u00e7ir.<\/p>\n<p><strong>\u201cReport\u201d \u0130nformasiya Agentliyi\u00a0<\/strong><\/p>\n","protected":false},"excerpt":{"rendered":"<p>Fransan\u0131n Erm\u0259nistana verdiyi silah-sursat \u00f6lk\u0259nin sosial \u015f\u0259b\u0259k\u0259 seqmentind\u0259, x\u0259b\u0259r saytlar\u0131nda \u0259sas m\u00fczakir\u0259 m\u00f6vzusuna \u00e7evrilib. Yeni n\u00f6v silahlar\u00a0\u00f6lk\u0259nin az qala b\u00fct\u00fcn probleml\u0259rini h\u0259ll ed\u0259c\u0259yi kimi q\u0259l\u0259m\u0259 verilir. Erm\u0259nistan\u0131n n\u0259 44 g\u00fcnl\u00fck m\u00fcharib\u0259, n\u0259 d\u0259 Qaraba\u011fda separatizm\u0259 son qoyan birg\u00fcnl\u00fck antiterror t\u0259dbirl\u0259rind\u0259n d\u0259rs \u00e7\u0131xarmad\u0131\u011f\u0131 g\u00f6r\u00fcn\u00fcr. Revan\u015fizm, \u201cB\u00f6y\u00fck Erm\u0259nistan\u201d x\u0259st\u0259liyi g\u00f6r\u00fcn\u00fcr h\u0259l\u0259 uzun m\u00fcdd\u0259t c\u0259miyy\u0259td\u0259 h\u00f6km s\u00fcr\u0259c\u0259k. Anlamaq ist\u0259mirl\u0259r ki, r\u0259smi Paris h\u0259r v\u0259chl\u0259 C\u0259nubi Qafqaz\u0131 Ukrayna, Suriyaya \u00e7evirm\u0259y\u0259 \u00e7al\u0131\u015f\u0131r v\u0259 bu \u00e7irkin plan\u0131n h\u0259yata ke\u00e7irilm\u0259sind\u0259 d\u0259 onlardan yararlan\u0131r. Erm\u0259nil\u0259r kor-koran\u0259 \u015f\u0259kild\u0259 \u00e7irkin v\u0259 t\u0259hl\u00fck\u0259li plan\u0131n realla\u015fmas\u0131nda vasit\u0259y\u0259 \u00e7evrilir. Erm\u0259nistan\u0131 m\u00fcasir silahlarla t\u0259chiz&hellip;<\/p>\n","protected":false},"author":2,"featured_media":655715,"comment_status":"closed","ping_status":"closed","sticky":false,"template":"","format":"standard","meta":{"om_disable_all_campaigns":false,"_monsterinsights_skip_tracking":false,"_monsterinsights_sitenote_active":false,"_monsterinsights_sitenote_note":"","_monsterinsights_sitenote_category":0},"categories":[4],"tags":[],"aioseo_notices":[],"gutentor_comment":0,"rttpg_featured_image_url":{"full":["https:\/\/arantv.az\/wp-content\/uploads\/2023\/11\/c0675dfc-aa83-3fac-b921-de7a000cfafd_850.jpg",620,413,false],"landscape":["https:\/\/arantv.az\/wp-content\/uploads\/2023\/11\/c0675dfc-aa83-3fac-b921-de7a000cfafd_850.jpg",620,413,false],"portraits":["https:\/\/arantv.az\/wp-content\/uploads\/2023\/11\/c0675dfc-aa83-3fac-b921-de7a000cfafd_850.jpg",620,413,false],"thumbnail":["https:\/\/arantv.az\/wp-content\/uploads\/2023\/11\/c0675dfc-aa83-3fac-b921-de7a000cfafd_850-500x280.jpg",500,280,true],"medium":["https:\/\/arantv.az\/wp-content\/uploads\/2023\/11\/c0675dfc-aa83-3fac-b921-de7a000cfafd_850-548x365.jpg",548,365,true],"large":["https:\/\/arantv.az\/wp-content\/uploads\/2023\/11\/c0675dfc-aa83-3fac-b921-de7a000cfafd_850.jpg",620,413,false],"1536x1536":["https:\/\/arantv.az\/wp-content\/uploads\/2023\/11\/c0675dfc-aa83-3fac-b921-de7a000cfafd_850.jpg",620,413,false],"2048x2048":["https:\/\/arantv.az\/wp-content\/uploads\/2023\/11\/c0675dfc-aa83-3fac-b921-de7a000cfafd_850.jpg",620,413,false],"post-thumbnail":["https:\/\/arantv.az\/wp-content\/uploads\/2023\/11\/c0675dfc-aa83-3fac-b921-de7a000cfafd_850-240x172.jpg",240,172,true],"advps-thumb-one":["https:\/\/arantv.az\/wp-content\/uploads\/2023\/11\/c0675dfc-aa83-3fac-b921-de7a000cfafd_850.jpg",620,413,false]},"rttpg_author":{"display_name":"V\u00fcsal Rafiqo\u011flu","author_link":"https:\/\/arantv.az\/?author=2"},"rttpg_comment":0,"rttpg_category":"<a href=\"https:\/\/arantv.az\/?cat=4\" rel=\"category\">Siyas\u0259t<\/a>","rttpg_excerpt":"Fransan\u0131n Erm\u0259nistana verdiyi silah-sursat \u00f6lk\u0259nin sosial \u015f\u0259b\u0259k\u0259 seqmentind\u0259, x\u0259b\u0259r saytlar\u0131nda \u0259sas m\u00fczakir\u0259 m\u00f6vzusuna \u00e7evrilib. Yeni n\u00f6v silahlar\u00a0\u00f6lk\u0259nin az qala b\u00fct\u00fcn probleml\u0259rini h\u0259ll ed\u0259c\u0259yi kimi q\u0259l\u0259m\u0259 verilir. Erm\u0259nistan\u0131n n\u0259 44 g\u00fcnl\u00fck m\u00fcharib\u0259, n\u0259 d\u0259 Qaraba\u011fda separatizm\u0259 son qoyan birg\u00fcnl\u00fck antiterror t\u0259dbirl\u0259rind\u0259n d\u0259rs \u00e7\u0131xarmad\u0131\u011f\u0131 g\u00f6r\u00fcn\u00fcr. Revan\u015fizm, \u201cB\u00f6y\u00fck Erm\u0259nistan\u201d x\u0259st\u0259liyi g\u00f6r\u00fcn\u00fcr h\u0259l\u0259 uzun m\u00fcdd\u0259t c\u0259miyy\u0259td\u0259 h\u00f6km s\u00fcr\u0259c\u0259k. Anlamaq&hellip;","_links":{"self":[{"href":"https:\/\/arantv.az\/index.php?rest_route=\/wp\/v2\/posts\/655714"}],"collection":[{"href":"https:\/\/arantv.az\/index.php?rest_route=\/wp\/v2\/posts"}],"about":[{"href":"https:\/\/arantv.az\/index.php?rest_route=\/wp\/v2\/types\/post"}],"author":[{"embeddable":true,"href":"https:\/\/arantv.az\/index.php?rest_route=\/wp\/v2\/users\/2"}],"replies":[{"embeddable":true,"href":"https:\/\/arantv.az\/index.php?rest_route=%2Fwp%2Fv2%2Fcomments&post=655714"}],"version-history":[{"count":0,"href":"https:\/\/arantv.az\/index.php?rest_route=\/wp\/v2\/posts\/655714\/revisions"}],"wp:featuredmedia":[{"embeddable":true,"href":"https:\/\/arantv.az\/index.php?rest_route=\/wp\/v2\/media\/655715"}],"wp:attachment":[{"href":"https:\/\/arantv.az\/index.php?rest_route=%2Fwp%2Fv2%2Fmedia&parent=655714"}],"wp:term":[{"taxonomy":"category","embeddable":true,"href":"https:\/\/arantv.az\/index.php?rest_route=%2Fwp%2Fv2%2Fcategories&post=655714"},{"taxonomy":"post_tag","embeddable":true,"href":"https:\/\/arantv.az\/index.php?rest_route=%2Fwp%2Fv2%2Ftags&post=655714"}],"curies":[{"name":"wp","href":"https:\/\/api.w.org\/{rel}","templated":true}]}}