{"id":655718,"date":"2023-11-13T17:42:08","date_gmt":"2023-11-13T13:42:08","guid":{"rendered":"https:\/\/arantv.az\/?p=655718"},"modified":"2023-11-13T17:42:08","modified_gmt":"2023-11-13T13:42:08","slug":"ceyhun-bayramov-m%c9%99rakesin-m%c9%99rhum-krali-v-m%c9%99h%c9%99mm%c9%99din-m%c9%99qb%c9%99r%c9%99sini-ziyar%c9%99t-edib-yenil%c9%99nib-foto","status":"publish","type":"post","link":"https:\/\/arantv.az\/?p=655718","title":{"rendered":"Ceyhun Bayramov M\u0259rake\u015fin m\u0259rhum kral\u0131 V M\u0259h\u0259mm\u0259din m\u0259qb\u0259r\u0259sini ziyar\u0259t edib &#8211; YEN\u0130L\u018fN\u0130B + FOTO"},"content":{"rendered":"<p>Xarici i\u015fl\u0259r naziri Ceyhun Bayramov Rabat \u015f\u0259h\u0259rin\u0259 s\u0259f\u0259ri \u00e7\u0259r\u00e7iv\u0259sind\u0259 M\u0259rake\u015fin m\u0259rhum kral\u0131 V M\u0259h\u0259mm\u0259din m\u0259qb\u0259r\u0259sini ziyar\u0259t edib.<\/p>\n<p>\u201cReport\u201d x\u0259b\u0259r verir ki, bu bar\u0259d\u0259 Xarici \u0130\u015fl\u0259r Nazirliyinin \u201cX\u201d hesab\u0131nda payla\u015f\u0131m edilib.<\/p>\n<p>Bildirilib ki, Ceyhun Bayramov m\u0259rhum kral\u0131n M\u0259rake\u015f qar\u015f\u0131s\u0131ndak\u0131 xidm\u0259tl\u0259ri il\u0259 ba\u011fl\u0131 fikirl\u0259rini bildirib.<\/p>\n<p><strong>16:56<\/strong><\/p>\n<p>Az\u0259rbaycan\u0131n xarici i\u015fl\u0259r naziri Ceyhun Bayramov m\u0259rake\u015fli h\u0259mkar\u0131 Nasser Bourita il\u0259 g\u00f6r\u00fc\u015f\u00fcb.<\/p>\n<p><strong>ARANTV.AZ <\/strong>\u00a0x\u0259b\u0259r verir ki, g\u00f6r\u00fc\u015f M\u0259rake\u015f-Az\u0259rbaycan Birg\u0259 Komissiyas\u0131n\u0131n 2-ci sessiyas\u0131 \u00e7\u0259r\u00e7iv\u0259sind\u0259 Rabatda ba\u015f tutub.<\/p>\n<p>&nbsp;<\/p>\n<div class=\"gallery\">\n<div class=\"gallery-i\"><img src=\"https:\/\/cdn.oxu.az\/uploads\/W1siZiIsIjIwMjMvMTEvMTMvMTYvMzgvMzUvYjM1ZTUxOTYtZDYxYS00YTdlLTljNzEtYjNmMTFjMjNiNDk3L2UxYzVlZjhjLTdkZTItMzNlMy1hMzU1LTQzYTgxZTE3ZDkxMi5qcGVnIl0sWyJwIiwiZW5jb2RlIiwianBnIiwiLXF1YWxpdHkgODAiXSxbInAiLCJ0aHVtYiIsIjU5MHg1OTBcdTAwM2UiXV0?sha=f62650f3adc92bc3\" alt=\"\" \/><\/p>\n<div class=\"gallery-i-caption\"><\/div>\n<\/div>\n<div class=\"gallery-i\"><img src=\"https:\/\/cdn.oxu.az\/uploads\/W1siZiIsIjIwMjMvMTEvMTMvMTYvMzgvMzUvOTVlYzE3MjItNTg4NC00NDExLWE4ZTAtZTkzODE5OTRhOTE0LzFhMmY2ZWJkLTkxZDctMzkxMS1iYTlmLWU3OGVkN2ZkODgwOS5qcGVnIl0sWyJwIiwiZW5jb2RlIiwianBnIiwiLXF1YWxpdHkgODAiXSxbInAiLCJ0aHVtYiIsIjU5MHg1OTBcdTAwM2UiXV0?sha=bd578de7d371461c\" alt=\"\" \/><\/p>\n<div class=\"gallery-i-caption\"><\/div>\n<\/div>\n<div class=\"gallery-i\"><img src=\"https:\/\/cdn.oxu.az\/uploads\/W1siZiIsIjIwMjMvMTEvMTMvMTYvMzgvMzUvYWE5MzZhNmMtODg1OS00YzhmLWFmNDQtMDM3NjYxY2RiYTA2LzBkNTM5ZTNhLTM3MzEtMzQ0Mi05OTBiLTI1YWY5ODFjYjA1ZC5qcGVnIl0sWyJwIiwiZW5jb2RlIiwianBnIiwiLXF1YWxpdHkgODAiXSxbInAiLCJ0aHVtYiIsIjU5MHg1OTBcdTAwM2UiXV0?sha=529f3e613113fee7\" alt=\"\" \/><\/div>\n<\/div>\n","protected":false},"excerpt":{"rendered":"<p>Xarici i\u015fl\u0259r naziri Ceyhun Bayramov Rabat \u015f\u0259h\u0259rin\u0259 s\u0259f\u0259ri \u00e7\u0259r\u00e7iv\u0259sind\u0259 M\u0259rake\u015fin m\u0259rhum kral\u0131 V M\u0259h\u0259mm\u0259din m\u0259qb\u0259r\u0259sini ziyar\u0259t edib. \u201cReport\u201d x\u0259b\u0259r verir ki, bu bar\u0259d\u0259 Xarici \u0130\u015fl\u0259r Nazirliyinin \u201cX\u201d hesab\u0131nda payla\u015f\u0131m edilib. Bildirilib ki, Ceyhun Bayramov m\u0259rhum kral\u0131n M\u0259rake\u015f qar\u015f\u0131s\u0131ndak\u0131 xidm\u0259tl\u0259ri il\u0259 ba\u011fl\u0131 fikirl\u0259rini bildirib. 16:56 Az\u0259rbaycan\u0131n xarici i\u015fl\u0259r naziri Ceyhun Bayramov m\u0259rake\u015fli h\u0259mkar\u0131 Nasser Bourita il\u0259 g\u00f6r\u00fc\u015f\u00fcb. ARANTV.AZ \u00a0x\u0259b\u0259r verir ki, g\u00f6r\u00fc\u015f M\u0259rake\u015f-Az\u0259rbaycan Birg\u0259 Komissiyas\u0131n\u0131n 2-ci sessiyas\u0131 \u00e7\u0259r\u00e7iv\u0259sind\u0259 Rabatda ba\u015f tutub. &nbsp;<\/p>\n","protected":false},"author":2,"featured_media":655719,"comment_status":"closed","ping_status":"closed","sticky":false,"template":"","format":"standard","meta":{"om_disable_all_campaigns":false,"_monsterinsights_skip_tracking":false,"_monsterinsights_sitenote_active":false,"_monsterinsights_sitenote_note":"","_monsterinsights_sitenote_category":0},"categories":[4],"tags":[],"aioseo_notices":[],"gutentor_comment":0,"rttpg_featured_image_url":{"full":["https:\/\/arantv.az\/wp-content\/uploads\/2023\/11\/e5254eb3-4f71-3d60-9a58-4760b368d584_850.jpg",620,413,false],"landscape":["https:\/\/arantv.az\/wp-content\/uploads\/2023\/11\/e5254eb3-4f71-3d60-9a58-4760b368d584_850.jpg",620,413,false],"portraits":["https:\/\/arantv.az\/wp-content\/uploads\/2023\/11\/e5254eb3-4f71-3d60-9a58-4760b368d584_850.jpg",620,413,false],"thumbnail":["https:\/\/arantv.az\/wp-content\/uploads\/2023\/11\/e5254eb3-4f71-3d60-9a58-4760b368d584_850-500x280.jpg",500,280,true],"medium":["https:\/\/arantv.az\/wp-content\/uploads\/2023\/11\/e5254eb3-4f71-3d60-9a58-4760b368d584_850-548x365.jpg",548,365,true],"large":["https:\/\/arantv.az\/wp-content\/uploads\/2023\/11\/e5254eb3-4f71-3d60-9a58-4760b368d584_850.jpg",620,413,false],"1536x1536":["https:\/\/arantv.az\/wp-content\/uploads\/2023\/11\/e5254eb3-4f71-3d60-9a58-4760b368d584_850.jpg",620,413,false],"2048x2048":["https:\/\/arantv.az\/wp-content\/uploads\/2023\/11\/e5254eb3-4f71-3d60-9a58-4760b368d584_850.jpg",620,413,false],"post-thumbnail":["https:\/\/arantv.az\/wp-content\/uploads\/2023\/11\/e5254eb3-4f71-3d60-9a58-4760b368d584_850-240x172.jpg",240,172,true],"advps-thumb-one":["https:\/\/arantv.az\/wp-content\/uploads\/2023\/11\/e5254eb3-4f71-3d60-9a58-4760b368d584_850.jpg",620,413,false]},"rttpg_author":{"display_name":"V\u00fcsal Rafiqo\u011flu","author_link":"https:\/\/arantv.az\/?author=2"},"rttpg_comment":0,"rttpg_category":"<a href=\"https:\/\/arantv.az\/?cat=4\" rel=\"category\">Siyas\u0259t<\/a>","rttpg_excerpt":"Xarici i\u015fl\u0259r naziri Ceyhun Bayramov Rabat \u015f\u0259h\u0259rin\u0259 s\u0259f\u0259ri \u00e7\u0259r\u00e7iv\u0259sind\u0259 M\u0259rake\u015fin m\u0259rhum kral\u0131 V M\u0259h\u0259mm\u0259din m\u0259qb\u0259r\u0259sini ziyar\u0259t edib. \u201cReport\u201d x\u0259b\u0259r verir ki, bu bar\u0259d\u0259 Xarici \u0130\u015fl\u0259r Nazirliyinin \u201cX\u201d hesab\u0131nda payla\u015f\u0131m edilib. Bildirilib ki, Ceyhun Bayramov m\u0259rhum kral\u0131n M\u0259rake\u015f qar\u015f\u0131s\u0131ndak\u0131 xidm\u0259tl\u0259ri il\u0259 ba\u011fl\u0131 fikirl\u0259rini bildirib. 16:56 Az\u0259rbaycan\u0131n xarici i\u015fl\u0259r naziri Ceyhun Bayramov m\u0259rake\u015fli h\u0259mkar\u0131 Nasser Bourita il\u0259&hellip;","_links":{"self":[{"href":"https:\/\/arantv.az\/index.php?rest_route=\/wp\/v2\/posts\/655718"}],"collection":[{"href":"https:\/\/arantv.az\/index.php?rest_route=\/wp\/v2\/posts"}],"about":[{"href":"https:\/\/arantv.az\/index.php?rest_route=\/wp\/v2\/types\/post"}],"author":[{"embeddable":true,"href":"https:\/\/arantv.az\/index.php?rest_route=\/wp\/v2\/users\/2"}],"replies":[{"embeddable":true,"href":"https:\/\/arantv.az\/index.php?rest_route=%2Fwp%2Fv2%2Fcomments&post=655718"}],"version-history":[{"count":0,"href":"https:\/\/arantv.az\/index.php?rest_route=\/wp\/v2\/posts\/655718\/revisions"}],"wp:featuredmedia":[{"embeddable":true,"href":"https:\/\/arantv.az\/index.php?rest_route=\/wp\/v2\/media\/655719"}],"wp:attachment":[{"href":"https:\/\/arantv.az\/index.php?rest_route=%2Fwp%2Fv2%2Fmedia&parent=655718"}],"wp:term":[{"taxonomy":"category","embeddable":true,"href":"https:\/\/arantv.az\/index.php?rest_route=%2Fwp%2Fv2%2Fcategories&post=655718"},{"taxonomy":"post_tag","embeddable":true,"href":"https:\/\/arantv.az\/index.php?rest_route=%2Fwp%2Fv2%2Ftags&post=655718"}],"curies":[{"name":"wp","href":"https:\/\/api.w.org\/{rel}","templated":true}]}}