{"id":655788,"date":"2023-11-13T20:16:45","date_gmt":"2023-11-13T16:16:45","guid":{"rendered":"https:\/\/arantv.az\/?p=655788"},"modified":"2023-11-13T20:16:45","modified_gmt":"2023-11-13T16:16:45","slug":"konstitusiya-m%c9%99hk%c9%99m%c9%99sinin-plenumu-az%c9%99rbaycan-prokurorlugunun-sorgusu-%c9%99sasinda-q%c9%99rar-q%c9%99bul-edib-2","status":"publish","type":"post","link":"https:\/\/arantv.az\/?p=655788","title":{"rendered":"Konstitusiya M\u0259hk\u0259m\u0259sinin Plenumu Az\u0259rbaycan Prokurorlu\u011funun sor\u011fusu \u0259sas\u0131nda q\u0259rar q\u0259bul edib"},"content":{"rendered":"<p>F\u0259rhad Abdullayevin s\u0259drliyi il\u0259 Konstitusiya M\u0259hk\u0259m\u0259si Plenumunun n\u00f6vb\u0259ti iclas\u0131 ke\u00e7irilib.<\/p>\n<p>Konstitusiya M\u0259hk\u0259m\u0259sinin M\u0259tbuat Xidm\u0259tind\u0259n bildiribl\u0259r ki, iclasda Az\u0259rbaycan Respublikas\u0131 Prokurorlu\u011funun sor\u011fusu \u0259sas\u0131nda Cinay\u0259t-Prosessual M\u0259c\u0259ll\u0259sinin 156.2-ci, 159.1-ci, 159.3-c\u00fc, 159.3-1-ci, 159.8-1-ci, 163.2-ci v\u0259 163.4-c\u00fc madd\u0259l\u0259rinin h\u0259min M\u0259c\u0259ll\u0259nin 84.5.11, 84.5.16, 151.2, 172.2, 290.5.2 v\u0259 290.5.3-c\u00fc madd\u0259l\u0259ri il\u0259 \u0259laq\u0259li \u015f\u0259kild\u0259 \u015f\u0259rh edilm\u0259sin\u0259 dair konstitusiya i\u015fin\u0259 bax\u0131l\u0131b.<\/p>\n<p>Konstitusiya M\u0259hk\u0259m\u0259sinin Plenumu i\u015f \u00fczr\u0259 hakim R.Qvaladzenin m\u0259ruz\u0259sini, maraql\u0131 subyektl\u0259r Ba\u015f Prokurorluq v\u0259 Milli M\u0259clis Aparat\u0131n\u0131n m\u00fclahiz\u0259l\u0259rini, Ali M\u0259hk\u0259m\u0259nin v\u0259 Bak\u0131 Apellyasiya M\u0259hk\u0259m\u0259sinin m\u00fct\u0259x\u0259ssis m\u00fclahiz\u0259l\u0259rini v\u0259 i\u015f materiallar\u0131n\u0131 ara\u015fd\u0131r\u0131b m\u00fczakir\u0259 ed\u0259r\u0259k i\u015fin materiallar\u0131n\u0131 ara\u015fd\u0131r\u0131b m\u00fczakir\u0259 ed\u0259r\u0259k q\u0259rar q\u0259bul edib.<\/p>\n<p>Q\u0259rarda deyilir ki, Az\u0259rbaycan Respublikas\u0131 Konstitusiyas\u0131n\u0131n 28-ci madd\u0259sinin I v\u0259 II hiss\u0259l\u0259rin\u0259 v\u0259 71-ci madd\u0259sinin X hiss\u0259sin\u0259 uy\u011fun olaraq v\u0259 Cinay\u0259t-Prosessual M\u0259c\u0259ll\u0259sinin 85.2.1-ci v\u0259 85.2.5-ci madd\u0259l\u0259rinin m\u0259nas\u0131na g\u00f6r\u0259, m\u00fcst\u0259ntiqin icraat\u0131nda olan cinay\u0259t i\u015fi \u00fczr\u0259 q\u0259timkan t\u0259dbirinin se\u00e7ilm\u0259si v\u0259 uzad\u0131lmas\u0131 h\u0259min M\u0259c\u0259ll\u0259nin 156.2-ci, 159.1-ci, 159.3-c\u00fc, 159.3-1-ci, 159.8-1-ci, 163.2-ci v\u0259 163.4-c\u00fc madd\u0259l\u0259rinin t\u0259l\u0259bl\u0259rin\u0259 m\u00fcvafiq olaraq m\u00fcst\u0259ntiqin \u0259sasland\u0131r\u0131lm\u0131\u015f v\u0259sat\u0259ti v\u0259 ibtidai ara\u015fd\u0131rmaya prosessual r\u0259hb\u0259rliyi h\u0259yata ke\u00e7ir\u0259n prokurorun t\u0259qdimat\u0131 \u0259sas\u0131nda m\u0259hk\u0259m\u0259 q\u0259rar\u0131 il\u0259 h\u0259yata ke\u00e7irilir.<\/p>\n<p>Cinay\u0259t i\u015fi ba\u015flam\u0131\u015f v\u0259 bu halda m\u00fcst\u0259ntiqin s\u0259lahiyy\u0259tl\u0259rind\u0259n istifad\u0259 ed\u0259r\u0259k h\u0259min i\u015fin ibtidai istintaq\u0131n\u0131 aparan prokuror Cinay\u0259t-Prosessual M\u0259c\u0259ll\u0259sinin 156-c\u0131, 159-cu v\u0259 163-c\u00fc madd\u0259l\u0259rind\u0259 g\u00f6st\u0259ril\u0259n hallarda \u015f\u00fcbh\u0259li v\u0259 ya t\u0259qsirl\u0259ndiril\u0259n \u015f\u0259xs haqq\u0131nda q\u0259timkan t\u0259dbirinin se\u00e7ilm\u0259si v\u0259 uzad\u0131lmas\u0131 bar\u0259d\u0259 t\u0259qdimatla m\u0259hk\u0259m\u0259y\u0259 m\u00fcraci\u0259t ed\u0259 bil\u0259r.<\/p>\n<p>Q\u0259rar d\u0259rc edildiyi g\u00fcnd\u0259n q\u00fcvv\u0259y\u0259 minir, q\u0259tidir, he\u00e7 bir orqan v\u0259 ya \u015f\u0259xs t\u0259r\u0259find\u0259n l\u0259\u011fv oluna, d\u0259yi\u015fdiril\u0259, yaxud r\u0259smi t\u0259fsir edil\u0259 bilm\u0259z.<\/p>\n","protected":false},"excerpt":{"rendered":"<p>F\u0259rhad Abdullayevin s\u0259drliyi il\u0259 Konstitusiya M\u0259hk\u0259m\u0259si Plenumunun n\u00f6vb\u0259ti iclas\u0131 ke\u00e7irilib. Konstitusiya M\u0259hk\u0259m\u0259sinin M\u0259tbuat Xidm\u0259tind\u0259n bildiribl\u0259r ki, iclasda Az\u0259rbaycan Respublikas\u0131 Prokurorlu\u011funun sor\u011fusu \u0259sas\u0131nda Cinay\u0259t-Prosessual M\u0259c\u0259ll\u0259sinin 156.2-ci, 159.1-ci, 159.3-c\u00fc, 159.3-1-ci, 159.8-1-ci, 163.2-ci v\u0259 163.4-c\u00fc madd\u0259l\u0259rinin h\u0259min M\u0259c\u0259ll\u0259nin 84.5.11, 84.5.16, 151.2, 172.2, 290.5.2 v\u0259 290.5.3-c\u00fc madd\u0259l\u0259ri il\u0259 \u0259laq\u0259li \u015f\u0259kild\u0259 \u015f\u0259rh edilm\u0259sin\u0259 dair konstitusiya i\u015fin\u0259 bax\u0131l\u0131b. Konstitusiya M\u0259hk\u0259m\u0259sinin Plenumu i\u015f \u00fczr\u0259 hakim R.Qvaladzenin m\u0259ruz\u0259sini, maraql\u0131 subyektl\u0259r Ba\u015f Prokurorluq v\u0259 Milli M\u0259clis Aparat\u0131n\u0131n m\u00fclahiz\u0259l\u0259rini, Ali M\u0259hk\u0259m\u0259nin v\u0259 Bak\u0131 Apellyasiya M\u0259hk\u0259m\u0259sinin m\u00fct\u0259x\u0259ssis m\u00fclahiz\u0259l\u0259rini v\u0259 i\u015f materiallar\u0131n\u0131 ara\u015fd\u0131r\u0131b m\u00fczakir\u0259 ed\u0259r\u0259k i\u015fin materiallar\u0131n\u0131 ara\u015fd\u0131r\u0131b m\u00fczakir\u0259 ed\u0259r\u0259k q\u0259rar q\u0259bul&hellip;<\/p>\n","protected":false},"author":2,"featured_media":655792,"comment_status":"closed","ping_status":"closed","sticky":false,"template":"","format":"standard","meta":{"om_disable_all_campaigns":false,"_monsterinsights_skip_tracking":false,"_monsterinsights_sitenote_active":false,"_monsterinsights_sitenote_note":"","_monsterinsights_sitenote_category":0},"categories":[4],"tags":[],"aioseo_notices":[],"gutentor_comment":0,"rttpg_featured_image_url":{"full":["https:\/\/arantv.az\/wp-content\/uploads\/2023\/11\/FotoJet-2022-12-27T202751.628-1.jpg",620,413,false],"landscape":["https:\/\/arantv.az\/wp-content\/uploads\/2023\/11\/FotoJet-2022-12-27T202751.628-1.jpg",620,413,false],"portraits":["https:\/\/arantv.az\/wp-content\/uploads\/2023\/11\/FotoJet-2022-12-27T202751.628-1.jpg",620,413,false],"thumbnail":["https:\/\/arantv.az\/wp-content\/uploads\/2023\/11\/FotoJet-2022-12-27T202751.628-1-500x280.jpg",500,280,true],"medium":["https:\/\/arantv.az\/wp-content\/uploads\/2023\/11\/FotoJet-2022-12-27T202751.628-1-548x365.jpg",548,365,true],"large":["https:\/\/arantv.az\/wp-content\/uploads\/2023\/11\/FotoJet-2022-12-27T202751.628-1.jpg",620,413,false],"1536x1536":["https:\/\/arantv.az\/wp-content\/uploads\/2023\/11\/FotoJet-2022-12-27T202751.628-1.jpg",620,413,false],"2048x2048":["https:\/\/arantv.az\/wp-content\/uploads\/2023\/11\/FotoJet-2022-12-27T202751.628-1.jpg",620,413,false],"post-thumbnail":["https:\/\/arantv.az\/wp-content\/uploads\/2023\/11\/FotoJet-2022-12-27T202751.628-1-240x172.jpg",240,172,true],"advps-thumb-one":["https:\/\/arantv.az\/wp-content\/uploads\/2023\/11\/FotoJet-2022-12-27T202751.628-1.jpg",620,413,false]},"rttpg_author":{"display_name":"V\u00fcsal Rafiqo\u011flu","author_link":"https:\/\/arantv.az\/?author=2"},"rttpg_comment":0,"rttpg_category":"<a href=\"https:\/\/arantv.az\/?cat=4\" rel=\"category\">Siyas\u0259t<\/a>","rttpg_excerpt":"F\u0259rhad Abdullayevin s\u0259drliyi il\u0259 Konstitusiya M\u0259hk\u0259m\u0259si Plenumunun n\u00f6vb\u0259ti iclas\u0131 ke\u00e7irilib. Konstitusiya M\u0259hk\u0259m\u0259sinin M\u0259tbuat Xidm\u0259tind\u0259n bildiribl\u0259r ki, iclasda Az\u0259rbaycan Respublikas\u0131 Prokurorlu\u011funun sor\u011fusu \u0259sas\u0131nda Cinay\u0259t-Prosessual M\u0259c\u0259ll\u0259sinin 156.2-ci, 159.1-ci, 159.3-c\u00fc, 159.3-1-ci, 159.8-1-ci, 163.2-ci v\u0259 163.4-c\u00fc madd\u0259l\u0259rinin h\u0259min M\u0259c\u0259ll\u0259nin 84.5.11, 84.5.16, 151.2, 172.2, 290.5.2 v\u0259 290.5.3-c\u00fc madd\u0259l\u0259ri il\u0259 \u0259laq\u0259li \u015f\u0259kild\u0259 \u015f\u0259rh edilm\u0259sin\u0259 dair konstitusiya i\u015fin\u0259 bax\u0131l\u0131b. Konstitusiya M\u0259hk\u0259m\u0259sinin Plenumu&hellip;","_links":{"self":[{"href":"https:\/\/arantv.az\/index.php?rest_route=\/wp\/v2\/posts\/655788"}],"collection":[{"href":"https:\/\/arantv.az\/index.php?rest_route=\/wp\/v2\/posts"}],"about":[{"href":"https:\/\/arantv.az\/index.php?rest_route=\/wp\/v2\/types\/post"}],"author":[{"embeddable":true,"href":"https:\/\/arantv.az\/index.php?rest_route=\/wp\/v2\/users\/2"}],"replies":[{"embeddable":true,"href":"https:\/\/arantv.az\/index.php?rest_route=%2Fwp%2Fv2%2Fcomments&post=655788"}],"version-history":[{"count":0,"href":"https:\/\/arantv.az\/index.php?rest_route=\/wp\/v2\/posts\/655788\/revisions"}],"wp:featuredmedia":[{"embeddable":true,"href":"https:\/\/arantv.az\/index.php?rest_route=\/wp\/v2\/media\/655792"}],"wp:attachment":[{"href":"https:\/\/arantv.az\/index.php?rest_route=%2Fwp%2Fv2%2Fmedia&parent=655788"}],"wp:term":[{"taxonomy":"category","embeddable":true,"href":"https:\/\/arantv.az\/index.php?rest_route=%2Fwp%2Fv2%2Fcategories&post=655788"},{"taxonomy":"post_tag","embeddable":true,"href":"https:\/\/arantv.az\/index.php?rest_route=%2Fwp%2Fv2%2Ftags&post=655788"}],"curies":[{"name":"wp","href":"https:\/\/api.w.org\/{rel}","templated":true}]}}