{"id":655796,"date":"2023-11-13T20:17:52","date_gmt":"2023-11-13T16:17:52","guid":{"rendered":"https:\/\/arantv.az\/?p=655796"},"modified":"2023-11-13T20:17:52","modified_gmt":"2023-11-13T16:17:52","slug":"turkiy%c9%99-iran-s%c9%99rh%c9%99dind%c9%99ki-z%c9%99lz%c9%99l%c9%99-naxcivanda-hiss-olunub-yenil%c9%99nib","status":"publish","type":"post","link":"https:\/\/arantv.az\/?p=655796","title":{"rendered":"T\u00fcrkiy\u0259-\u0130ran s\u0259rh\u0259dind\u0259ki z\u0259lz\u0259l\u0259 Nax\u00e7\u0131vanda hiss olunub &#8211; YEN\u0130L\u018fN\u0130B"},"content":{"rendered":"<p>Noyabr\u0131n 13-d\u0259 19:06-da T\u00fcrkiy\u0259-\u0130ran s\u0259rh\u0259dind\u0259 maqnitudas\u0131 be\u015f olan z\u0259lz\u0259l\u0259 qeyd\u0259 al\u0131n\u0131b.<\/p>\n<p>Bu bar\u0259d\u0259\u00a0<strong>Oxu.Az<\/strong>-a Az\u0259rbaycan Milli Elml\u0259r Akademiyas\u0131 n\u0259zdind\u0259 Respublika Seysmoloji Xidm\u0259t M\u0259rk\u0259zind\u0259n m\u0259lumat verilib.<\/p>\n<p>Qeyd olunub ki, z\u0259lz\u0259l\u0259 Nax\u00e7\u0131van Muxtar Respublikas\u0131nda \u00fc\u00e7 bala q\u0259d\u0259r hiss olunub.<\/p>\n<p><strong>19:07<\/strong><\/p>\n<p>Nax\u00e7\u0131vanda z\u0259lz\u0259l\u0259 olub.<\/p>\n<p><b>ARANTV.AZ <\/b>x\u0259b\u0259r verir ki, yerli vaxtla saat 18:58-d\u0259\u00a0Nax\u00e7\u0131vanda z\u0259lz\u0259l\u0259 qeyd\u0259 al\u0131n\u0131b.<\/p>\n<p>Z\u0259lz\u0259l\u0259 \u00fc\u00e7\u00a0bala q\u0259d\u0259r hiss olunub.<\/p>\n","protected":false},"excerpt":{"rendered":"<p>Noyabr\u0131n 13-d\u0259 19:06-da T\u00fcrkiy\u0259-\u0130ran s\u0259rh\u0259dind\u0259 maqnitudas\u0131 be\u015f olan z\u0259lz\u0259l\u0259 qeyd\u0259 al\u0131n\u0131b. Bu bar\u0259d\u0259\u00a0Oxu.Az-a Az\u0259rbaycan Milli Elml\u0259r Akademiyas\u0131 n\u0259zdind\u0259 Respublika Seysmoloji Xidm\u0259t M\u0259rk\u0259zind\u0259n m\u0259lumat verilib. Qeyd olunub ki, z\u0259lz\u0259l\u0259 Nax\u00e7\u0131van Muxtar Respublikas\u0131nda \u00fc\u00e7 bala q\u0259d\u0259r hiss olunub. 19:07 Nax\u00e7\u0131vanda z\u0259lz\u0259l\u0259 olub. ARANTV.AZ x\u0259b\u0259r verir ki, yerli vaxtla saat 18:58-d\u0259\u00a0Nax\u00e7\u0131vanda z\u0259lz\u0259l\u0259 qeyd\u0259 al\u0131n\u0131b. Z\u0259lz\u0259l\u0259 \u00fc\u00e7\u00a0bala q\u0259d\u0259r hiss olunub.<\/p>\n","protected":false},"author":2,"featured_media":655798,"comment_status":"closed","ping_status":"closed","sticky":false,"template":"","format":"standard","meta":{"om_disable_all_campaigns":false,"_monsterinsights_skip_tracking":false,"_monsterinsights_sitenote_active":false,"_monsterinsights_sitenote_note":"","_monsterinsights_sitenote_category":0},"categories":[1],"tags":[],"aioseo_notices":[],"gutentor_comment":0,"rttpg_featured_image_url":{"full":["https:\/\/arantv.az\/wp-content\/uploads\/2023\/11\/image_750x_6343b3f253235-1.jpg",620,413,false],"landscape":["https:\/\/arantv.az\/wp-content\/uploads\/2023\/11\/image_750x_6343b3f253235-1.jpg",620,413,false],"portraits":["https:\/\/arantv.az\/wp-content\/uploads\/2023\/11\/image_750x_6343b3f253235-1.jpg",620,413,false],"thumbnail":["https:\/\/arantv.az\/wp-content\/uploads\/2023\/11\/image_750x_6343b3f253235-1-500x280.jpg",500,280,true],"medium":["https:\/\/arantv.az\/wp-content\/uploads\/2023\/11\/image_750x_6343b3f253235-1-548x365.jpg",548,365,true],"large":["https:\/\/arantv.az\/wp-content\/uploads\/2023\/11\/image_750x_6343b3f253235-1.jpg",620,413,false],"1536x1536":["https:\/\/arantv.az\/wp-content\/uploads\/2023\/11\/image_750x_6343b3f253235-1.jpg",620,413,false],"2048x2048":["https:\/\/arantv.az\/wp-content\/uploads\/2023\/11\/image_750x_6343b3f253235-1.jpg",620,413,false],"post-thumbnail":["https:\/\/arantv.az\/wp-content\/uploads\/2023\/11\/image_750x_6343b3f253235-1-240x172.jpg",240,172,true],"advps-thumb-one":["https:\/\/arantv.az\/wp-content\/uploads\/2023\/11\/image_750x_6343b3f253235-1.jpg",620,413,false]},"rttpg_author":{"display_name":"V\u00fcsal Rafiqo\u011flu","author_link":"https:\/\/arantv.az\/?author=2"},"rttpg_comment":0,"rttpg_category":"<a href=\"https:\/\/arantv.az\/?cat=1\" rel=\"category\">C\u0259miyy\u0259t<\/a>","rttpg_excerpt":"Noyabr\u0131n 13-d\u0259 19:06-da T\u00fcrkiy\u0259-\u0130ran s\u0259rh\u0259dind\u0259 maqnitudas\u0131 be\u015f olan z\u0259lz\u0259l\u0259 qeyd\u0259 al\u0131n\u0131b. Bu bar\u0259d\u0259\u00a0Oxu.Az-a Az\u0259rbaycan Milli Elml\u0259r Akademiyas\u0131 n\u0259zdind\u0259 Respublika Seysmoloji Xidm\u0259t M\u0259rk\u0259zind\u0259n m\u0259lumat verilib. Qeyd olunub ki, z\u0259lz\u0259l\u0259 Nax\u00e7\u0131van Muxtar Respublikas\u0131nda \u00fc\u00e7 bala q\u0259d\u0259r hiss olunub. 19:07 Nax\u00e7\u0131vanda z\u0259lz\u0259l\u0259 olub. ARANTV.AZ x\u0259b\u0259r verir ki, yerli vaxtla saat 18:58-d\u0259\u00a0Nax\u00e7\u0131vanda z\u0259lz\u0259l\u0259 qeyd\u0259 al\u0131n\u0131b. Z\u0259lz\u0259l\u0259 \u00fc\u00e7\u00a0bala q\u0259d\u0259r hiss&hellip;","_links":{"self":[{"href":"https:\/\/arantv.az\/index.php?rest_route=\/wp\/v2\/posts\/655796"}],"collection":[{"href":"https:\/\/arantv.az\/index.php?rest_route=\/wp\/v2\/posts"}],"about":[{"href":"https:\/\/arantv.az\/index.php?rest_route=\/wp\/v2\/types\/post"}],"author":[{"embeddable":true,"href":"https:\/\/arantv.az\/index.php?rest_route=\/wp\/v2\/users\/2"}],"replies":[{"embeddable":true,"href":"https:\/\/arantv.az\/index.php?rest_route=%2Fwp%2Fv2%2Fcomments&post=655796"}],"version-history":[{"count":0,"href":"https:\/\/arantv.az\/index.php?rest_route=\/wp\/v2\/posts\/655796\/revisions"}],"wp:featuredmedia":[{"embeddable":true,"href":"https:\/\/arantv.az\/index.php?rest_route=\/wp\/v2\/media\/655798"}],"wp:attachment":[{"href":"https:\/\/arantv.az\/index.php?rest_route=%2Fwp%2Fv2%2Fmedia&parent=655796"}],"wp:term":[{"taxonomy":"category","embeddable":true,"href":"https:\/\/arantv.az\/index.php?rest_route=%2Fwp%2Fv2%2Fcategories&post=655796"},{"taxonomy":"post_tag","embeddable":true,"href":"https:\/\/arantv.az\/index.php?rest_route=%2Fwp%2Fv2%2Ftags&post=655796"}],"curies":[{"name":"wp","href":"https:\/\/api.w.org\/{rel}","templated":true}]}}