{"id":655799,"date":"2023-11-13T20:19:05","date_gmt":"2023-11-13T16:19:05","guid":{"rendered":"https:\/\/arantv.az\/?p=655799"},"modified":"2023-11-13T20:19:05","modified_gmt":"2023-11-13T16:19:05","slug":"deputat-b%c9%99l%c9%99diyy%c9%99-torpaqlari-uz%c9%99rind%c9%99-mulkiyy%c9%99t-s%c9%99n%c9%99dl%c9%99rinin-verilm%c9%99si-prosesi-l%c9%99ngiyir","status":"publish","type":"post","link":"https:\/\/arantv.az\/?p=655799","title":{"rendered":"Deputat: \u201cB\u0259l\u0259diyy\u0259 torpaqlar\u0131 \u00fcz\u0259rind\u0259 m\u00fclkiyy\u0259t s\u0259n\u0259dl\u0259rinin verilm\u0259si prosesi l\u0259ngiyir\u201d"},"content":{"rendered":"<p>\u201cAz\u0259rbaycanda b\u0259l\u0259diyy\u0259 torpaqlar\u0131 \u00fcz\u0259rind\u0259 m\u00fclkiyy\u0259t s\u0259n\u0259dl\u0259rinin v\u0259 x\u0259rit\u0259l\u0259rin haz\u0131rlanmas\u0131 prosesind\u0259 l\u0259ngim\u0259 ya\u015fan\u0131r\u201d.<\/p>\n<p>\u201cReport\u201d x\u0259b\u0259r verir ki, bunu deputat Kamran Bayramov Milli M\u0259clisin bu g\u00fcn ke\u00e7iril\u0259n iclas\u0131nda \u201cAz\u0259rbaycan Respublikas\u0131n\u0131n 2024-c\u00fc il d\u00f6vl\u0259t b\u00fcdc\u0259si haqq\u0131nda\u201d qanun layih\u0259sinin m\u00fczakir\u0259sind\u0259 deyib.<\/p>\n<p>Onun s\u00f6zl\u0259rin\u0259 g\u00f6r\u0259, haz\u0131rda \u00f6lk\u0259 \u00fczr\u0259 y\u00fczminl\u0259rl\u0259 s\u0259n\u0259dsiz ev m\u00f6vcuddur:<\/p>\n<p>\u201c2011-ci ilin mart ay\u0131nda Prezident r\u0259smi icaz\u0259 olmadan tikilmi\u015f evl\u0259rin s\u0259n\u0259dl\u0259\u015fdirilm\u0259si il\u0259 ba\u011fl\u0131 h\u00f6kum\u0259t\u0259 x\u00fcsusi tap\u015f\u0131r\u0131q verib v\u0259 onun icras\u0131 istiqam\u0259tind\u0259 m\u00fc\u0259yy\u0259n i\u015fl\u0259r d\u0259 g\u00f6r\u00fcl\u00fcb. \u201cDa\u015f\u0131nmaz \u0259mlak\u0131n d\u00f6vl\u0259t reyestri haqq\u0131nda\u201d Qanuna 2015-ci ild\u0259 edilmi\u015f d\u0259yi\u015fiklikl\u0259 s\u0259n\u0259dsiz evl\u0259rin qeydiyyat\u0131 asanla\u015fd\u0131r\u0131l\u0131b, Prezidentin 2015-ci v\u0259 2019-cu ill\u0259rd\u0259 imzalad\u0131\u011f\u0131 m\u00fcvafiq f\u0259rmanlara \u0259sas\u0259n, 200 min\u0259 yax\u0131n f\u0259rdi ya\u015fay\u0131\u015f evi v\u0259 m\u0259nzil s\u0259n\u0259dl\u0259\u015fdirilib\u201d.<\/p>\n<p>K.Bayramov xat\u0131rlad\u0131b ki, \u00f6t\u0259n ilin aprel ay\u0131nda is\u0259 Prezidentin imzalad\u0131\u011f\u0131 f\u0259rmanlara \u0259sas\u0259n, \u0259vv\u0259ll\u0259r h\u00fcquqm\u00fc\u0259yy\u0259nedici s\u0259n\u0259d hesab olunmayan bir s\u0131ra s\u0259n\u0259dl\u0259r h\u00fcquqlar\u0131n qeydiyyat\u0131 \u00fc\u00e7\u00fcn \u0259saslar s\u0131ras\u0131na daxil edilib:<\/p>\n<p>\u201cT\u0259bii f\u0259lak\u0259t, texnogen q\u0259za v\u0259 ya h\u0259rbi \u0259m\u0259liyyat n\u0259tic\u0259sind\u0259 m\u0259hv olmu\u015f, yaxud yarars\u0131z v\u0259ziyy\u0259t\u0259 d\u00fc\u015fm\u00fc\u015f ya\u015fay\u0131\u015f sah\u0259l\u0259rinin \u0259v\u0259zin\u0259 d\u00f6vl\u0259t v\u0259saiti hesab\u0131na in\u015fa edilmi\u015f yeni ya\u015fay\u0131\u015f evl\u0259rinin v\u0259 \u00e7oxm\u0259nzilli ya\u015fay\u0131\u015f binalar\u0131n\u0131n m\u0259nzill\u0259rinin s\u0259n\u0259dl\u0259\u015fdirilm\u0259si n\u0259z\u0259rd\u0259 tutulub. Bu f\u0259rmanlar\u0131n icras\u0131, \u015f\u00fcbh\u0259siz ki, \u00f6lk\u0259d\u0259 s\u0259n\u0259dsiz evl\u0259rin say\u0131n\u0131n azald\u0131lmas\u0131na xidm\u0259t ed\u0259c\u0259k. Eyni zamanda, 2019-cu ild\u0259n etibar\u0259n \u0130qtisadiyyat Nazirliyi t\u0259r\u0259find\u0259n s\u0259n\u0259dsiz tikilil\u0259rin inventarla\u015fd\u0131r\u0131lmas\u0131 h\u0259yata ke\u00e7irilib v\u0259 pandemiyan\u0131n ba\u015fland\u0131\u011f\u0131 d\u00f6vr\u0259d\u0259k \u00f6lk\u0259d\u0259 240 min\u0259 yax\u0131n s\u0259n\u0259dsiz ev v\u0259 m\u0259nzil inventarla\u015fd\u0131r\u0131l\u0131b. Lakin t\u0259\u0259ss\u00fcf ki, pandemiya ucbat\u0131ndan v\u0259 dig\u0259r s\u0259b\u0259bl\u0259rd\u0259n inventarla\u015fma prosesi l\u0259ngiyib\u201d.<\/p>\n<p>Deputat d\u00fc\u015f\u00fcn\u00fcr ki, h\u0259r iki prosesin canland\u0131r\u0131lmas\u0131 bir \u00e7ox probleml\u0259rin h\u0259llin\u0259 s\u0259b\u0259b olacaq:<\/p>\n<p>\u201cH\u0259m v\u0259t\u0259nda\u015flar\u0131n \u0259mlaklar\u0131 \u00fcz\u0259rind\u0259 s\u0259r\u0259ncam verm\u0259k h\u00fcququnu t\u0259min ed\u0259c\u0259k, h\u0259m \u00f6lk\u0259nin da\u015f\u0131nmaz \u0259mlak bazar\u0131n\u0131 canland\u0131racaq. Bundan ba\u015fqa, b\u0259l\u0259diyy\u0259l\u0259rin fiziki \u015f\u0259xsl\u0259rd\u0259n y\u0131\u011fd\u0131\u011f\u0131 torpaq v\u0259 \u0259mlak vergil\u0259ri \u00fczr\u0259 vergitutma bazas\u0131 geni\u015fl\u0259ndiril\u0259c\u0259k, yerli b\u00fcdc\u0259l\u0259r\u0259 v\u0259 d\u00f6vl\u0259t b\u00fcdc\u0259sin\u0259 daxil olan v\u0259saitl\u0259rin h\u0259cmi \u0259h\u0259miyy\u0259tli d\u0259r\u0259c\u0259d\u0259 artacaq. Bununla \u0259laq\u0259dar, s\u0259n\u0259dsiz evl\u0259rin s\u0259n\u0259dl\u0259\u015fdirilm\u0259si v\u0259 b\u0259l\u0259diyy\u0259 torpaqlar\u0131 \u00fcz\u0259rind\u0259 m\u00fclkiyy\u0259t s\u0259n\u0259dl\u0259rinin v\u0259 x\u0259rit\u0259l\u0259rin haz\u0131rlanmas\u0131 i\u015finin s\u00fcr\u0259tl\u0259ndirilm\u0259si m\u0259qs\u0259dil\u0259 2024-c\u00fc il d\u00f6vl\u0259t b\u00fcdc\u0259sind\u0259 \u0130qtisadiyyat Nazirliyin\u0259 ayr\u0131lmas\u0131 n\u0259z\u0259rd\u0259 tutulan v\u0259saitin art\u0131r\u0131lmas\u0131n\u0131 t\u0259klif etm\u0259k ist\u0259rdim\u201d.<\/p>\n","protected":false},"excerpt":{"rendered":"<p>\u201cAz\u0259rbaycanda b\u0259l\u0259diyy\u0259 torpaqlar\u0131 \u00fcz\u0259rind\u0259 m\u00fclkiyy\u0259t s\u0259n\u0259dl\u0259rinin v\u0259 x\u0259rit\u0259l\u0259rin haz\u0131rlanmas\u0131 prosesind\u0259 l\u0259ngim\u0259 ya\u015fan\u0131r\u201d. \u201cReport\u201d x\u0259b\u0259r verir ki, bunu deputat Kamran Bayramov Milli M\u0259clisin bu g\u00fcn ke\u00e7iril\u0259n iclas\u0131nda \u201cAz\u0259rbaycan Respublikas\u0131n\u0131n 2024-c\u00fc il d\u00f6vl\u0259t b\u00fcdc\u0259si haqq\u0131nda\u201d qanun layih\u0259sinin m\u00fczakir\u0259sind\u0259 deyib. Onun s\u00f6zl\u0259rin\u0259 g\u00f6r\u0259, haz\u0131rda \u00f6lk\u0259 \u00fczr\u0259 y\u00fczminl\u0259rl\u0259 s\u0259n\u0259dsiz ev m\u00f6vcuddur: \u201c2011-ci ilin mart ay\u0131nda Prezident r\u0259smi icaz\u0259 olmadan tikilmi\u015f evl\u0259rin s\u0259n\u0259dl\u0259\u015fdirilm\u0259si il\u0259 ba\u011fl\u0131 h\u00f6kum\u0259t\u0259 x\u00fcsusi tap\u015f\u0131r\u0131q verib v\u0259 onun icras\u0131 istiqam\u0259tind\u0259 m\u00fc\u0259yy\u0259n i\u015fl\u0259r d\u0259 g\u00f6r\u00fcl\u00fcb. \u201cDa\u015f\u0131nmaz \u0259mlak\u0131n d\u00f6vl\u0259t reyestri haqq\u0131nda\u201d Qanuna 2015-ci ild\u0259 edilmi\u015f d\u0259yi\u015fiklikl\u0259 s\u0259n\u0259dsiz evl\u0259rin qeydiyyat\u0131 asanla\u015fd\u0131r\u0131l\u0131b, Prezidentin 2015-ci v\u0259 2019-cu&hellip;<\/p>\n","protected":false},"author":2,"featured_media":655802,"comment_status":"closed","ping_status":"closed","sticky":false,"template":"","format":"standard","meta":{"om_disable_all_campaigns":false,"_monsterinsights_skip_tracking":false,"_monsterinsights_sitenote_active":false,"_monsterinsights_sitenote_note":"","_monsterinsights_sitenote_category":0},"categories":[1],"tags":[],"aioseo_notices":[],"gutentor_comment":0,"rttpg_featured_image_url":{"full":["https:\/\/arantv.az\/wp-content\/uploads\/2023\/11\/belediyye2023-04-04-15-04-13.jpg",620,413,false],"landscape":["https:\/\/arantv.az\/wp-content\/uploads\/2023\/11\/belediyye2023-04-04-15-04-13.jpg",620,413,false],"portraits":["https:\/\/arantv.az\/wp-content\/uploads\/2023\/11\/belediyye2023-04-04-15-04-13.jpg",620,413,false],"thumbnail":["https:\/\/arantv.az\/wp-content\/uploads\/2023\/11\/belediyye2023-04-04-15-04-13-500x280.jpg",500,280,true],"medium":["https:\/\/arantv.az\/wp-content\/uploads\/2023\/11\/belediyye2023-04-04-15-04-13-548x365.jpg",548,365,true],"large":["https:\/\/arantv.az\/wp-content\/uploads\/2023\/11\/belediyye2023-04-04-15-04-13.jpg",620,413,false],"1536x1536":["https:\/\/arantv.az\/wp-content\/uploads\/2023\/11\/belediyye2023-04-04-15-04-13.jpg",620,413,false],"2048x2048":["https:\/\/arantv.az\/wp-content\/uploads\/2023\/11\/belediyye2023-04-04-15-04-13.jpg",620,413,false],"post-thumbnail":["https:\/\/arantv.az\/wp-content\/uploads\/2023\/11\/belediyye2023-04-04-15-04-13-240x172.jpg",240,172,true],"advps-thumb-one":["https:\/\/arantv.az\/wp-content\/uploads\/2023\/11\/belediyye2023-04-04-15-04-13.jpg",620,413,false]},"rttpg_author":{"display_name":"V\u00fcsal Rafiqo\u011flu","author_link":"https:\/\/arantv.az\/?author=2"},"rttpg_comment":0,"rttpg_category":"<a href=\"https:\/\/arantv.az\/?cat=1\" rel=\"category\">C\u0259miyy\u0259t<\/a>","rttpg_excerpt":"\u201cAz\u0259rbaycanda b\u0259l\u0259diyy\u0259 torpaqlar\u0131 \u00fcz\u0259rind\u0259 m\u00fclkiyy\u0259t s\u0259n\u0259dl\u0259rinin v\u0259 x\u0259rit\u0259l\u0259rin haz\u0131rlanmas\u0131 prosesind\u0259 l\u0259ngim\u0259 ya\u015fan\u0131r\u201d. \u201cReport\u201d x\u0259b\u0259r verir ki, bunu deputat Kamran Bayramov Milli M\u0259clisin bu g\u00fcn ke\u00e7iril\u0259n iclas\u0131nda \u201cAz\u0259rbaycan Respublikas\u0131n\u0131n 2024-c\u00fc il d\u00f6vl\u0259t b\u00fcdc\u0259si haqq\u0131nda\u201d qanun layih\u0259sinin m\u00fczakir\u0259sind\u0259 deyib. Onun s\u00f6zl\u0259rin\u0259 g\u00f6r\u0259, haz\u0131rda \u00f6lk\u0259 \u00fczr\u0259 y\u00fczminl\u0259rl\u0259 s\u0259n\u0259dsiz ev m\u00f6vcuddur: \u201c2011-ci ilin mart ay\u0131nda Prezident r\u0259smi icaz\u0259 olmadan&hellip;","_links":{"self":[{"href":"https:\/\/arantv.az\/index.php?rest_route=\/wp\/v2\/posts\/655799"}],"collection":[{"href":"https:\/\/arantv.az\/index.php?rest_route=\/wp\/v2\/posts"}],"about":[{"href":"https:\/\/arantv.az\/index.php?rest_route=\/wp\/v2\/types\/post"}],"author":[{"embeddable":true,"href":"https:\/\/arantv.az\/index.php?rest_route=\/wp\/v2\/users\/2"}],"replies":[{"embeddable":true,"href":"https:\/\/arantv.az\/index.php?rest_route=%2Fwp%2Fv2%2Fcomments&post=655799"}],"version-history":[{"count":0,"href":"https:\/\/arantv.az\/index.php?rest_route=\/wp\/v2\/posts\/655799\/revisions"}],"wp:featuredmedia":[{"embeddable":true,"href":"https:\/\/arantv.az\/index.php?rest_route=\/wp\/v2\/media\/655802"}],"wp:attachment":[{"href":"https:\/\/arantv.az\/index.php?rest_route=%2Fwp%2Fv2%2Fmedia&parent=655799"}],"wp:term":[{"taxonomy":"category","embeddable":true,"href":"https:\/\/arantv.az\/index.php?rest_route=%2Fwp%2Fv2%2Fcategories&post=655799"},{"taxonomy":"post_tag","embeddable":true,"href":"https:\/\/arantv.az\/index.php?rest_route=%2Fwp%2Fv2%2Ftags&post=655799"}],"curies":[{"name":"wp","href":"https:\/\/api.w.org\/{rel}","templated":true}]}}