{"id":655808,"date":"2023-11-13T20:20:47","date_gmt":"2023-11-13T16:20:47","guid":{"rendered":"https:\/\/arantv.az\/?p=655808"},"modified":"2023-11-13T20:20:47","modified_gmt":"2023-11-13T16:20:47","slug":"politoloq-az%c9%99rbaycan-butun-dunyaya-muasir-muharib%c9%99nin-nec%c9%99-aparildigini-gost%c9%99rdi","status":"publish","type":"post","link":"https:\/\/arantv.az\/?p=655808","title":{"rendered":"Politoloq: \u201cAz\u0259rbaycan b\u00fct\u00fcn d\u00fcnyaya m\u00fcasir m\u00fcharib\u0259nin nec\u0259 apar\u0131ld\u0131\u011f\u0131n\u0131 g\u00f6st\u0259rdi\u201d"},"content":{"rendered":"<p>\u201cAz\u0259rbaycan b\u00fct\u00fcn d\u00fcnyaya m\u00fcasir m\u00fcharib\u0259l\u0259rin nec\u0259 apar\u0131lmal\u0131 oldu\u011funu g\u00f6st\u0259rdi ki, bu da Ukrayna v\u0259 Q\u0259zza zola\u011f\u0131nda ged\u0259n m\u00fcharib\u0259 fonunda x\u00fcsusil\u0259 diqq\u0259ti c\u0259lb edir\u201d.<\/p>\n<p>\u201cReport\u201d\u00a0x\u0259b\u0259r verir ki, bu bar\u0259d\u0259 Saratov vilay\u0259t dumas\u0131n\u0131n \u201cVahid Rusiya\u201ddan olan ke\u00e7mi\u015f deputat\u0131, politoloq Dmitri \u00c7ern\u0131\u015fevski \u00f6z\u00fcn\u00fcn yutub kanal\u0131nda Ukrayna v\u0259 \u0130sraild\u0259ki qar\u015f\u0131durmalar\u0131 t\u0259hlil ed\u0259rk\u0259n dan\u0131\u015f\u0131b.<\/p>\n<p>\u201c\u00c7\u0259tin ki, kims\u0259 analogiyalar apar\u0131b v\u0259 Az\u0259rbaycan\u0131 h\u0259m \u0130srail, h\u0259m d\u0259 Ukraynaya n\u00fcmun\u0259 g\u00f6st\u0259rib. Az\u0259rbaycan m\u00fcasir reall\u0131qlarda Ukraynaya, el\u0259c\u0259 d\u0259 \u0130srail\u0259 m\u00fcharib\u0259nin nec\u0259 apar\u0131lmal\u0131 oldu\u011funu g\u00f6st\u0259rir\u201d, &#8211; analitik bildirib.<\/p>\n<p>O, hesab edir ki, m\u00fcasir m\u00fcharib\u0259l\u0259rd\u0259 informasiya komponenti \u0259vv\u0259lki d\u00f6vrl\u0259rd\u0259n daha vacib rol oynay\u0131r:<\/p>\n<p>\u201cM\u00fcharib\u0259l\u0259r rabit\u0259nin s\u00fcr\u0259tli inki\u015faf\u0131 il\u0259 televiziyan\u0131n \u0259sas informasiya m\u0259nb\u0259yi kimi inhisar\u0131n\u0131 itirdiyi informasiya \u0259srind\u0259 gedir. Sosial \u015f\u0259b\u0259k\u0259l\u0259r \u00e7ox aktivdir, informasiya m\u0259kan\u0131 b\u00f6y\u00fckd\u00fcr, m\u00fcharib\u0259 canl\u0131 yay\u0131mda g\u00f6st\u0259rilir\u201d.<\/p>\n<p>Politoloq vur\u011fulay\u0131b ki, Ukrayna \u00fc\u00e7\u00fcn AB\u015e-nin ictimai r\u0259yi, AB\u015e elitas\u0131n\u0131n r\u0259yi u\u011frunda m\u00fcbariz\u0259 ist\u0259nil\u0259n h\u0259rbi \u0259m\u0259liyyatdan daha vacibdir:<\/p>\n<p>\u201c\u00c7\u00fcnki Ukraynan\u0131n m\u00fcharib\u0259d\u0259 qalib olub-olmayaca\u011f\u0131 m\u0259hz onun Q\u0259rb ictimai r\u0259yind\u0259ki m\u00f6vqeyid\u0259n as\u0131l\u0131d\u0131r. Ukrayna ba\u015fqas\u0131n\u0131n pulu il\u0259 m\u00fcharib\u0259 apar\u0131r, ona g\u00f6r\u0259 d\u0259 Ram\u015fteyn koalisiyas\u0131ndak\u0131 m\u00fctt\u0259fiql\u0259rind\u0259n kritik d\u0259r\u0259c\u0259d\u0259 as\u0131l\u0131d\u0131r. Eyni zamanda, Ukrayna informasiya sah\u0259sind\u0259 s\u0259yl\u0259rini maksimum d\u0259r\u0259c\u0259d\u0259 art\u0131rmad\u0131\u011f\u0131 \u00fc\u00e7\u00fcn indi bel\u0259 bir v\u0259ziyy\u0259tl\u0259 \u00fczl\u0259\u015fib. O, h\u0259rbi komponentd\u0259n daha \u00e7ox informasiya komponentind\u0259n as\u0131l\u0131d\u0131r\u201d.<\/p>\n<p>\u201cAncaq \u0130srail, q\u0259rib\u0259 d\u0259 olsa, eyni \u015f\u0259kild\u0259 informasiya komponentind\u0259n as\u0131l\u0131d\u0131r. Bunu amerikal\u0131lar y\u00fcks\u0259k r\u00fctb\u0259li r\u0259smil\u0259rinin dili il\u0259 bel\u0259 deyirl\u0259r &#8211; m\u00fcharib\u0259nizin bitm\u0259sin\u0259 2-3 h\u0259ft\u0259 vaxt\u0131n\u0131z var, \u0259ks halda biz siz\u0259 d\u0259st\u0259k ola, beyn\u0259lxalq v\u0259 ictimai t\u0259zyiq\u0259 d\u00f6z\u0259 bilm\u0259y\u0259c\u0259yik. Dem\u0259li, \u0130srail d\u0259 ictimai r\u0259yd\u0259n as\u0131l\u0131d\u0131r\u201d, &#8211; dey\u0259n D.\u00c7ern\u0131\u015fevski qeyd edib ki, Az\u0259rbaycan da informasiya komponentind\u0259n \u00e7ox as\u0131l\u0131 idi.<\/p>\n<p>\u201cErm\u0259nistan Az\u0259rbaycan\u0131n bir hiss\u0259sini i\u015f\u011fal etdikd\u0259 \u00f6lk\u0259d\u0259 \u0259n az\u0131 700 min, b\u0259lk\u0259 d\u0259 bir milyon qa\u00e7q\u0131n var idi. Yurd-yuvalar\u0131ndan did\u0259rgin sal\u0131nan, m\u00fclkl\u0259ri \u0259lind\u0259n al\u0131nan, \u00f6ld\u00fcr\u00fcl\u0259n, t\u0259cav\u00fcz\u0259 u\u011frayan bu insanlar \u00fc\u00e7\u00fcn Q\u0259rbd\u0259 he\u00e7 kim g\u00f6z ya\u015f\u0131 t\u00f6km\u0259yib. Q\u0259rb h\u0259r \u015fey\u0259 g\u00f6z yumub. \u00c7\u00fcnki o vaxtlar, 1990-c\u0131 ill\u0259rd\u0259 Erm\u0259nistan informasiya g\u00fcnd\u0259min\u0259 tamamil\u0259 hakim idi. Bu ill\u0259rd\u0259 Az\u0259rbaycan t\u0259kc\u0259 Birinci Qaraba\u011f m\u00fcharib\u0259sind\u0259 deyil, informasiya m\u00fcharib\u0259sind\u0259 d\u0259 uduzdu\u201d, &#8211; ekspert bildirib.<\/p>\n<p>\u201c\u0130ndi is\u0259 n\u0259 g\u00f6r\u00fcr\u00fck? Az\u0259rbaycan h\u0259m informasiya sah\u0259sind\u0259, h\u0259m d\u0259 \u0130kinci Qaraba\u011f m\u00fcharib\u0259sind\u0259 parlaq q\u0259l\u0259b\u0259 qazand\u0131. Q\u0259rb daxil olmaqla, m\u00fcxt\u0259lif yerl\u0259rd\u0259 Az\u0259rbaycan\u0131n \u0259leyhin\u0259 v\u0259 tamamil\u0259 yalan fikirl\u0259r s\u0259sl\u0259ndirilir. \u00c7\u00fcnki onlar reall\u0131\u011fa m\u0259h\u0259l qoymurlar. Lakin bu fikirl\u0259r Az\u0259rbaycana olan m\u00fcsb\u0259t m\u00fcnasib\u0259tl\u0259r fonunda n\u0259z\u0259r\u0259 \u00e7arpm\u0131r\u201d, &#8211; politoloq qeyd edib.<\/p>\n<p>Onun s\u00f6zl\u0259rin\u0259 g\u00f6r\u0259, Az\u0259rbaycan Qaraba\u011f m\u0259s\u0259l\u0259sini h\u0259ll edib:<\/p>\n<p>\u201cDo\u011frudur, erm\u0259nil\u0259r bu \u0259razid\u0259n gedibl\u0259r. Amma he\u00e7 kim onlar\u0131 buradan qovmay\u0131b. H\u0259tta bunu Avropa Parlamenti v\u0259 bu qurumun deputatlar\u0131 etiraf edib. Erm\u0259nil\u0259r \u00f6zl\u0259ri getdil\u0259r, onlar\u0131 he\u00e7 k\u0259s qovmad\u0131, \u00e7\u00fcnki onlar\u0131n vicdanlar\u0131 t\u0259miz deyildi. Onlar ya 30 il \u0259vv\u0259l az\u0259rbaycanl\u0131lar\u0131n bu \u0259razil\u0259rd\u0259n did\u0259rgin sal\u0131nmas\u0131nda i\u015ftirak edibl\u0259r, ya da onlar\u0131n \u201cDa\u011fl\u0131q Qaraba\u011f ordusu\u201d adl\u0131 terror\u00e7u strukturda qohumlar\u0131 olub. Buna g\u00f6r\u0259 d\u0259 az\u0259rbaycanl\u0131 qon\u015fular\u0131n\u0131n onlara bel\u0259 bir sual \u00fcnvanlayacaqlar\u0131ndan qorxurdular: \u201cM\u0259nim m\u00fclk\u00fcm, evim, avtomobilim haradad\u0131r?\u201d. Bundan ba\u015fqa, az\u0259rbaycanl\u0131lar buraya qay\u0131td\u0131qdan sonra t\u0259hqir edilmi\u015f m\u0259scidl\u0259rini, yerl\u0259-yeksan olunmu\u015f k\u0259ndl\u0259rini g\u00f6r\u0259c\u0259kl\u0259r\u201d.<\/p>\n<p>O \u0259lav\u0259 edib ki, erm\u0259nil\u0259r \u00f6zl\u0259rini g\u00fcnahkar hesab etdikl\u0259ri, \u00f6z \u0259m\u0259ll\u0259rin\u0259 g\u00f6r\u0259 utand\u0131qlar\u0131 \u00fc\u00e7\u00fcn bu \u0259razil\u0259ri t\u0259rk edibl\u0259r.<\/p>\n<p>Politoloq vur\u011fulay\u0131b ki, Az\u0259rbaycan qalib g\u0259lm\u0259yin \u00e7ox \u00e7\u0259tin oldu\u011fu bir v\u0259ziyy\u0259td\u0259 q\u0259l\u0259b\u0259 qazan\u0131b:<\/p>\n<p>\u201cBu, kifay\u0259t q\u0259d\u0259r h\u0259ssas v\u0259 \u00e7\u0259tin v\u0259ziyy\u0259t idi. Burada g\u00fcnahkar t\u0259r\u0259f olmaq \u00e7ox asan idi. Amma Az\u0259rbaycan bu v\u0259ziyy\u0259tl\u0259 \u00fczl\u0259\u015fm\u0259di. Y\u0259ni Az\u0259rbaycan informasiya sah\u0259sind\u0259 tam q\u0259l\u0259b\u0259 qazand\u0131. Lokal antiterror t\u0259dbirl\u0259ri c\u0259mi iki g\u00fcn davam edib. Bu m\u00fcdd\u0259t \u0259rzind\u0259 Az\u0259rbaycan qalib g\u0259lib v\u0259 bununla da \u201cblitskriq\u201d t\u0259min edilib. \u018fslind\u0259, bu, z\u0259ruri \u015f\u0259rtdir\u201d.<\/p>\n<p>D.\u00c7ern\u0131\u015fevskinin fikrinc\u0259, Ukrayna da \u0130srail kimi haql\u0131 t\u0259r\u0259f oldu\u011funu g\u00f6st\u0259rm\u0259k \u00fc\u00e7\u00fcn he\u00e7 n\u0259 etmir:<\/p>\n<p>\u201cAz\u0259rbaycan biz\u0259 n\u0259yi v\u0259 nec\u0259 ed\u0259c\u0259yini g\u00f6st\u0259rdi. Az\u0259rbaycan m\u00fcharib\u0259y\u0259 haz\u0131rla\u015fd\u0131, informasiya platformas\u0131 haz\u0131rlad\u0131, informasiya m\u00fcharib\u0259sind\u0259 Erm\u0259nistan d\u00f6vl\u0259tini tamamil\u0259 m\u0259\u011flub etdi v\u0259 \u201cblitskriq\u201d h\u0259yata ke\u00e7irdi\u201d.<\/p>\n<p>Ekspertin s\u00f6zl\u0259rin\u0259 g\u00f6r\u0259, Az\u0259rbaycan \u00f6z \u201cblitskriqi\u201d v\u0259 informasiya komponenti il\u0259 h\u0259m Ukraynaya, h\u0259m d\u0259 \u0130srail\u0259 tamamil\u0259 q\u00fcsursuz n\u00fcmun\u0259 g\u00f6st\u0259rir:<\/p>\n<p>\u201cSon \u00fc\u00e7 m\u00fcharib\u0259d\u0259n yaln\u0131z biri m\u00fcasir idi. S\u00f6hb\u0259t \u0130kinci Qaraba\u011f m\u00fcharib\u0259sind\u0259n gedir. Bu, \u00e7ox g\u00fccl\u00fc informasiya d\u0259st\u0259yi il\u0259 m\u00fc\u015fayi\u0259t edil\u0259n ild\u0131r\u0131ms\u00fcr\u0259tli m\u00fcharib\u0259 idi\u201d.<\/p>\n<p>O qeyd edib ki, Ukrayna m\u00fcharib\u0259si 1915-ci ilin, \u0130srail m\u00fcharib\u0259si is\u0259 1980-ci ilin m\u00fcharib\u0259sidir:<\/p>\n<p>\u201cY\u0259ni bunlar k\u00f6hn\u0259lmi\u015f qaydalarla apar\u0131lan m\u00fcharib\u0259l\u0259rdir. Buna g\u00f6r\u0259 d\u0259 probleml\u0259r yaran\u0131r. Ukrayna bu m\u00fcharib\u0259ni nec\u0259 aparaca\u011f\u0131n\u0131 ba\u015fa d\u00fc\u015fs\u0259 d\u0259, qalib g\u0259l\u0259 bilmir. Sad\u0259c\u0259 m\u00fcxt\u0259lif s\u0259b\u0259bl\u0259r\u0259 g\u00f6r\u0259 kifay\u0259t q\u0259d\u0259r g\u00fcc\u00fc yoxdur. \u0130srail d\u0259 qalib g\u0259l\u0259 bil\u0259r, amma bunu nec\u0259 ed\u0259c\u0259yini bilmir. M\u0259hz bu amill\u0259r sadalanan \u00f6lk\u0259l\u0259rin \u0259leyhin\u0259 i\u015fl\u0259yir\u201d.<\/p>\n","protected":false},"excerpt":{"rendered":"<p>\u201cAz\u0259rbaycan b\u00fct\u00fcn d\u00fcnyaya m\u00fcasir m\u00fcharib\u0259l\u0259rin nec\u0259 apar\u0131lmal\u0131 oldu\u011funu g\u00f6st\u0259rdi ki, bu da Ukrayna v\u0259 Q\u0259zza zola\u011f\u0131nda ged\u0259n m\u00fcharib\u0259 fonunda x\u00fcsusil\u0259 diqq\u0259ti c\u0259lb edir\u201d. \u201cReport\u201d\u00a0x\u0259b\u0259r verir ki, bu bar\u0259d\u0259 Saratov vilay\u0259t dumas\u0131n\u0131n \u201cVahid Rusiya\u201ddan olan ke\u00e7mi\u015f deputat\u0131, politoloq Dmitri \u00c7ern\u0131\u015fevski \u00f6z\u00fcn\u00fcn yutub kanal\u0131nda Ukrayna v\u0259 \u0130sraild\u0259ki qar\u015f\u0131durmalar\u0131 t\u0259hlil ed\u0259rk\u0259n dan\u0131\u015f\u0131b. \u201c\u00c7\u0259tin ki, kims\u0259 analogiyalar apar\u0131b v\u0259 Az\u0259rbaycan\u0131 h\u0259m \u0130srail, h\u0259m d\u0259 Ukraynaya n\u00fcmun\u0259 g\u00f6st\u0259rib. Az\u0259rbaycan m\u00fcasir reall\u0131qlarda Ukraynaya, el\u0259c\u0259 d\u0259 \u0130srail\u0259 m\u00fcharib\u0259nin nec\u0259 apar\u0131lmal\u0131 oldu\u011funu g\u00f6st\u0259rir\u201d, &#8211; analitik bildirib. O, hesab edir ki, m\u00fcasir m\u00fcharib\u0259l\u0259rd\u0259 informasiya komponenti \u0259vv\u0259lki d\u00f6vrl\u0259rd\u0259n daha vacib&hellip;<\/p>\n","protected":false},"author":2,"featured_media":655811,"comment_status":"closed","ping_status":"closed","sticky":false,"template":"","format":"standard","meta":{"om_disable_all_campaigns":false,"_monsterinsights_skip_tracking":false,"_monsterinsights_sitenote_active":false,"_monsterinsights_sitenote_note":"","_monsterinsights_sitenote_category":0},"categories":[4],"tags":[],"aioseo_notices":[],"gutentor_comment":0,"rttpg_featured_image_url":{"full":["https:\/\/arantv.az\/wp-content\/uploads\/2023\/11\/c8c0b0f0-cbfb-3200-a11f-3d12ea08844b_850.jpg",620,413,false],"landscape":["https:\/\/arantv.az\/wp-content\/uploads\/2023\/11\/c8c0b0f0-cbfb-3200-a11f-3d12ea08844b_850.jpg",620,413,false],"portraits":["https:\/\/arantv.az\/wp-content\/uploads\/2023\/11\/c8c0b0f0-cbfb-3200-a11f-3d12ea08844b_850.jpg",620,413,false],"thumbnail":["https:\/\/arantv.az\/wp-content\/uploads\/2023\/11\/c8c0b0f0-cbfb-3200-a11f-3d12ea08844b_850-500x280.jpg",500,280,true],"medium":["https:\/\/arantv.az\/wp-content\/uploads\/2023\/11\/c8c0b0f0-cbfb-3200-a11f-3d12ea08844b_850-548x365.jpg",548,365,true],"large":["https:\/\/arantv.az\/wp-content\/uploads\/2023\/11\/c8c0b0f0-cbfb-3200-a11f-3d12ea08844b_850.jpg",620,413,false],"1536x1536":["https:\/\/arantv.az\/wp-content\/uploads\/2023\/11\/c8c0b0f0-cbfb-3200-a11f-3d12ea08844b_850.jpg",620,413,false],"2048x2048":["https:\/\/arantv.az\/wp-content\/uploads\/2023\/11\/c8c0b0f0-cbfb-3200-a11f-3d12ea08844b_850.jpg",620,413,false],"post-thumbnail":["https:\/\/arantv.az\/wp-content\/uploads\/2023\/11\/c8c0b0f0-cbfb-3200-a11f-3d12ea08844b_850-240x172.jpg",240,172,true],"advps-thumb-one":["https:\/\/arantv.az\/wp-content\/uploads\/2023\/11\/c8c0b0f0-cbfb-3200-a11f-3d12ea08844b_850.jpg",620,413,false]},"rttpg_author":{"display_name":"V\u00fcsal Rafiqo\u011flu","author_link":"https:\/\/arantv.az\/?author=2"},"rttpg_comment":0,"rttpg_category":"<a href=\"https:\/\/arantv.az\/?cat=4\" rel=\"category\">Siyas\u0259t<\/a>","rttpg_excerpt":"\u201cAz\u0259rbaycan b\u00fct\u00fcn d\u00fcnyaya m\u00fcasir m\u00fcharib\u0259l\u0259rin nec\u0259 apar\u0131lmal\u0131 oldu\u011funu g\u00f6st\u0259rdi ki, bu da Ukrayna v\u0259 Q\u0259zza zola\u011f\u0131nda ged\u0259n m\u00fcharib\u0259 fonunda x\u00fcsusil\u0259 diqq\u0259ti c\u0259lb edir\u201d. \u201cReport\u201d\u00a0x\u0259b\u0259r verir ki, bu bar\u0259d\u0259 Saratov vilay\u0259t dumas\u0131n\u0131n \u201cVahid Rusiya\u201ddan olan ke\u00e7mi\u015f deputat\u0131, politoloq Dmitri \u00c7ern\u0131\u015fevski \u00f6z\u00fcn\u00fcn yutub kanal\u0131nda Ukrayna v\u0259 \u0130sraild\u0259ki qar\u015f\u0131durmalar\u0131 t\u0259hlil ed\u0259rk\u0259n dan\u0131\u015f\u0131b. \u201c\u00c7\u0259tin ki, kims\u0259 analogiyalar apar\u0131b v\u0259&hellip;","_links":{"self":[{"href":"https:\/\/arantv.az\/index.php?rest_route=\/wp\/v2\/posts\/655808"}],"collection":[{"href":"https:\/\/arantv.az\/index.php?rest_route=\/wp\/v2\/posts"}],"about":[{"href":"https:\/\/arantv.az\/index.php?rest_route=\/wp\/v2\/types\/post"}],"author":[{"embeddable":true,"href":"https:\/\/arantv.az\/index.php?rest_route=\/wp\/v2\/users\/2"}],"replies":[{"embeddable":true,"href":"https:\/\/arantv.az\/index.php?rest_route=%2Fwp%2Fv2%2Fcomments&post=655808"}],"version-history":[{"count":0,"href":"https:\/\/arantv.az\/index.php?rest_route=\/wp\/v2\/posts\/655808\/revisions"}],"wp:featuredmedia":[{"embeddable":true,"href":"https:\/\/arantv.az\/index.php?rest_route=\/wp\/v2\/media\/655811"}],"wp:attachment":[{"href":"https:\/\/arantv.az\/index.php?rest_route=%2Fwp%2Fv2%2Fmedia&parent=655808"}],"wp:term":[{"taxonomy":"category","embeddable":true,"href":"https:\/\/arantv.az\/index.php?rest_route=%2Fwp%2Fv2%2Fcategories&post=655808"},{"taxonomy":"post_tag","embeddable":true,"href":"https:\/\/arantv.az\/index.php?rest_route=%2Fwp%2Fv2%2Ftags&post=655808"}],"curies":[{"name":"wp","href":"https:\/\/api.w.org\/{rel}","templated":true}]}}