{"id":655842,"date":"2023-11-13T20:27:49","date_gmt":"2023-11-13T16:27:49","guid":{"rendered":"https:\/\/arantv.az\/?p=655842"},"modified":"2023-11-13T20:27:49","modified_gmt":"2023-11-13T16:27:49","slug":"tiflis-paris%c9%99-niy%c9%99-yox-dem%c9%99di-aciqlama","status":"publish","type":"post","link":"https:\/\/arantv.az\/?p=655842","title":{"rendered":"Tiflis Paris\u0259 niy\u0259 &#8220;yox&#8221; dem\u0259di? &#8211; A\u00c7IQLAMA"},"content":{"rendered":"<p><strong>&#8220;Erm\u0259nistan\u0131n haz\u0131rda Fransa il\u0259 yegan\u0259 n\u0259qliyyat \u0259laq\u0259si G\u00fcrc\u00fcstan \u00fcz\u0259rind\u0259n ola bil\u0259r \u00e7\u00fcnki T\u00fcrkiy\u0259 v\u0259 \u0130randan m\u00fcmk\u00fcn deyil. Rusiyadan is\u0259 y\u0259qin ki, Paris \u00f6z\u00fc ist\u0259m\u0259z. Yegan\u0259 alternativ G\u00fcrc\u00fcstand\u0131r. R\u0259smi Tiflisin bundan imtina etm\u0259k \u00fc\u00e7\u00fcn ciddi arqumenti yoxdur&#8221;.<\/strong><\/p>\n<p>Bunu\u00a0<strong>Musavat.com<\/strong>-a a\u00e7\u0131qlamas\u0131nda siyasi \u015f\u0259rh\u00e7i K\u0259nan R\u00f6v\u015f\u0259no\u011flu deyib.<\/p>\n<p><em><strong>O vur\u011fulay\u0131b ki, haz\u0131rda m\u00fcharib\u0259 yoxdur, at\u0259\u015fk\u0259s raz\u0131la\u015fmas\u0131 q\u00fcvv\u0259d\u0259dir v\u0259 Erm\u0259nistan Az\u0259rbaycanla s\u00fclh ba\u011flama\u011fa haz\u0131rla\u015f\u0131r:<\/strong><\/em><\/p>\n<p><em><strong><img loading=\"lazy\" src=\"https:\/\/cdn.musavat.com\/news\/thumbnails\/d00186bfab2194830c44e4de3850ea6b.jpg\" alt=\"121502.jpg (102 KB)\" width=\"480\" height=\"360\" \/><\/strong><\/em><\/p>\n<p>&#8220;Bilindiyi kimi, m\u00fcharib\u0259 zaman\u0131 G\u00fcrc\u00fcstan \u00f6z \u0259razisind\u0259n Erm\u0259nistana silah \u00f6t\u00fcr\u00fclm\u0259sin\u0259 imkan verm\u0259di. \u0130ndi is\u0259 m\u00fcharib\u0259 olmad\u0131\u011f\u0131 \u00fc\u00e7\u00fcn Tiflisin \u0130r\u0259vana v\u0259 Paris\u0259 yox dem\u0259k \u00fc\u00e7\u00fcn \u0259sas\u0131 yoxdur. Bu m\u0259nada d\u00fc\u015f\u00fcnm\u00fcr\u0259m ki, bu \u00e7ox a\u011f\u0131r v\u0259 \u00e7\u0259tin veril\u0259n bir q\u0259rar olub. \u00c7\u00fcnki indi h\u0259m d\u0259 ortada Fransa var v\u0259 G\u00fcrc\u00fcstan Fransan\u0131n y\u00fckl\u0259rinin da\u015f\u0131nmas\u0131na a\u00e7\u0131q m\u00fcqavim\u0259t g\u00f6st\u0259r\u0259 bilm\u0259z&#8221;.<\/p>\n","protected":false},"excerpt":{"rendered":"<p>&#8220;Erm\u0259nistan\u0131n haz\u0131rda Fransa il\u0259 yegan\u0259 n\u0259qliyyat \u0259laq\u0259si G\u00fcrc\u00fcstan \u00fcz\u0259rind\u0259n ola bil\u0259r \u00e7\u00fcnki T\u00fcrkiy\u0259 v\u0259 \u0130randan m\u00fcmk\u00fcn deyil. Rusiyadan is\u0259 y\u0259qin ki, Paris \u00f6z\u00fc ist\u0259m\u0259z. Yegan\u0259 alternativ G\u00fcrc\u00fcstand\u0131r. R\u0259smi Tiflisin bundan imtina etm\u0259k \u00fc\u00e7\u00fcn ciddi arqumenti yoxdur&#8221;. Bunu\u00a0Musavat.com-a a\u00e7\u0131qlamas\u0131nda siyasi \u015f\u0259rh\u00e7i K\u0259nan R\u00f6v\u015f\u0259no\u011flu deyib. O vur\u011fulay\u0131b ki, haz\u0131rda m\u00fcharib\u0259 yoxdur, at\u0259\u015fk\u0259s raz\u0131la\u015fmas\u0131 q\u00fcvv\u0259d\u0259dir v\u0259 Erm\u0259nistan Az\u0259rbaycanla s\u00fclh ba\u011flama\u011fa haz\u0131rla\u015f\u0131r: &#8220;Bilindiyi kimi, m\u00fcharib\u0259 zaman\u0131 G\u00fcrc\u00fcstan \u00f6z \u0259razisind\u0259n Erm\u0259nistana silah \u00f6t\u00fcr\u00fclm\u0259sin\u0259 imkan verm\u0259di. \u0130ndi is\u0259 m\u00fcharib\u0259 olmad\u0131\u011f\u0131 \u00fc\u00e7\u00fcn Tiflisin \u0130r\u0259vana v\u0259 Paris\u0259 yox dem\u0259k \u00fc\u00e7\u00fcn \u0259sas\u0131 yoxdur. Bu m\u0259nada d\u00fc\u015f\u00fcnm\u00fcr\u0259m ki, bu \u00e7ox&hellip;<\/p>\n","protected":false},"author":2,"featured_media":655843,"comment_status":"closed","ping_status":"closed","sticky":false,"template":"","format":"standard","meta":{"om_disable_all_campaigns":false,"_monsterinsights_skip_tracking":false,"_monsterinsights_sitenote_active":false,"_monsterinsights_sitenote_note":"","_monsterinsights_sitenote_category":0},"categories":[4],"tags":[],"aioseo_notices":[],"gutentor_comment":0,"rttpg_featured_image_url":{"full":["https:\/\/arantv.az\/wp-content\/uploads\/2023\/11\/f3e6af10e2b6aedef7b8b49de180c0db.jpg",640,360,false],"landscape":["https:\/\/arantv.az\/wp-content\/uploads\/2023\/11\/f3e6af10e2b6aedef7b8b49de180c0db.jpg",640,360,false],"portraits":["https:\/\/arantv.az\/wp-content\/uploads\/2023\/11\/f3e6af10e2b6aedef7b8b49de180c0db.jpg",640,360,false],"thumbnail":["https:\/\/arantv.az\/wp-content\/uploads\/2023\/11\/f3e6af10e2b6aedef7b8b49de180c0db-500x280.jpg",500,280,true],"medium":["https:\/\/arantv.az\/wp-content\/uploads\/2023\/11\/f3e6af10e2b6aedef7b8b49de180c0db.jpg",640,360,false],"large":["https:\/\/arantv.az\/wp-content\/uploads\/2023\/11\/f3e6af10e2b6aedef7b8b49de180c0db.jpg",640,360,false],"1536x1536":["https:\/\/arantv.az\/wp-content\/uploads\/2023\/11\/f3e6af10e2b6aedef7b8b49de180c0db.jpg",640,360,false],"2048x2048":["https:\/\/arantv.az\/wp-content\/uploads\/2023\/11\/f3e6af10e2b6aedef7b8b49de180c0db.jpg",640,360,false],"post-thumbnail":["https:\/\/arantv.az\/wp-content\/uploads\/2023\/11\/f3e6af10e2b6aedef7b8b49de180c0db-240x172.jpg",240,172,true],"advps-thumb-one":["https:\/\/arantv.az\/wp-content\/uploads\/2023\/11\/f3e6af10e2b6aedef7b8b49de180c0db.jpg",640,360,false]},"rttpg_author":{"display_name":"V\u00fcsal Rafiqo\u011flu","author_link":"https:\/\/arantv.az\/?author=2"},"rttpg_comment":0,"rttpg_category":"<a href=\"https:\/\/arantv.az\/?cat=4\" rel=\"category\">Siyas\u0259t<\/a>","rttpg_excerpt":"&#8220;Erm\u0259nistan\u0131n haz\u0131rda Fransa il\u0259 yegan\u0259 n\u0259qliyyat \u0259laq\u0259si G\u00fcrc\u00fcstan \u00fcz\u0259rind\u0259n ola bil\u0259r \u00e7\u00fcnki T\u00fcrkiy\u0259 v\u0259 \u0130randan m\u00fcmk\u00fcn deyil. Rusiyadan is\u0259 y\u0259qin ki, Paris \u00f6z\u00fc ist\u0259m\u0259z. Yegan\u0259 alternativ G\u00fcrc\u00fcstand\u0131r. R\u0259smi Tiflisin bundan imtina etm\u0259k \u00fc\u00e7\u00fcn ciddi arqumenti yoxdur&#8221;. Bunu\u00a0Musavat.com-a a\u00e7\u0131qlamas\u0131nda siyasi \u015f\u0259rh\u00e7i K\u0259nan R\u00f6v\u015f\u0259no\u011flu deyib. O vur\u011fulay\u0131b ki, haz\u0131rda m\u00fcharib\u0259 yoxdur, at\u0259\u015fk\u0259s raz\u0131la\u015fmas\u0131 q\u00fcvv\u0259d\u0259dir v\u0259 Erm\u0259nistan Az\u0259rbaycanla&hellip;","_links":{"self":[{"href":"https:\/\/arantv.az\/index.php?rest_route=\/wp\/v2\/posts\/655842"}],"collection":[{"href":"https:\/\/arantv.az\/index.php?rest_route=\/wp\/v2\/posts"}],"about":[{"href":"https:\/\/arantv.az\/index.php?rest_route=\/wp\/v2\/types\/post"}],"author":[{"embeddable":true,"href":"https:\/\/arantv.az\/index.php?rest_route=\/wp\/v2\/users\/2"}],"replies":[{"embeddable":true,"href":"https:\/\/arantv.az\/index.php?rest_route=%2Fwp%2Fv2%2Fcomments&post=655842"}],"version-history":[{"count":0,"href":"https:\/\/arantv.az\/index.php?rest_route=\/wp\/v2\/posts\/655842\/revisions"}],"wp:featuredmedia":[{"embeddable":true,"href":"https:\/\/arantv.az\/index.php?rest_route=\/wp\/v2\/media\/655843"}],"wp:attachment":[{"href":"https:\/\/arantv.az\/index.php?rest_route=%2Fwp%2Fv2%2Fmedia&parent=655842"}],"wp:term":[{"taxonomy":"category","embeddable":true,"href":"https:\/\/arantv.az\/index.php?rest_route=%2Fwp%2Fv2%2Fcategories&post=655842"},{"taxonomy":"post_tag","embeddable":true,"href":"https:\/\/arantv.az\/index.php?rest_route=%2Fwp%2Fv2%2Ftags&post=655842"}],"curies":[{"name":"wp","href":"https:\/\/api.w.org\/{rel}","templated":true}]}}