{"id":655846,"date":"2023-11-13T20:29:09","date_gmt":"2023-11-13T16:29:09","guid":{"rendered":"https:\/\/arantv.az\/?p=655846"},"modified":"2023-11-13T20:29:09","modified_gmt":"2023-11-13T16:29:09","slug":"milli-yaddasimizda-%c9%99b%c9%99di-h%c9%99kk-olunmus-moht%c9%99s%c9%99m-tarix","status":"publish","type":"post","link":"https:\/\/arantv.az\/?p=655846","title":{"rendered":"Milli yadda\u015f\u0131m\u0131zda \u0259b\u0259di h\u0259kk olunmu\u015f m\u00f6ht\u0259\u015f\u0259m tarix"},"content":{"rendered":"<div class=\"text-content\" data-id=\"\" data-url=\"\">\n<p>Noyabr\u0131n 8-d\u0259 Xank\u0259ndi \u015f\u0259h\u0259rind\u0259 ke\u00e7irilmi\u015f v\u0259 V\u0259t\u0259n m\u00fcharib\u0259sind\u0259 \u0259ld\u0259 edil\u0259n Z\u0259f\u0259rin \u00fc\u00e7\u00fcnc\u00fc ild\u00f6n\u00fcm\u00fcn\u0259 h\u0259sr olunmu\u015f h\u0259rbi parad milli yadda\u015f\u0131m\u0131z\u0131n \u0259n parlaq v\u0259 q\u00fcrurverici tarixidir. He\u00e7 \u015f\u00fcbh\u0259siz ki, g\u0259l\u0259c\u0259kd\u0259 bu hadis\u0259y\u0259 h\u0259sr olunmu\u015f minl\u0259rl\u0259 yaz\u0131 haz\u0131rlanacaq, h\u0259m\u00e7inin y\u00fczl\u0259rl\u0259 \u0259s\u0259r yaz\u0131lacaq. Onu da dey\u0259 bil\u0259rik ki, g\u0259l\u0259c\u0259yin q\u0259hr\u0259manlar\u0131 bu g\u00fcn \u015fahidi oldu\u011fumuz tarixi n\u00fcmun\u0259l\u0259r \u00fcz\u0259rind\u0259n yeti\u015fdiril\u0259c\u0259k. \u0130stisna etmir\u0259m ki, \u0259halinin ictimai \u015f\u00fcurunda q\u0259l\u0259b\u0259l\u0259r\u0259 dair art\u0131q m\u00fc\u0259yy\u0259n \u201cal\u0131\u015fqanl\u0131\u011f\u0131n\u201d formala\u015fmas\u0131 s\u0259b\u0259bind\u0259n s\u00f6z\u00fcged\u0259n hadis\u0259nin siyasi t\u0259f\u0259kk\u00fcr\u00fcm\u00fczd\u0259 layiqli d\u0259y\u0259rl\u0259ndirilm\u0259si v\u0259 \u0259z\u0259m\u0259tinin d\u0259rk olunmas\u0131 bu g\u00fcn yox, m\u0259hz bir m\u00fcdd\u0259t sonra ba\u015f ver\u0259c\u0259k. Ancaq bir dan\u0131lmaz h\u0259qiq\u0259t var: biz Az\u0259rbaycan\u0131n yeni inki\u015faf m\u0259rh\u0259l\u0259sinin \u0259n parlaq, t\u0259krarolunmaz v\u0259 m\u00f6ht\u0259\u015f\u0259m hadis\u0259l\u0259rinin canl\u0131 \u015fahidl\u0259riyik. Min \u00f6mr\u0259 d\u0259y\u0259r hadis\u0259l\u0259r\u0259 \u015fahidlik edirik v\u0259 h\u0259tta onlar\u0131n i\u015ftirak\u00e7\u0131s\u0131y\u0131q.<\/p>\n<p>Bu fikirl\u0259r politoloq Asif Adilin \u201cMilli yadda\u015f\u0131m\u0131zda \u0259b\u0259di h\u0259kk olunmu\u015f m\u00f6ht\u0259\u015f\u0259m tarix\u201d s\u0259rl\u00f6vh\u0259li m\u0259qal\u0259sind\u0259 yer al\u0131b. AZ\u018fRTAC m\u0259qal\u0259ni t\u0259qdim edir.<\/p>\n<p>\u018fsrl\u0259r sonra g\u0259l\u0259c\u0259k n\u0259sill\u0259r Az\u0259rbaycan\u0131n tarixini \u00f6yr\u0259n\u0259n zaman ya\u015fad\u0131\u011f\u0131m\u0131z m\u00fcasir d\u00f6vr\u00fcn \u201cAz\u0259rbaycan tarixinin q\u0131z\u0131l d\u00f6vr\u00fc\u201d v\u0259 ya \u201cQ\u0259l\u0259b\u0259l\u0259r d\u00f6vr\u00fc\u201d adland\u0131r\u0131lmas\u0131 da art\u0131q lab\u00fcdd\u00fcr. \u018flb\u0259tt\u0259 ki, bu g\u00fcnl\u0259rd\u0259 ya\u015fad\u0131\u011f\u0131m\u0131z hadis\u0259l\u0259r, Q\u0259l\u0259b\u0259miz v\u0259 n\u0259hay\u0259t, azad edilmi\u015f do\u011fma Xank\u0259ndid\u0259 ke\u00e7irilmi\u015f h\u0259rbi parad Ulu \u00d6nd\u0259r Heyd\u0259r \u018fliyevin \u201cM\u0259n h\u0259mi\u015f\u0259 f\u0259xr etmi\u015f\u0259m, bu g\u00fcn d\u0259 f\u0259xr edir\u0259m ki, m\u0259n Az\u0259rbaycanl\u0131yam!\u201d ifad\u0259sin\u0259 m\u00fcasir ideoloji v\u0259 f\u0259ls\u0259fi m\u0259zmun qat\u0131r. Ulu \u00d6nd\u0259rin qeyd olunan dahi fikri ideoloji i\u015fin v\u0259 g\u0259nc n\u0259slin v\u0259t\u0259np\u0259rv\u0259rlik ruhunda t\u0259rbiy\u0259 olunmas\u0131 prosesind\u0259 q\u0131rm\u0131z\u0131 x\u0259tl\u0259 ke\u00e7m\u0259lidir.<\/p>\n<p>T\u0259sdiq olunmu\u015f elmi faktd\u0131r ki, xalq\u0131n milli yadda\u015f\u0131, daha d\u0259qiq des\u0259k, onun m\u0259zmunu, xalq\u0131n g\u0259l\u0259c\u0259k inki\u015faf\u0131n\u0131 m\u00fc\u0259yy\u0259n edir. T\u0259kc\u0259 el\u0259 bu s\u0259b\u0259bd\u0259n \u00f6lk\u0259nin b\u00fct\u00fcn intellektual potensial\u0131 ya\u015fad\u0131\u011f\u0131m\u0131z tarixin \u0259b\u0259dil\u0259\u015fdirilm\u0259si v\u0259 xalq\u0131n ictimai t\u0259f\u0259kk\u00fcr\u00fcnd\u0259 h\u0259kk olunmas\u0131 \u00fc\u00e7\u00fcn s\u0259f\u0259rb\u0259r edilm\u0259lidir.<\/p>\n<p>\u018flb\u0259tt\u0259 ki, qeyd olunan prosesd\u0259 m\u00fck\u0259mm\u0259l n\u0259tic\u0259l\u0259rinin \u0259ld\u0259 olunmas\u0131 \u00fc\u00e7\u00fcn d\u0259qiq siyasi vur\u011fular\u0131n m\u00fc\u0259yy\u0259nl\u0259\u015fdirilm\u0259si olduqca vacib v\u0259zif\u0259dir. T\u0259sad\u00fcfi deyil ki, x\u0259st\u0259 radikal t\u0259f\u0259kk\u00fcrl\u00fc b\u0259la-siyas\u0259t\u00e7il\u0259rin f\u0259aliyy\u0259tinin \u0259sas h\u0259d\u0259fi d\u0259 m\u0259hz hadis\u0259l\u0259rin t\u0259hrif olunmas\u0131d\u0131r. M\u00f6vcud kontekstd\u0259 hadis\u0259l\u0259rin q\u0259r\u0259zli interpretasiya olunmas\u0131 yaln\u0131z xainlik kimi d\u0259y\u0259rl\u0259ndirilm\u0259lidir. Bu c\u00fcr m\u0259krli hallar\u0131n ba\u015fqa ad\u0131 yoxdur.<\/p>\n<p>Milli yadda\u015f\u0131m\u0131zda \u0259b\u0259di h\u0259kk olunmu\u015f 8 Noyabr tarixind\u0259 Xank\u0259ndi \u015f\u0259h\u0259rind\u0259 ke\u00e7irilmi\u015f h\u0259rbi paradda Prezident \u0130lham \u018fliyevin \u00e7\u0131x\u0131\u015f\u0131na qay\u0131tsaq dey\u0259 bil\u0259rik ki, h\u0259r bir f\u0259rdin milli identikliyini m\u00fc\u0259yy\u0259n ed\u0259 bil\u0259c\u0259k meyarlar d\u00f6vl\u0259timizin ba\u015f\u00e7\u0131s\u0131n\u0131n nitqind\u0259 \u0259ksini tap\u0131b. Bir k\u00f6\u015f\u0259 yaz\u0131s\u0131 \u00e7\u0259r\u00e7iv\u0259sind\u0259 onlardan yaln\u0131z b\u0259zil\u0259rini qeyd ed\u0259 bil\u0259rik:<\/p>\n<p>&#8211; Birm\u0259nal\u0131 v\u0259 dan\u0131lmaz Q\u0259l\u0259b\u0259: \u201c\u0130kinci Qaraba\u011f m\u00fcharib\u0259si Az\u0259rbaycan d\u00f6vl\u0259tinin tam Z\u0259f\u0259ri il\u0259 n\u0259tic\u0259l\u0259ndi\u201d. Bununla da Prezident \u0130lham \u018fliyevin \u201cQaraba\u011f Az\u0259rbaycand\u0131r\u201d ifad\u0259sinin f\u0259ls\u0259fi, ideoloji, beyn\u0259lxalq h\u00fcquq v\u0259 b\u00fct\u00fcn dig\u0259r m\u00fcst\u0259vil\u0259rd\u0259 legitiml\u0259\u015fdirilm\u0259si tamamlanm\u0131\u015f oldu;<\/p>\n<p>&#8211; Milli h\u0259mr\u0259ylik m\u0259fhumu Q\u0259l\u0259b\u0259, sabitlik v\u0259 dayan\u0131ql\u0131 inki\u015faf\u0131n\u0131n t\u0259m\u0259l prinsipi kimi m\u00fc\u0259yy\u0259n olunub: \u201cAz\u0259rbaycan xalq\u0131 uzun ill\u0259r \u0259rzind\u0259 i\u015f\u011fal d\u00f6vr\u00fcnd\u0259 bir n\u00f6qt\u0259y\u0259 vururdu ki, tezlikl\u0259 bizim torpaqlar\u0131m\u0131z i\u015f\u011fal\u00e7\u0131lardan azad edilsin\u201d;<\/p>\n<p>&#8211; Q\u0259hr\u0259manlara h\u00f6rm\u0259t v\u0259 ehtiram: \u201cBu g\u00fcn\u00fc biz\u0259 b\u0259x\u015f ed\u0259n m\u00fcz\u0259ff\u0259r Silahl\u0131 Q\u00fcvv\u0259l\u0259rimiz d\u00f6y\u00fc\u015f meydan\u0131nda c\u0259sar\u0259t, q\u0259hr\u0259manl\u0131q, f\u0259dakarl\u0131q g\u00f6st\u0259r\u0259r\u0259k d\u00fc\u015fm\u0259ni bizim \u0259z\u0259li torpaqlar\u0131m\u0131zdan qovmu\u015fdur\u201d;<\/p>\n<p>&#8211; M\u0259rdlik: \u201c&#8230; Az\u0259rbaycan \u0259sg\u0259r v\u0259 zabiti \u0259sl q\u0259hr\u0259manl\u0131q g\u00f6st\u0259rmi\u015fdir. H\u0259r g\u00fcn biz ir\u0259li gedirdik, bir g\u00fcn bel\u0259 geriy\u0259 add\u0131m atmam\u0131\u015fd\u0131q\u201d;<\/p>\n<p>&#8211; V\u0259t\u0259n sevgisi v\u0259 verilmi\u015f \u0259sg\u0259r and\u0131na sadiqlik: \u201cAz\u0259rbaycan Silahl\u0131 Q\u00fcvv\u0259l\u0259rinin bir n\u0259f\u0259r d\u0259 olsun h\u0259rb\u00e7isi d\u00f6y\u00fc\u015f meydan\u0131n\u0131 t\u0259rk etm\u0259mi\u015fdir. Bu, Az\u0259rbaycan xalq\u0131n\u0131n \u0259yilm\u0259z ruhunu v\u0259 y\u00fcks\u0259k m\u0259n\u0259vi keyfiyy\u0259tl\u0259rini bir daha b\u00fct\u00fcn d\u00fcnyaya n\u00fcmayi\u015f etdirdi\u201d;<\/p>\n<p>&#8211; \u018fdal\u0259tli m\u00f6vqe v\u0259 d\u0259mir irad\u0259: \u201c&#8230; Az\u0259rbaycan xalq\u0131n\u0131 haqq yolundan he\u00e7 kim d\u00f6nd\u0259r\u0259 bilm\u0259zdi\u201d;<\/p>\n<p>&#8211; G\u00fcc amili: \u201c\u0130kinci Qaraba\u011f m\u00fcharib\u0259sind\u0259n sonra biz bir g\u00fcn dayanmadan ordu quruculu\u011fu prosesini s\u00fcr\u0259tl\u0259ndirirdik v\u0259 bunu gizl\u0259tmirdik\u201d;<\/p>\n<p>&#8211; Suverenlik: \u201cKe\u00e7irilmi\u015f bir ne\u00e7\u0259 h\u0259rbi \u0259m\u0259liyyat n\u0259tic\u0259sind\u0259 biz \u00f6z s\u0259rh\u0259dimizi tam olaraq qoruyuruq\u201d;<\/p>\n<p>&#8211; Milli maraqlar\u0131n aliliyi: \u201cBizi he\u00e7 kim v\u0259 he\u00e7 n\u0259 dayand\u0131ra bilm\u0259z, Qaraba\u011f Az\u0259rbaycan torpa\u011f\u0131d\u0131r v\u0259 burada v\u0259ziyy\u0259ti biz dikt\u0259 edirik\u201d;<\/p>\n<p>&#8211; Milli t\u0259hl\u00fck\u0259sizliyin t\u0259minat\u0131: \u201cArt\u0131q Az\u0259rbaycanda separat\u00e7\u0131l\u0131\u011fa yer olmayacaq\u201d;<\/p>\n<p>&#8211; Az\u0259rbaycan h\u0259qiq\u0259tl\u0259rin t\u0259bli\u011fi: \u201cSiyasi m\u00fcst\u0259vid\u0259 apard\u0131\u011f\u0131m\u0131z u\u011furlu f\u0259aliyy\u0259t n\u0259tic\u0259sind\u0259 b\u00fct\u00fcn d\u00fcnya art\u0131q bilm\u0259y\u0259 ba\u015flam\u0131\u015fd\u0131r ki, haql\u0131 t\u0259r\u0259f bizik\u201d;<\/p>\n<p>&#8211; Dayan\u0131ql\u0131 inki\u015faf: \u201c\u0130qtisadi sah\u0259d\u0259 apard\u0131\u011f\u0131m\u0131z islahatlar imkan verdi ki, m\u00fcst\u0259qil iqtisadiyyat quraq, he\u00e7 kimd\u0259n as\u0131l\u0131 olmayaq, \u00f6z h\u0259yat\u0131m\u0131z\u0131 \u00f6z\u00fcm\u00fcz quraq.\u201d;<\/p>\n<p>&#8211; Siyasi irad\u0259: \u201cG\u00fccl\u00fc siyasi irad\u0259 imkan verdi ki, m\u00fcst\u0259qil xarici siyas\u0259t aparaq, daxili siyas\u0259t aparaq, imkan verm\u0259y\u0259k kims\u0259 bizim i\u015fimiz\u0259 m\u00fcdaxil\u0259 etsin\u201d.<\/p>\n<p>Bel\u0259likl\u0259, Qalib xalq t\u0259f\u0259kk\u00fcr\u00fc, q\u0259hr\u0259man obraz\u0131na ehtiram, m\u0259rdlik, v\u0259t\u0259np\u0259rv\u0259rlik, \u0259dal\u0259tin qorunmas\u0131, irad\u0259, suverenliyin toxunulmazl\u0131\u011f\u0131, milli maraqlar\u0131n aliliyi, milli t\u0259hl\u00fck\u0259sizlik, o c\u00fcml\u0259d\u0259n informasiya t\u0259hl\u00fck\u0259sizliyinin t\u0259minat\u0131, habel\u0259 dayan\u0131ql\u0131 inki\u015faf kimi amill\u0259r h\u0259r bir f\u0259rdin milli identikliyinin m\u00fc\u0259yy\u0259n olunmas\u0131 prosesin\u0259 t\u0259sir ed\u0259n \u00f6n\u0259mli amill\u0259rdir. Silah \u00f6z v\u0259zif\u0259ni layiqinc\u0259 yerin\u0259 yetirdiyi halda indi n\u00f6vb\u0259 q\u0259l\u0259mindir. Odur ki, milli yadda\u015f\u0131m\u0131zda \u0259b\u0259di h\u0259kk olunmu\u015f m\u00f6ht\u0259\u015f\u0259m tarixi hadis\u0259l\u0259r\u0259 lay\u0131q olacaq yeni yaz\u0131lar\u0131n, o c\u00fcml\u0259d\u0259n elmi \u0259s\u0259rl\u0259rin t\u0259qdimat v\u0259 ictimai m\u00fczakir\u0259l\u0259rind\u0259 g\u00f6r\u00fc\u015fm\u0259k \u00fcmidi il\u0259&#8230;<\/p>\n<\/div>\n<div><\/div>\n<div>\n<div class=\"banner banner-6cdd60ea0045eb7a6ec44c54d29ed402\" data-banner=\"MTg0\">\n<div><ins id=\"revive-0-0\" data-revive-zoneid=\"134\" data-revive-id=\"144e1bb6fa796840b2323709bbb2f595\" data-revive-seq=\"0\" data-revive-loaded=\"1\"><iframe width=\"0\" height=\"0\" frameborder=\"0\" scrolling=\"no\" data-mce-fragment=\"1\"><\/iframe><\/ins><\/div>\n<\/div>\n<\/div>\n","protected":false},"excerpt":{"rendered":"<p>Noyabr\u0131n 8-d\u0259 Xank\u0259ndi \u015f\u0259h\u0259rind\u0259 ke\u00e7irilmi\u015f v\u0259 V\u0259t\u0259n m\u00fcharib\u0259sind\u0259 \u0259ld\u0259 edil\u0259n Z\u0259f\u0259rin \u00fc\u00e7\u00fcnc\u00fc ild\u00f6n\u00fcm\u00fcn\u0259 h\u0259sr olunmu\u015f h\u0259rbi parad milli yadda\u015f\u0131m\u0131z\u0131n \u0259n parlaq v\u0259 q\u00fcrurverici tarixidir. He\u00e7 \u015f\u00fcbh\u0259siz ki, g\u0259l\u0259c\u0259kd\u0259 bu hadis\u0259y\u0259 h\u0259sr olunmu\u015f minl\u0259rl\u0259 yaz\u0131 haz\u0131rlanacaq, h\u0259m\u00e7inin y\u00fczl\u0259rl\u0259 \u0259s\u0259r yaz\u0131lacaq. Onu da dey\u0259 bil\u0259rik ki, g\u0259l\u0259c\u0259yin q\u0259hr\u0259manlar\u0131 bu g\u00fcn \u015fahidi oldu\u011fumuz tarixi n\u00fcmun\u0259l\u0259r \u00fcz\u0259rind\u0259n yeti\u015fdiril\u0259c\u0259k. \u0130stisna etmir\u0259m ki, \u0259halinin ictimai \u015f\u00fcurunda q\u0259l\u0259b\u0259l\u0259r\u0259 dair art\u0131q m\u00fc\u0259yy\u0259n \u201cal\u0131\u015fqanl\u0131\u011f\u0131n\u201d formala\u015fmas\u0131 s\u0259b\u0259bind\u0259n s\u00f6z\u00fcged\u0259n hadis\u0259nin siyasi t\u0259f\u0259kk\u00fcr\u00fcm\u00fczd\u0259 layiqli d\u0259y\u0259rl\u0259ndirilm\u0259si v\u0259 \u0259z\u0259m\u0259tinin d\u0259rk olunmas\u0131 bu g\u00fcn yox, m\u0259hz bir m\u00fcdd\u0259t sonra ba\u015f ver\u0259c\u0259k. Ancaq bir dan\u0131lmaz h\u0259qiq\u0259t&hellip;<\/p>\n","protected":false},"author":2,"featured_media":655850,"comment_status":"closed","ping_status":"closed","sticky":false,"template":"","format":"standard","meta":{"om_disable_all_campaigns":false,"_monsterinsights_skip_tracking":false,"_monsterinsights_sitenote_active":false,"_monsterinsights_sitenote_note":"","_monsterinsights_sitenote_category":0},"categories":[4],"tags":[],"aioseo_notices":[],"gutentor_comment":0,"rttpg_featured_image_url":{"full":["https:\/\/arantv.az\/wp-content\/uploads\/2023\/11\/72dc011ec00fd9c083797d061cf8c503.jpg",870,500,false],"landscape":["https:\/\/arantv.az\/wp-content\/uploads\/2023\/11\/72dc011ec00fd9c083797d061cf8c503.jpg",870,500,false],"portraits":["https:\/\/arantv.az\/wp-content\/uploads\/2023\/11\/72dc011ec00fd9c083797d061cf8c503.jpg",870,500,false],"thumbnail":["https:\/\/arantv.az\/wp-content\/uploads\/2023\/11\/72dc011ec00fd9c083797d061cf8c503-500x280.jpg",500,280,true],"medium":["https:\/\/arantv.az\/wp-content\/uploads\/2023\/11\/72dc011ec00fd9c083797d061cf8c503-635x365.jpg",635,365,true],"large":["https:\/\/arantv.az\/wp-content\/uploads\/2023\/11\/72dc011ec00fd9c083797d061cf8c503-840x483.jpg",640,368,true],"1536x1536":["https:\/\/arantv.az\/wp-content\/uploads\/2023\/11\/72dc011ec00fd9c083797d061cf8c503.jpg",870,500,false],"2048x2048":["https:\/\/arantv.az\/wp-content\/uploads\/2023\/11\/72dc011ec00fd9c083797d061cf8c503.jpg",870,500,false],"post-thumbnail":["https:\/\/arantv.az\/wp-content\/uploads\/2023\/11\/72dc011ec00fd9c083797d061cf8c503-240x172.jpg",240,172,true],"advps-thumb-one":["https:\/\/arantv.az\/wp-content\/uploads\/2023\/11\/72dc011ec00fd9c083797d061cf8c503.jpg",870,500,false]},"rttpg_author":{"display_name":"V\u00fcsal Rafiqo\u011flu","author_link":"https:\/\/arantv.az\/?author=2"},"rttpg_comment":0,"rttpg_category":"<a href=\"https:\/\/arantv.az\/?cat=4\" rel=\"category\">Siyas\u0259t<\/a>","rttpg_excerpt":"Noyabr\u0131n 8-d\u0259 Xank\u0259ndi \u015f\u0259h\u0259rind\u0259 ke\u00e7irilmi\u015f v\u0259 V\u0259t\u0259n m\u00fcharib\u0259sind\u0259 \u0259ld\u0259 edil\u0259n Z\u0259f\u0259rin \u00fc\u00e7\u00fcnc\u00fc ild\u00f6n\u00fcm\u00fcn\u0259 h\u0259sr olunmu\u015f h\u0259rbi parad milli yadda\u015f\u0131m\u0131z\u0131n \u0259n parlaq v\u0259 q\u00fcrurverici tarixidir. He\u00e7 \u015f\u00fcbh\u0259siz ki, g\u0259l\u0259c\u0259kd\u0259 bu hadis\u0259y\u0259 h\u0259sr olunmu\u015f minl\u0259rl\u0259 yaz\u0131 haz\u0131rlanacaq, h\u0259m\u00e7inin y\u00fczl\u0259rl\u0259 \u0259s\u0259r yaz\u0131lacaq. Onu da dey\u0259 bil\u0259rik ki, g\u0259l\u0259c\u0259yin q\u0259hr\u0259manlar\u0131 bu g\u00fcn \u015fahidi oldu\u011fumuz tarixi n\u00fcmun\u0259l\u0259r \u00fcz\u0259rind\u0259n yeti\u015fdiril\u0259c\u0259k. \u0130stisna&hellip;","_links":{"self":[{"href":"https:\/\/arantv.az\/index.php?rest_route=\/wp\/v2\/posts\/655846"}],"collection":[{"href":"https:\/\/arantv.az\/index.php?rest_route=\/wp\/v2\/posts"}],"about":[{"href":"https:\/\/arantv.az\/index.php?rest_route=\/wp\/v2\/types\/post"}],"author":[{"embeddable":true,"href":"https:\/\/arantv.az\/index.php?rest_route=\/wp\/v2\/users\/2"}],"replies":[{"embeddable":true,"href":"https:\/\/arantv.az\/index.php?rest_route=%2Fwp%2Fv2%2Fcomments&post=655846"}],"version-history":[{"count":0,"href":"https:\/\/arantv.az\/index.php?rest_route=\/wp\/v2\/posts\/655846\/revisions"}],"wp:featuredmedia":[{"embeddable":true,"href":"https:\/\/arantv.az\/index.php?rest_route=\/wp\/v2\/media\/655850"}],"wp:attachment":[{"href":"https:\/\/arantv.az\/index.php?rest_route=%2Fwp%2Fv2%2Fmedia&parent=655846"}],"wp:term":[{"taxonomy":"category","embeddable":true,"href":"https:\/\/arantv.az\/index.php?rest_route=%2Fwp%2Fv2%2Fcategories&post=655846"},{"taxonomy":"post_tag","embeddable":true,"href":"https:\/\/arantv.az\/index.php?rest_route=%2Fwp%2Fv2%2Ftags&post=655846"}],"curies":[{"name":"wp","href":"https:\/\/api.w.org\/{rel}","templated":true}]}}