{"id":655849,"date":"2023-11-13T20:30:46","date_gmt":"2023-11-13T16:30:46","guid":{"rendered":"https:\/\/arantv.az\/?p=655849"},"modified":"2023-11-13T20:30:46","modified_gmt":"2023-11-13T16:30:46","slug":"fransa-h%c9%99r-v%c9%99chl%c9%99-bolg%c9%99d%c9%99-sulhun-%c9%99min-amanligin-b%c9%99rq%c9%99rar-edilm%c9%99sin%c9%99-mane-olur-r%c9%99y-foto","status":"publish","type":"post","link":"https:\/\/arantv.az\/?p=655849","title":{"rendered":"\u201cFransa h\u0259r v\u0259chl\u0259 b\u00f6lg\u0259d\u0259 s\u00fclh\u00fcn, \u0259min-amanl\u0131\u011f\u0131n b\u0259rq\u0259rar edilm\u0259sin\u0259 mane olur\u201d &#8211; R\u018fY + FOTO"},"content":{"rendered":"<p>\u201c\u0130kinci Qaraba\u011f m\u00fcharib\u0259si d\u00f6vr\u00fcnd\u0259 v\u0259 m\u00fcharib\u0259d\u0259n sonra Fransa t\u0259cav\u00fczkar Erm\u0259nistan\u0131 m\u00fcdafi\u0259 edib. Ne\u00e7\u0259 ill\u0259rdir demokratiya \u00f6rt\u00fcy\u00fcn\u0259 b\u00fcr\u00fcn\u0259n, d\u00fcnyaya haqq-\u0259dal\u0259t d\u0259rsi ke\u00e7\u0259n Paris Az\u0259rbaycana qar\u015f\u0131 \u0259dal\u0259tsiz yana\u015fma s\u0259rgil\u0259yib\u201d.<\/p>\n<p>Bunu \u201cReport\u201da\u00a0a\u00e7\u0131qlamas\u0131nda Milli M\u0259clisin deputat\u0131 Kamran Bayramov bildirib.<\/p>\n<p>O s\u00f6yl\u0259yib ki, Az\u0259rbaycan\u0131n daxili i\u015fl\u0259rin\u0259 m\u00fcxt\u0259lif yollarla qar\u0131\u015fma\u011fa c\u0259hd ed\u0259n r\u0259smi Paris \u00f6z \u00f6lk\u0259sind\u0259 demokratiyan\u0131n kobud \u015f\u0259kild\u0259 pozulmas\u0131na yol verir:<\/p>\n<p>\u201c\u00d6z g\u00f6z\u00fcnd\u0259 tiri g\u00f6rm\u00fcr, ba\u015fqalar\u0131nda t\u00fck axtar\u0131r. Bu g\u00fcn onlar \u00f6z \u00e7irkin m\u0259qs\u0259dl\u0259rin\u0259 \u00e7atmaq \u00fc\u00e7\u00fcn Erm\u0259nistandan istifad\u0259 edirl\u0259r. C\u0259nubi Qafqaz\u0131 yenid\u0259n qar\u0131\u015fd\u0131rmaq Fransan\u0131n \u0259sas prioritetidir. Onlar\u0131n \u0259sas h\u0259d\u0259fi b\u00f6lg\u0259d\u0259 ged\u0259n prosesl\u0259r\u0259 m\u00fcdaxil\u0259 ed\u0259r\u0259k, \u00f6z silah-sursat\u0131n\u0131, h\u0259rbi texnikas\u0131n\u0131 Erm\u0259nistana satmaqd\u0131r. Hesab edir\u0259m ki, Frans\u0131z silahlar\u0131 g\u0259l\u0259c\u0259kd\u0259 b\u00f6lg\u0259nin dig\u0259r d\u00f6vl\u0259tl\u0259rin\u0259 qar\u015f\u0131 da istifad\u0259 oluna bil\u0259r. S\u00fclh bar\u0259d\u0259 d\u00fc\u015f\u00fcnm\u0259y\u0259n Erm\u0259nistan is\u0259 d\u0259rk etm\u0259lidir ki, n\u0259 q\u0259d\u0259r silah-sursat \u0259ld\u0259 ets\u0259 d\u0259, \u00f6lk\u0259miz\u0259 qar\u015f\u0131 he\u00e7 n\u0259 ed\u0259 bilm\u0259y\u0259c\u0259k. Onlar\u0131n m\u0259\u011flub Erm\u0259nistan\u0131 silahland\u0131r\u0131b n\u00f6vb\u0259ti m\u00fcharib\u0259y\u0259 s\u00f6vq etm\u0259k c\u0259hdi n\u0259tic\u0259siz ba\u015fa \u00e7atacaq\u201d.<\/p>\n<p>K.Bayramov qeyd edib ki, bu d\u00f6vl\u0259t 44 g\u00fcnl\u00fck Qaraba\u011f m\u00fcharib\u0259sind\u0259 v\u0259 sonrak\u0131 m\u00fcdd\u0259td\u0259 Erm\u0259nistan\u0131 silahland\u0131raraq b\u00f6lg\u0259d\u0259 qar\u015f\u0131durman\u0131 g\u00fccl\u0259ndirir:<\/p>\n<p>\u201cFransa iki \u00f6lk\u0259 aras\u0131nda g\u0259rginliyi qoruyub saxlamaq siyas\u0259ti y\u00fcr\u00fcd\u00fcr, Az\u0259rbaycan v\u0259 Erm\u0259nistan liderl\u0259rinin Avropa \u0130ttifaq\u0131n\u0131n vasit\u0259\u00e7iliyi il\u0259 ged\u0259n s\u00fclh dan\u0131\u015f\u0131qlar\u0131n\u0131 pozmaq istiqam\u0259tind\u0259 add\u0131mlar at\u0131r. Avropa \u0130ttifaq\u0131n\u0131n s\u0259rt m\u0259hdudiyy\u0259t qaydalar\u0131na baxmayaraq, Makron h\u00f6kum\u0259ti birt\u0259r\u0259fli qaydada Erm\u0259nistan\u0131 silahland\u0131rmaq kimi \u00e7irkin plan\u0131n\u0131 h\u0259yata ke\u00e7irm\u0259y\u0259 \u00e7al\u0131\u015f\u0131r. \u0130kili standartlar\u0131n \u0259sirin\u0259 \u00e7evril\u0259n Q\u0259rb qurumlar\u0131 Erm\u0259nistana \u0259lav\u0259 silahlar\u0131n verilm\u0259sin\u0259 yen\u0259 d\u0259 g\u00f6z yumurlar. Q\u0259rb d\u00f6vl\u0259tl\u0259ri anlamaq ist\u0259mirl\u0259r ki, bu siyas\u0259t b\u00fct\u00fcn regionun sabitliyin\u0259 yeni bir t\u0259hl\u00fck\u0259dir. Onlar\u0131n Erm\u0259nistanda revan\u015fizmi d\u0259st\u0259kl\u0259y\u0259r\u0259k silahland\u0131rmas\u0131, maliyy\u0259 d\u0259st\u0259yi g\u00f6st\u0259rm\u0259si yolverilm\u0259zdir\u201d.<\/p>\n<p><img src=\"https:\/\/cdn.oxu.az\/uploads\/W1siZiIsIjIwMjMvMTEvMTMvMjAvMDEvNTYvZDZjZGQ3MmEtMzJmOC00ZGVmLWE0MjMtZmExYzdmYWE0MGE5L2I1NmYwYjliLTBjOGUtMzZiZS1iYmY5LTQ1MTAzZTFjZjBmNS5qcGciXSxbInAiLCJlbmNvZGUiLCJqcGciLCItcXVhbGl0eSA4MCJdLFsicCIsInRodW1iIiwiNTkweDU5MFx1MDAzZSJdXQ?sha=7a47dd1554df7dc6\" alt=\"\" \/><\/p>\n<p>Deputat\u0131n s\u00f6zl\u0259rin\u0259 g\u00f6r\u0259, mediada yer alan x\u0259b\u0259rl\u0259rd\u0259 g\u00f6st\u0259rilir ki, Fransa, art\u0131q, Erm\u0259nistana zirehli d\u00f6y\u00fc\u015f texnikas\u0131 g\u00f6nd\u0259rib:<\/p>\n<p>\u201cParalel olaraq r\u0259smi Paris Hindistan istehsall\u0131 \u201cTrajo\u201d haubitsalar\u0131n\u0131n g\u00f6nd\u0259rilm\u0259sini t\u0259\u015fkil edib. Fransan\u0131n Seazar &#8211; artilleriya sisteml\u0259rinin analoqu olan bu silahlar Hindistanda frans\u0131z \u015firk\u0259tinin lisenziyas\u0131 \u0259sas\u0131nda istehsal olunur. Fransa t\u0259r\u0259finin \u0130r\u0259van \u00fc\u00e7\u00fcn g\u00f6nd\u0259rdiyi h\u0259rbi texnika G\u00fcrc\u00fcstan \u0259razisind\u0259n G\u00fcrc\u00fcstan-Erm\u0259nistan s\u0259rh\u0259din\u0259 apar\u0131l\u0131b. Bundan ba\u015fqa, \u201cAcmat\u201d \u015firk\u0259tinin istehsal\u0131 olan \u201cBastion\u201d \u00e7oxm\u0259qs\u0259dli zirehli ma\u015f\u0131nlar\u0131 da Poti liman\u0131na g\u00f6nd\u0259rilib. R\u0259smi Parisin bu add\u0131m\u0131 Fransan\u0131n i\u00e7 \u00fcz\u00fcn\u00fc bir daha if\u015fa edir. Qeyd edim ki, bu, Yelisey saray\u0131n\u0131n ilk bel\u0259 c\u0259hdi deyil. Onlar \u0259vv\u0259ll\u0259r d\u0259 bu siyas\u0259tini qapal\u0131 \u015f\u0259kild\u0259 &#8211; \u201chumanitar yard\u0131m\u201d ad\u0131 alt\u0131nda davam etdirib. H\u0259tta, proses \u00fc\u00e7\u00fcnc\u00fc d\u00f6vl\u0259tin &#8211; Hindistan\u0131n k\u00f6m\u0259kliyi il\u0259 h\u0259yata ke\u00e7irilib\u201d.<\/p>\n<p>\u201cOnu da qeyd ed\u0259k ki, Afrikada v\u0259 d\u00fcnyan\u0131n m\u00fcxt\u0259lif yerl\u0259rind\u0259 m\u00fcst\u0259ml\u0259k\u0259\u00e7ilik siyas\u0259ti iflasa u\u011frayan Paris C\u0259nubi Qafqazda m\u00fcnaqi\u015f\u0259 yaratmaqla fikirl\u0259ri \u00fcz\u0259rind\u0259n yay\u0131nd\u0131rma\u011fa c\u0259hd edir. Makron hakimiyy\u0259ti bu davran\u0131\u015flar\u0131 il\u0259 C\u0259nubi Qafqazda yeni eskalasiya riskini art\u0131rmaqla yana\u015f\u0131, beyn\u0259lxalq s\u0259viyy\u0259d\u0259 t\u0259hl\u00fck\u0259sizliy\u0259 x\u0259l\u0259l g\u0259tirir. Yax\u015f\u0131 olard\u0131 ki, Fransa d\u00fcnyada erm\u0259nil\u0259rin m\u00fcdafi\u0259\u00e7isi imicin\u0259 b\u00fcr\u00fcnm\u0259kd\u0259n \u0259l \u00e7\u0259k\u0259k\u0259r\u0259k \u00f6z \u00f6lk\u0259sind\u0259ki qeyri-qanuni \u0259m\u0259ll\u0259r\u0259 son qoysun. Bu g\u00fcn insan h\u00fcquqlar\u0131n\u0131 kobud \u015f\u0259kild\u0259 pozmaqdan \u00e7\u0259kinm\u0259y\u0259n s\u00f6z\u00fcged\u0259n \u00f6lk\u0259 siyas\u0259tinin hans\u0131 m\u0259rama xidm\u0259t etdiyi g\u00fcn kimi ayd\u0131nd\u0131r. B\u00fct\u00fcn ba\u015f ver\u0259n neqativ hallar\u0131n aradan qald\u0131r\u0131lmas\u0131 \u00fc\u00e7\u00fcn Korsikadak\u0131 v\u0259ziyy\u0259tin BMT T\u0259hl\u00fck\u0259sizlik \u015euras\u0131n\u0131n g\u00fcnd\u0259liyin\u0259 sal\u0131nmas\u0131 da z\u0259ruridir. Fransan\u0131n BMT T\u0259hl\u00fck\u0259sizlik \u015euras\u0131ndak\u0131 statusundan monopoliya kimi istifad\u0259sin\u0259 son qoyulmal\u0131d\u0131r\u201d, &#8211; deputat vur\u011fulay\u0131b.<\/p>\n","protected":false},"excerpt":{"rendered":"<p>\u201c\u0130kinci Qaraba\u011f m\u00fcharib\u0259si d\u00f6vr\u00fcnd\u0259 v\u0259 m\u00fcharib\u0259d\u0259n sonra Fransa t\u0259cav\u00fczkar Erm\u0259nistan\u0131 m\u00fcdafi\u0259 edib. Ne\u00e7\u0259 ill\u0259rdir demokratiya \u00f6rt\u00fcy\u00fcn\u0259 b\u00fcr\u00fcn\u0259n, d\u00fcnyaya haqq-\u0259dal\u0259t d\u0259rsi ke\u00e7\u0259n Paris Az\u0259rbaycana qar\u015f\u0131 \u0259dal\u0259tsiz yana\u015fma s\u0259rgil\u0259yib\u201d. Bunu \u201cReport\u201da\u00a0a\u00e7\u0131qlamas\u0131nda Milli M\u0259clisin deputat\u0131 Kamran Bayramov bildirib. O s\u00f6yl\u0259yib ki, Az\u0259rbaycan\u0131n daxili i\u015fl\u0259rin\u0259 m\u00fcxt\u0259lif yollarla qar\u0131\u015fma\u011fa c\u0259hd ed\u0259n r\u0259smi Paris \u00f6z \u00f6lk\u0259sind\u0259 demokratiyan\u0131n kobud \u015f\u0259kild\u0259 pozulmas\u0131na yol verir: \u201c\u00d6z g\u00f6z\u00fcnd\u0259 tiri g\u00f6rm\u00fcr, ba\u015fqalar\u0131nda t\u00fck axtar\u0131r. Bu g\u00fcn onlar \u00f6z \u00e7irkin m\u0259qs\u0259dl\u0259rin\u0259 \u00e7atmaq \u00fc\u00e7\u00fcn Erm\u0259nistandan istifad\u0259 edirl\u0259r. C\u0259nubi Qafqaz\u0131 yenid\u0259n qar\u0131\u015fd\u0131rmaq Fransan\u0131n \u0259sas prioritetidir. Onlar\u0131n \u0259sas h\u0259d\u0259fi b\u00f6lg\u0259d\u0259 ged\u0259n prosesl\u0259r\u0259 m\u00fcdaxil\u0259 ed\u0259r\u0259k, \u00f6z&hellip;<\/p>\n","protected":false},"author":2,"featured_media":655853,"comment_status":"closed","ping_status":"closed","sticky":false,"template":"","format":"standard","meta":{"om_disable_all_campaigns":false,"_monsterinsights_skip_tracking":false,"_monsterinsights_sitenote_active":false,"_monsterinsights_sitenote_note":"","_monsterinsights_sitenote_category":0},"categories":[4],"tags":[],"aioseo_notices":[],"gutentor_comment":0,"rttpg_featured_image_url":{"full":["https:\/\/arantv.az\/wp-content\/uploads\/2023\/11\/d24ee9a3-cf0b-31cf-b3e2-31f80824c347_850.jpg",620,413,false],"landscape":["https:\/\/arantv.az\/wp-content\/uploads\/2023\/11\/d24ee9a3-cf0b-31cf-b3e2-31f80824c347_850.jpg",620,413,false],"portraits":["https:\/\/arantv.az\/wp-content\/uploads\/2023\/11\/d24ee9a3-cf0b-31cf-b3e2-31f80824c347_850.jpg",620,413,false],"thumbnail":["https:\/\/arantv.az\/wp-content\/uploads\/2023\/11\/d24ee9a3-cf0b-31cf-b3e2-31f80824c347_850-500x280.jpg",500,280,true],"medium":["https:\/\/arantv.az\/wp-content\/uploads\/2023\/11\/d24ee9a3-cf0b-31cf-b3e2-31f80824c347_850-548x365.jpg",548,365,true],"large":["https:\/\/arantv.az\/wp-content\/uploads\/2023\/11\/d24ee9a3-cf0b-31cf-b3e2-31f80824c347_850.jpg",620,413,false],"1536x1536":["https:\/\/arantv.az\/wp-content\/uploads\/2023\/11\/d24ee9a3-cf0b-31cf-b3e2-31f80824c347_850.jpg",620,413,false],"2048x2048":["https:\/\/arantv.az\/wp-content\/uploads\/2023\/11\/d24ee9a3-cf0b-31cf-b3e2-31f80824c347_850.jpg",620,413,false],"post-thumbnail":["https:\/\/arantv.az\/wp-content\/uploads\/2023\/11\/d24ee9a3-cf0b-31cf-b3e2-31f80824c347_850-240x172.jpg",240,172,true],"advps-thumb-one":["https:\/\/arantv.az\/wp-content\/uploads\/2023\/11\/d24ee9a3-cf0b-31cf-b3e2-31f80824c347_850.jpg",620,413,false]},"rttpg_author":{"display_name":"V\u00fcsal Rafiqo\u011flu","author_link":"https:\/\/arantv.az\/?author=2"},"rttpg_comment":0,"rttpg_category":"<a href=\"https:\/\/arantv.az\/?cat=4\" rel=\"category\">Siyas\u0259t<\/a>","rttpg_excerpt":"\u201c\u0130kinci Qaraba\u011f m\u00fcharib\u0259si d\u00f6vr\u00fcnd\u0259 v\u0259 m\u00fcharib\u0259d\u0259n sonra Fransa t\u0259cav\u00fczkar Erm\u0259nistan\u0131 m\u00fcdafi\u0259 edib. Ne\u00e7\u0259 ill\u0259rdir demokratiya \u00f6rt\u00fcy\u00fcn\u0259 b\u00fcr\u00fcn\u0259n, d\u00fcnyaya haqq-\u0259dal\u0259t d\u0259rsi ke\u00e7\u0259n Paris Az\u0259rbaycana qar\u015f\u0131 \u0259dal\u0259tsiz yana\u015fma s\u0259rgil\u0259yib\u201d. Bunu \u201cReport\u201da\u00a0a\u00e7\u0131qlamas\u0131nda Milli M\u0259clisin deputat\u0131 Kamran Bayramov bildirib. O s\u00f6yl\u0259yib ki, Az\u0259rbaycan\u0131n daxili i\u015fl\u0259rin\u0259 m\u00fcxt\u0259lif yollarla qar\u0131\u015fma\u011fa c\u0259hd ed\u0259n r\u0259smi Paris \u00f6z \u00f6lk\u0259sind\u0259 demokratiyan\u0131n kobud \u015f\u0259kild\u0259 pozulmas\u0131na yol&hellip;","_links":{"self":[{"href":"https:\/\/arantv.az\/index.php?rest_route=\/wp\/v2\/posts\/655849"}],"collection":[{"href":"https:\/\/arantv.az\/index.php?rest_route=\/wp\/v2\/posts"}],"about":[{"href":"https:\/\/arantv.az\/index.php?rest_route=\/wp\/v2\/types\/post"}],"author":[{"embeddable":true,"href":"https:\/\/arantv.az\/index.php?rest_route=\/wp\/v2\/users\/2"}],"replies":[{"embeddable":true,"href":"https:\/\/arantv.az\/index.php?rest_route=%2Fwp%2Fv2%2Fcomments&post=655849"}],"version-history":[{"count":0,"href":"https:\/\/arantv.az\/index.php?rest_route=\/wp\/v2\/posts\/655849\/revisions"}],"wp:featuredmedia":[{"embeddable":true,"href":"https:\/\/arantv.az\/index.php?rest_route=\/wp\/v2\/media\/655853"}],"wp:attachment":[{"href":"https:\/\/arantv.az\/index.php?rest_route=%2Fwp%2Fv2%2Fmedia&parent=655849"}],"wp:term":[{"taxonomy":"category","embeddable":true,"href":"https:\/\/arantv.az\/index.php?rest_route=%2Fwp%2Fv2%2Fcategories&post=655849"},{"taxonomy":"post_tag","embeddable":true,"href":"https:\/\/arantv.az\/index.php?rest_route=%2Fwp%2Fv2%2Ftags&post=655849"}],"curies":[{"name":"wp","href":"https:\/\/api.w.org\/{rel}","templated":true}]}}