{"id":655865,"date":"2023-11-14T09:16:53","date_gmt":"2023-11-14T05:16:53","guid":{"rendered":"https:\/\/arantv.az\/?p=655865"},"modified":"2023-11-14T09:16:53","modified_gmt":"2023-11-14T05:16:53","slug":"putin-q%c9%99l%c9%99b%c9%99y%c9%99-hazirlasir-gozl%c9%99nilm%c9%99z-aciqlama","status":"publish","type":"post","link":"https:\/\/arantv.az\/?p=655865","title":{"rendered":"Putin q\u0259l\u0259b\u0259y\u0259 haz\u0131rla\u015f\u0131r &#8211; G\u00f6zl\u0259nilm\u0259z A\u00c7IQLAMA"},"content":{"rendered":"<p>Rusiya Prezidenti Vladimir Putin AB\u015e-d\u0259 yeni yard\u0131m\u0131n ayr\u0131lmas\u0131 il\u0259 ba\u011fl\u0131 q\u0259rar\u0131n l\u0259ngim\u0259si v\u0259 Avropa \u0130ttifaq\u0131n\u0131n (A\u0130) Ukraynan\u0131 silah sat\u0131n almas\u0131 \u00fc\u00e7\u00fcn maddi v\u0259saitl\u0259 d\u0259st\u0259kl\u0259m\u0259y\u0259 davam ed\u0259 bilm\u0259m\u0259si s\u0259b\u0259bind\u0259n yenid\u0259n bu \u00f6lk\u0259y\u0259 qar\u015f\u0131 m\u00fcharib\u0259d\u0259 q\u0259l\u0259b\u0259ni qeyd etm\u0259k planlar\u0131na qay\u0131da bil\u0259r.<\/p>\n<p>Bu bar\u0259d\u0259 Litvan\u0131n xarici i\u015fl\u0259r naziri Qabrielius Landsbergis Br\u00fcsseld\u0259 jurnalistl\u0259r\u0259 bildirib.<\/p>\n<p>\u201cPutin yar\u0131m\u00e7\u0131q qoydu\u011fu q\u0259l\u0259b\u0259 g\u00fcn\u00fc il\u0259 ba\u011fl\u0131 planlar\u0131n tozunu silm\u0259y\u0259 haz\u0131rla\u015f\u0131r. \u00c7\u00fcnki Va\u015finqtondak\u0131 m\u00fczakir\u0259l\u0259ri, Avropan\u0131n Ukraynaya h\u0259rbi d\u0259st\u0259k verm\u0259k m\u0259s\u0259l\u0259sind\u0259 ir\u0259li ged\u0259 bilm\u0259m\u0259sini v\u0259 c\u0259bh\u0259d\u0259 ukraynal\u0131lara t\u0259zyiql\u0259rin artmas\u0131n\u0131 g\u00f6rd\u00fckd\u0259n sonra, m\u0259nc\u0259, m\u0259mnuniyy\u0259tl\u0259 yenid\u0259n planla\u015fd\u0131rma\u011fa ba\u015flaya bil\u0259r\u201d, &#8211; dey\u0259 Landsberqis bildirib.<\/p>\n<p>Litvan\u0131n X\u0130N r\u0259hb\u0259ri onu da qeyd edib ki, haz\u0131rk\u0131 v\u0259ziyy\u0259td\u0259 Rusiya il\u0259 dan\u0131\u015f\u0131qlar Ukraynan\u0131n \u0259leyhin\u0259 olacaq.<\/p>\n<p>\u201c\u0130st\u0259nil\u0259n n\u00f6v at\u0259\u015fk\u0259s v\u0259 ya dan\u0131\u015f\u0131qlar Moskvada q\u0259l\u0259b\u0259 g\u00fcn\u00fcn\u0259 g\u0259tirib \u00e7\u0131xaracaq. Putin bunu a\u00e7\u0131q \u015f\u0259kild\u0259 t\u0259kid edir. El\u0259 bir g\u00fcn g\u0259l\u0259 bil\u0259r ki, ukraynal\u0131lar bizim onlar\u0131 silahla t\u0259min ed\u0259 bilm\u0259diyimiz \u00fc\u00e7\u00fcn daha d\u00f6y\u00fc\u015fm\u0259y\u0259 bil\u0259rl\u0259r. Bu yolla Putinin q\u0259l\u0259b\u0259sini t\u0259bli\u011f edirik. A\u00e7\u0131q olmal\u0131y\u0131q, \u201cq\u0131z\u0131l orta\u201d\u00a0yoxdur. At\u0259\u015fk\u0259s olarsa, bu, Putinin q\u0259l\u0259b\u0259si olacaq\u201d, &#8211; dey\u0259 o, \u0259lav\u0259 edib.<\/p>\n<p>M\u0259nb\u0259: unian.net<\/p>\n","protected":false},"excerpt":{"rendered":"<p>Rusiya Prezidenti Vladimir Putin AB\u015e-d\u0259 yeni yard\u0131m\u0131n ayr\u0131lmas\u0131 il\u0259 ba\u011fl\u0131 q\u0259rar\u0131n l\u0259ngim\u0259si v\u0259 Avropa \u0130ttifaq\u0131n\u0131n (A\u0130) Ukraynan\u0131 silah sat\u0131n almas\u0131 \u00fc\u00e7\u00fcn maddi v\u0259saitl\u0259 d\u0259st\u0259kl\u0259m\u0259y\u0259 davam ed\u0259 bilm\u0259m\u0259si s\u0259b\u0259bind\u0259n yenid\u0259n bu \u00f6lk\u0259y\u0259 qar\u015f\u0131 m\u00fcharib\u0259d\u0259 q\u0259l\u0259b\u0259ni qeyd etm\u0259k planlar\u0131na qay\u0131da bil\u0259r. Bu bar\u0259d\u0259 Litvan\u0131n xarici i\u015fl\u0259r naziri Qabrielius Landsbergis Br\u00fcsseld\u0259 jurnalistl\u0259r\u0259 bildirib. \u201cPutin yar\u0131m\u00e7\u0131q qoydu\u011fu q\u0259l\u0259b\u0259 g\u00fcn\u00fc il\u0259 ba\u011fl\u0131 planlar\u0131n tozunu silm\u0259y\u0259 haz\u0131rla\u015f\u0131r. \u00c7\u00fcnki Va\u015finqtondak\u0131 m\u00fczakir\u0259l\u0259ri, Avropan\u0131n Ukraynaya h\u0259rbi d\u0259st\u0259k verm\u0259k m\u0259s\u0259l\u0259sind\u0259 ir\u0259li ged\u0259 bilm\u0259m\u0259sini v\u0259 c\u0259bh\u0259d\u0259 ukraynal\u0131lara t\u0259zyiql\u0259rin artmas\u0131n\u0131 g\u00f6rd\u00fckd\u0259n sonra, m\u0259nc\u0259, m\u0259mnuniyy\u0259tl\u0259 yenid\u0259n planla\u015fd\u0131rma\u011fa ba\u015flaya bil\u0259r\u201d, &#8211; dey\u0259 Landsberqis bildirib.&hellip;<\/p>\n","protected":false},"author":2,"featured_media":655868,"comment_status":"closed","ping_status":"closed","sticky":false,"template":"","format":"standard","meta":{"om_disable_all_campaigns":false,"_monsterinsights_skip_tracking":false,"_monsterinsights_sitenote_active":false,"_monsterinsights_sitenote_note":"","_monsterinsights_sitenote_category":0},"categories":[7],"tags":[],"aioseo_notices":[],"gutentor_comment":0,"rttpg_featured_image_url":{"full":["https:\/\/arantv.az\/wp-content\/uploads\/2023\/11\/FotoJet-2023-11-14T010738.878.jpg",620,413,false],"landscape":["https:\/\/arantv.az\/wp-content\/uploads\/2023\/11\/FotoJet-2023-11-14T010738.878.jpg",620,413,false],"portraits":["https:\/\/arantv.az\/wp-content\/uploads\/2023\/11\/FotoJet-2023-11-14T010738.878.jpg",620,413,false],"thumbnail":["https:\/\/arantv.az\/wp-content\/uploads\/2023\/11\/FotoJet-2023-11-14T010738.878-500x280.jpg",500,280,true],"medium":["https:\/\/arantv.az\/wp-content\/uploads\/2023\/11\/FotoJet-2023-11-14T010738.878-548x365.jpg",548,365,true],"large":["https:\/\/arantv.az\/wp-content\/uploads\/2023\/11\/FotoJet-2023-11-14T010738.878.jpg",620,413,false],"1536x1536":["https:\/\/arantv.az\/wp-content\/uploads\/2023\/11\/FotoJet-2023-11-14T010738.878.jpg",620,413,false],"2048x2048":["https:\/\/arantv.az\/wp-content\/uploads\/2023\/11\/FotoJet-2023-11-14T010738.878.jpg",620,413,false],"post-thumbnail":["https:\/\/arantv.az\/wp-content\/uploads\/2023\/11\/FotoJet-2023-11-14T010738.878-240x172.jpg",240,172,true],"advps-thumb-one":["https:\/\/arantv.az\/wp-content\/uploads\/2023\/11\/FotoJet-2023-11-14T010738.878.jpg",620,413,false]},"rttpg_author":{"display_name":"V\u00fcsal Rafiqo\u011flu","author_link":"https:\/\/arantv.az\/?author=2"},"rttpg_comment":0,"rttpg_category":"<a href=\"https:\/\/arantv.az\/?cat=7\" rel=\"category\">D\u00fcnya<\/a>","rttpg_excerpt":"Rusiya Prezidenti Vladimir Putin AB\u015e-d\u0259 yeni yard\u0131m\u0131n ayr\u0131lmas\u0131 il\u0259 ba\u011fl\u0131 q\u0259rar\u0131n l\u0259ngim\u0259si v\u0259 Avropa \u0130ttifaq\u0131n\u0131n (A\u0130) Ukraynan\u0131 silah sat\u0131n almas\u0131 \u00fc\u00e7\u00fcn maddi v\u0259saitl\u0259 d\u0259st\u0259kl\u0259m\u0259y\u0259 davam ed\u0259 bilm\u0259m\u0259si s\u0259b\u0259bind\u0259n yenid\u0259n bu \u00f6lk\u0259y\u0259 qar\u015f\u0131 m\u00fcharib\u0259d\u0259 q\u0259l\u0259b\u0259ni qeyd etm\u0259k planlar\u0131na qay\u0131da bil\u0259r. Bu bar\u0259d\u0259 Litvan\u0131n xarici i\u015fl\u0259r naziri Qabrielius Landsbergis Br\u00fcsseld\u0259 jurnalistl\u0259r\u0259 bildirib. \u201cPutin yar\u0131m\u00e7\u0131q qoydu\u011fu q\u0259l\u0259b\u0259 g\u00fcn\u00fc&hellip;","_links":{"self":[{"href":"https:\/\/arantv.az\/index.php?rest_route=\/wp\/v2\/posts\/655865"}],"collection":[{"href":"https:\/\/arantv.az\/index.php?rest_route=\/wp\/v2\/posts"}],"about":[{"href":"https:\/\/arantv.az\/index.php?rest_route=\/wp\/v2\/types\/post"}],"author":[{"embeddable":true,"href":"https:\/\/arantv.az\/index.php?rest_route=\/wp\/v2\/users\/2"}],"replies":[{"embeddable":true,"href":"https:\/\/arantv.az\/index.php?rest_route=%2Fwp%2Fv2%2Fcomments&post=655865"}],"version-history":[{"count":0,"href":"https:\/\/arantv.az\/index.php?rest_route=\/wp\/v2\/posts\/655865\/revisions"}],"wp:featuredmedia":[{"embeddable":true,"href":"https:\/\/arantv.az\/index.php?rest_route=\/wp\/v2\/media\/655868"}],"wp:attachment":[{"href":"https:\/\/arantv.az\/index.php?rest_route=%2Fwp%2Fv2%2Fmedia&parent=655865"}],"wp:term":[{"taxonomy":"category","embeddable":true,"href":"https:\/\/arantv.az\/index.php?rest_route=%2Fwp%2Fv2%2Fcategories&post=655865"},{"taxonomy":"post_tag","embeddable":true,"href":"https:\/\/arantv.az\/index.php?rest_route=%2Fwp%2Fv2%2Ftags&post=655865"}],"curies":[{"name":"wp","href":"https:\/\/api.w.org\/{rel}","templated":true}]}}