{"id":655883,"date":"2023-11-14T09:20:05","date_gmt":"2023-11-14T05:20:05","guid":{"rendered":"https:\/\/arantv.az\/?p=655883"},"modified":"2023-11-14T09:20:05","modified_gmt":"2023-11-14T05:20:05","slug":"subay-bacisi-olan-qardas-dostunu-ev%c9%99-g%c9%99tirm%c9%99z-novxanili-agsaqqaldan-k%c9%99nd-qaydalari-video","status":"publish","type":"post","link":"https:\/\/arantv.az\/?p=655883","title":{"rendered":"\u201cSubay bac\u0131s\u0131 olan qarda\u015f dostunu ev\u0259 g\u0259tirm\u0259z\u201d &#8211; Novxan\u0131l\u0131 a\u011fsaqqaldan k\u0259nd qaydalar\u0131 &#8211; V\u0130DEO"},"content":{"rendered":"<article class=\"news\">\n<div class=\"news-inner\">\n<p>Baku TV-d\u0259 yay\u0131mlanan \u201cO vaxtlar\u201d verili\u015finin yeni burax\u0131l\u0131\u015f\u0131 efir\u0259 gedib.<\/p>\n<p>Verili\u015fin bud\u0259f\u0259ki say\u0131nda Novxan\u0131 sakini Hac\u0131 Vasif k\u00f6hn\u0259 ad\u0259t-\u0259n\u0259n\u0259l\u0259rd\u0259n, ail\u0259 m\u00fcnasib\u0259tl\u0259rind\u0259n dan\u0131\u015f\u0131b.<\/p>\n<p>Hac\u0131 Vasif deyir ki, indiki d\u00f6vrd\u0259 televiziyalar\u0131 dava y\u0131\u011f\u0131nca\u011f\u0131na \u00e7eviribl\u0259r:<\/p>\n<p>\u201cAil\u0259d\u0259n, qad\u0131nl\u0131qdan x\u0259b\u0259ri olmayanlar kiml\u0259r\u0259s\u0259 d\u0259rs ke\u00e7irl\u0259r, namusdan dan\u0131\u015f\u0131rlar. H\u0259ya v\u0259 ab\u0131r ki\u015fid\u0259 d\u0259, qad\u0131nda da olmal\u0131d\u0131r\u201d.<\/p>\n<p>Onun fikrinc\u0259, q\u0131z\u0131n da, o\u011flan\u0131n da dostu \u00f6z ata-anas\u0131 olmal\u0131d\u0131r.<\/p>\n<p>Hac\u0131 Vasif bildirib ki, bac\u0131s\u0131 olan qarda\u015f ev\u0259 dostunu g\u0259tirm\u0259z:<\/p>\n<p>\u201cOla bil\u0259r ki, dostunu qarda\u015f\u0131 kimi \u00e7ox ist\u0259yir. Amma evd\u0259 subay bac\u0131s\u0131 olan qarda\u015f dostunu ev\u0259 g\u0259tirm\u0259z\u201d.<\/p>\n<div><iframe loading=\"lazy\" title=\"YouTube video player\" src=\"https:\/\/www.youtube.com\/embed\/dRO9RsPsCJ4?si=Qf_IGCOvyYDkgl7Y\" width=\"560\" height=\"315\" frameborder=\"0\" allowfullscreen=\"allowfullscreen\" data-mce-fragment=\"1\"><\/iframe><\/div>\n<\/div>\n<\/article>\n","protected":false},"excerpt":{"rendered":"<p>Baku TV-d\u0259 yay\u0131mlanan \u201cO vaxtlar\u201d verili\u015finin yeni burax\u0131l\u0131\u015f\u0131 efir\u0259 gedib. Verili\u015fin bud\u0259f\u0259ki say\u0131nda Novxan\u0131 sakini Hac\u0131 Vasif k\u00f6hn\u0259 ad\u0259t-\u0259n\u0259n\u0259l\u0259rd\u0259n, ail\u0259 m\u00fcnasib\u0259tl\u0259rind\u0259n dan\u0131\u015f\u0131b. Hac\u0131 Vasif deyir ki, indiki d\u00f6vrd\u0259 televiziyalar\u0131 dava y\u0131\u011f\u0131nca\u011f\u0131na \u00e7eviribl\u0259r: \u201cAil\u0259d\u0259n, qad\u0131nl\u0131qdan x\u0259b\u0259ri olmayanlar kiml\u0259r\u0259s\u0259 d\u0259rs ke\u00e7irl\u0259r, namusdan dan\u0131\u015f\u0131rlar. H\u0259ya v\u0259 ab\u0131r ki\u015fid\u0259 d\u0259, qad\u0131nda da olmal\u0131d\u0131r\u201d. Onun fikrinc\u0259, q\u0131z\u0131n da, o\u011flan\u0131n da dostu \u00f6z ata-anas\u0131 olmal\u0131d\u0131r. Hac\u0131 Vasif bildirib ki, bac\u0131s\u0131 olan qarda\u015f ev\u0259 dostunu g\u0259tirm\u0259z: \u201cOla bil\u0259r ki, dostunu qarda\u015f\u0131 kimi \u00e7ox ist\u0259yir. Amma evd\u0259 subay bac\u0131s\u0131 olan qarda\u015f dostunu ev\u0259 g\u0259tirm\u0259z\u201d.<\/p>\n","protected":false},"author":2,"featured_media":655887,"comment_status":"closed","ping_status":"closed","sticky":false,"template":"","format":"standard","meta":{"om_disable_all_campaigns":false,"_monsterinsights_skip_tracking":false,"_monsterinsights_sitenote_active":false,"_monsterinsights_sitenote_note":"","_monsterinsights_sitenote_category":0},"categories":[1],"tags":[],"aioseo_notices":[],"gutentor_comment":0,"rttpg_featured_image_url":{"full":["https:\/\/arantv.az\/wp-content\/uploads\/2023\/11\/hqdefault-2.jpg",620,413,false],"landscape":["https:\/\/arantv.az\/wp-content\/uploads\/2023\/11\/hqdefault-2.jpg",620,413,false],"portraits":["https:\/\/arantv.az\/wp-content\/uploads\/2023\/11\/hqdefault-2.jpg",620,413,false],"thumbnail":["https:\/\/arantv.az\/wp-content\/uploads\/2023\/11\/hqdefault-2-500x280.jpg",500,280,true],"medium":["https:\/\/arantv.az\/wp-content\/uploads\/2023\/11\/hqdefault-2-548x365.jpg",548,365,true],"large":["https:\/\/arantv.az\/wp-content\/uploads\/2023\/11\/hqdefault-2.jpg",620,413,false],"1536x1536":["https:\/\/arantv.az\/wp-content\/uploads\/2023\/11\/hqdefault-2.jpg",620,413,false],"2048x2048":["https:\/\/arantv.az\/wp-content\/uploads\/2023\/11\/hqdefault-2.jpg",620,413,false],"post-thumbnail":["https:\/\/arantv.az\/wp-content\/uploads\/2023\/11\/hqdefault-2-240x172.jpg",240,172,true],"advps-thumb-one":["https:\/\/arantv.az\/wp-content\/uploads\/2023\/11\/hqdefault-2.jpg",620,413,false]},"rttpg_author":{"display_name":"V\u00fcsal Rafiqo\u011flu","author_link":"https:\/\/arantv.az\/?author=2"},"rttpg_comment":0,"rttpg_category":"<a href=\"https:\/\/arantv.az\/?cat=1\" rel=\"category\">C\u0259miyy\u0259t<\/a>","rttpg_excerpt":"Baku TV-d\u0259 yay\u0131mlanan \u201cO vaxtlar\u201d verili\u015finin yeni burax\u0131l\u0131\u015f\u0131 efir\u0259 gedib. Verili\u015fin bud\u0259f\u0259ki say\u0131nda Novxan\u0131 sakini Hac\u0131 Vasif k\u00f6hn\u0259 ad\u0259t-\u0259n\u0259n\u0259l\u0259rd\u0259n, ail\u0259 m\u00fcnasib\u0259tl\u0259rind\u0259n dan\u0131\u015f\u0131b. Hac\u0131 Vasif deyir ki, indiki d\u00f6vrd\u0259 televiziyalar\u0131 dava y\u0131\u011f\u0131nca\u011f\u0131na \u00e7eviribl\u0259r: \u201cAil\u0259d\u0259n, qad\u0131nl\u0131qdan x\u0259b\u0259ri olmayanlar kiml\u0259r\u0259s\u0259 d\u0259rs ke\u00e7irl\u0259r, namusdan dan\u0131\u015f\u0131rlar. H\u0259ya v\u0259 ab\u0131r ki\u015fid\u0259 d\u0259, qad\u0131nda da olmal\u0131d\u0131r\u201d. Onun fikrinc\u0259, q\u0131z\u0131n da, o\u011flan\u0131n da&hellip;","_links":{"self":[{"href":"https:\/\/arantv.az\/index.php?rest_route=\/wp\/v2\/posts\/655883"}],"collection":[{"href":"https:\/\/arantv.az\/index.php?rest_route=\/wp\/v2\/posts"}],"about":[{"href":"https:\/\/arantv.az\/index.php?rest_route=\/wp\/v2\/types\/post"}],"author":[{"embeddable":true,"href":"https:\/\/arantv.az\/index.php?rest_route=\/wp\/v2\/users\/2"}],"replies":[{"embeddable":true,"href":"https:\/\/arantv.az\/index.php?rest_route=%2Fwp%2Fv2%2Fcomments&post=655883"}],"version-history":[{"count":0,"href":"https:\/\/arantv.az\/index.php?rest_route=\/wp\/v2\/posts\/655883\/revisions"}],"wp:featuredmedia":[{"embeddable":true,"href":"https:\/\/arantv.az\/index.php?rest_route=\/wp\/v2\/media\/655887"}],"wp:attachment":[{"href":"https:\/\/arantv.az\/index.php?rest_route=%2Fwp%2Fv2%2Fmedia&parent=655883"}],"wp:term":[{"taxonomy":"category","embeddable":true,"href":"https:\/\/arantv.az\/index.php?rest_route=%2Fwp%2Fv2%2Fcategories&post=655883"},{"taxonomy":"post_tag","embeddable":true,"href":"https:\/\/arantv.az\/index.php?rest_route=%2Fwp%2Fv2%2Ftags&post=655883"}],"curies":[{"name":"wp","href":"https:\/\/api.w.org\/{rel}","templated":true}]}}