{"id":655900,"date":"2023-11-14T09:29:06","date_gmt":"2023-11-14T05:29:06","guid":{"rendered":"https:\/\/arantv.az\/?p=655900"},"modified":"2023-11-14T09:29:06","modified_gmt":"2023-11-14T05:29:06","slug":"ankarada-ilk-konsert-verdi","status":"publish","type":"post","link":"https:\/\/arantv.az\/?p=655900","title":{"rendered":"Ankarada ilk konsert verdi"},"content":{"rendered":"<p>Almaniyada ya\u015fayan az\u0259rbaycanl\u0131 m\u00fc\u011f\u0259nni Seyran \u0130smay\u0131lxanov ilk d\u0259f\u0259 T\u00fcrkiy\u0259d\u0259 solo konsert verib. <strong>ARANTV.AZ<\/strong> x\u0259b\u0259r verir ki, pop ulduz T\u00fcrkiy\u0259 C\u00fcmhuriyy\u0259tinin 100 illik yubileyi m\u00fcnasib\u0259ti il\u0259 Ankarada s\u0259hn\u0259y\u0259 \u00e7\u0131x\u0131b. Az\u0259rbaycanl\u0131 v\u0259 t\u00fcrk tama\u015fa\u00e7\u0131lar\u0131na hitl\u0259rini ifa ed\u0259n Seyran T\u00fcrkiy\u0259d\u0259ki ilk konsertind\u0259n m\u0259mnunluq duydu\u011funu dil\u0259 g\u0259tirib. Ankara B\u00fcy\u00fck\u015fehir Belediyesinin t\u0259\u015fkilat\u00e7\u0131l\u0131\u011f\u0131 il\u0259 ke\u00e7iril\u0259n musiqili gec\u0259 \u201cYahyalar Aile Ya\u015fam Merkezi\u201d a\u00e7\u0131q hava konsert salonunda ba\u015f tutub. Qeyd ed\u0259k ki, Seyran \u0130smay\u0131lxanov 2005-ci ild\u0259n Almaniyan\u0131n K\u00f6ln \u015f\u0259h\u0259rind\u0259 ya\u015fay\u0131r v\u0259 i\u015fl\u0259yir. M\u00fc\u011f\u0259nni Tacikistan, Qazax\u0131stan, Monteneqro, Makedoniya, Yunan\u0131stan v\u0259 dig\u0259r \u00f6lk\u0259l\u0259rd\u0259 ke\u00e7iril\u0259n bir \u00e7ox beyn\u0259lxalq m\u00fcsabiq\u0259l\u0259rd\u0259, festivallarda, konsertl\u0259rd\u0259 i\u015ftirak edib. Almaniyada d\u00fcnya \u015f\u00f6hr\u0259tli &#8220;The Voice&#8221; (S\u0259s) layih\u0259sinin i\u015ftirak\u00e7\u0131s\u0131d\u0131r.<\/p>\n","protected":false},"excerpt":{"rendered":"<p>Almaniyada ya\u015fayan az\u0259rbaycanl\u0131 m\u00fc\u011f\u0259nni Seyran \u0130smay\u0131lxanov ilk d\u0259f\u0259 T\u00fcrkiy\u0259d\u0259 solo konsert verib. ARANTV.AZ x\u0259b\u0259r verir ki, pop ulduz T\u00fcrkiy\u0259 C\u00fcmhuriyy\u0259tinin 100 illik yubileyi m\u00fcnasib\u0259ti il\u0259 Ankarada s\u0259hn\u0259y\u0259 \u00e7\u0131x\u0131b. Az\u0259rbaycanl\u0131 v\u0259 t\u00fcrk tama\u015fa\u00e7\u0131lar\u0131na hitl\u0259rini ifa ed\u0259n Seyran T\u00fcrkiy\u0259d\u0259ki ilk konsertind\u0259n m\u0259mnunluq duydu\u011funu dil\u0259 g\u0259tirib. Ankara B\u00fcy\u00fck\u015fehir Belediyesinin t\u0259\u015fkilat\u00e7\u0131l\u0131\u011f\u0131 il\u0259 ke\u00e7iril\u0259n musiqili gec\u0259 \u201cYahyalar Aile Ya\u015fam Merkezi\u201d a\u00e7\u0131q hava konsert salonunda ba\u015f tutub. Qeyd ed\u0259k ki, Seyran \u0130smay\u0131lxanov 2005-ci ild\u0259n Almaniyan\u0131n K\u00f6ln \u015f\u0259h\u0259rind\u0259 ya\u015fay\u0131r v\u0259 i\u015fl\u0259yir. M\u00fc\u011f\u0259nni Tacikistan, Qazax\u0131stan, Monteneqro, Makedoniya, Yunan\u0131stan v\u0259 dig\u0259r \u00f6lk\u0259l\u0259rd\u0259 ke\u00e7iril\u0259n bir \u00e7ox beyn\u0259lxalq m\u00fcsabiq\u0259l\u0259rd\u0259, festivallarda, konsertl\u0259rd\u0259&hellip;<\/p>\n","protected":false},"author":2,"featured_media":655901,"comment_status":"closed","ping_status":"closed","sticky":false,"template":"","format":"standard","meta":{"om_disable_all_campaigns":false,"_monsterinsights_skip_tracking":false,"_monsterinsights_sitenote_active":false,"_monsterinsights_sitenote_note":"","_monsterinsights_sitenote_category":0},"categories":[20],"tags":[],"aioseo_notices":[],"gutentor_comment":0,"rttpg_featured_image_url":{"full":["https:\/\/arantv.az\/wp-content\/uploads\/2023\/11\/387477906_361262116285107_1911468006789097692_n.jpg",669,1024,false],"landscape":["https:\/\/arantv.az\/wp-content\/uploads\/2023\/11\/387477906_361262116285107_1911468006789097692_n.jpg",669,1024,false],"portraits":["https:\/\/arantv.az\/wp-content\/uploads\/2023\/11\/387477906_361262116285107_1911468006789097692_n.jpg",669,1024,false],"thumbnail":["https:\/\/arantv.az\/wp-content\/uploads\/2023\/11\/387477906_361262116285107_1911468006789097692_n-500x280.jpg",500,280,true],"medium":["https:\/\/arantv.az\/wp-content\/uploads\/2023\/11\/387477906_361262116285107_1911468006789097692_n-238x365.jpg",238,365,true],"large":["https:\/\/arantv.az\/wp-content\/uploads\/2023\/11\/387477906_361262116285107_1911468006789097692_n-549x840.jpg",549,840,true],"1536x1536":["https:\/\/arantv.az\/wp-content\/uploads\/2023\/11\/387477906_361262116285107_1911468006789097692_n.jpg",669,1024,false],"2048x2048":["https:\/\/arantv.az\/wp-content\/uploads\/2023\/11\/387477906_361262116285107_1911468006789097692_n.jpg",669,1024,false],"post-thumbnail":["https:\/\/arantv.az\/wp-content\/uploads\/2023\/11\/387477906_361262116285107_1911468006789097692_n-240x172.jpg",240,172,true],"advps-thumb-one":["https:\/\/arantv.az\/wp-content\/uploads\/2023\/11\/387477906_361262116285107_1911468006789097692_n-669x620.jpg",669,620,true]},"rttpg_author":{"display_name":"V\u00fcsal Rafiqo\u011flu","author_link":"https:\/\/arantv.az\/?author=2"},"rttpg_comment":0,"rttpg_category":"<a href=\"https:\/\/arantv.az\/?cat=20\" rel=\"category\">\u015eou biznes<\/a>","rttpg_excerpt":"Almaniyada ya\u015fayan az\u0259rbaycanl\u0131 m\u00fc\u011f\u0259nni Seyran \u0130smay\u0131lxanov ilk d\u0259f\u0259 T\u00fcrkiy\u0259d\u0259 solo konsert verib. ARANTV.AZ x\u0259b\u0259r verir ki, pop ulduz T\u00fcrkiy\u0259 C\u00fcmhuriyy\u0259tinin 100 illik yubileyi m\u00fcnasib\u0259ti il\u0259 Ankarada s\u0259hn\u0259y\u0259 \u00e7\u0131x\u0131b. Az\u0259rbaycanl\u0131 v\u0259 t\u00fcrk tama\u015fa\u00e7\u0131lar\u0131na hitl\u0259rini ifa ed\u0259n Seyran T\u00fcrkiy\u0259d\u0259ki ilk konsertind\u0259n m\u0259mnunluq duydu\u011funu dil\u0259 g\u0259tirib. Ankara B\u00fcy\u00fck\u015fehir Belediyesinin t\u0259\u015fkilat\u00e7\u0131l\u0131\u011f\u0131 il\u0259 ke\u00e7iril\u0259n musiqili gec\u0259 \u201cYahyalar Aile Ya\u015fam Merkezi\u201d&hellip;","_links":{"self":[{"href":"https:\/\/arantv.az\/index.php?rest_route=\/wp\/v2\/posts\/655900"}],"collection":[{"href":"https:\/\/arantv.az\/index.php?rest_route=\/wp\/v2\/posts"}],"about":[{"href":"https:\/\/arantv.az\/index.php?rest_route=\/wp\/v2\/types\/post"}],"author":[{"embeddable":true,"href":"https:\/\/arantv.az\/index.php?rest_route=\/wp\/v2\/users\/2"}],"replies":[{"embeddable":true,"href":"https:\/\/arantv.az\/index.php?rest_route=%2Fwp%2Fv2%2Fcomments&post=655900"}],"version-history":[{"count":0,"href":"https:\/\/arantv.az\/index.php?rest_route=\/wp\/v2\/posts\/655900\/revisions"}],"wp:featuredmedia":[{"embeddable":true,"href":"https:\/\/arantv.az\/index.php?rest_route=\/wp\/v2\/media\/655901"}],"wp:attachment":[{"href":"https:\/\/arantv.az\/index.php?rest_route=%2Fwp%2Fv2%2Fmedia&parent=655900"}],"wp:term":[{"taxonomy":"category","embeddable":true,"href":"https:\/\/arantv.az\/index.php?rest_route=%2Fwp%2Fv2%2Fcategories&post=655900"},{"taxonomy":"post_tag","embeddable":true,"href":"https:\/\/arantv.az\/index.php?rest_route=%2Fwp%2Fv2%2Ftags&post=655900"}],"curies":[{"name":"wp","href":"https:\/\/api.w.org\/{rel}","templated":true}]}}