{"id":655946,"date":"2023-11-14T10:04:02","date_gmt":"2023-11-14T06:04:02","guid":{"rendered":"https:\/\/arantv.az\/?p=655946"},"modified":"2023-11-14T10:04:02","modified_gmt":"2023-11-14T06:04:02","slug":"ust-covid-19-un-m%c9%99nb%c9%99yi-il%c9%99-bagli-arasdirmalari-davam-etdirir","status":"publish","type":"post","link":"https:\/\/arantv.az\/?p=655946","title":{"rendered":"\u00dcST COVID-19-un m\u0259nb\u0259yi il\u0259 ba\u011fl\u0131 ara\u015fd\u0131rmalar\u0131 davam etdirir"},"content":{"rendered":"<div class=\"text-content\" data-id=\"\" data-url=\"\">\n<p><strong>\u00dcmumd\u00fcnya S\u0259hiyy\u0259 T\u0259\u015fkilat\u0131 (\u00dcST) COVID-19 pandemiyas\u0131n\u0131n s\u0259b\u0259bl\u0259rini ara\u015fd\u0131rmaqda davam ed\u0259c\u0259k.<\/strong><\/p>\n<p>Bunu \u00dcST-nin ba\u015f direktoru Tedros Adhanom Qebreyesus bildirib.<\/p>\n<p>Onun s\u00f6zl\u0259rin\u0259 g\u00f6r, x\u0259st\u0259liyin ilkin hallar\u0131n\u0131n daha h\u0259rt\u0259r\u0259fli t\u0259hlil\u0259 ehtiyac var idi.<\/p>\n<p>\u201c\u00dcST COVID-19 pandemiyas\u0131n\u0131n ba\u015flan\u011f\u0131c\u0131n\u0131 ba\u015fa d\u00fc\u015fm\u0259k \u00fc\u00e7\u00fcn f\u0259aliyy\u0259tini dayand\u0131rmayacaq. Bu, t\u0259kc\u0259 g\u0259l\u0259c\u0259k pandemiyalar\u0131n qar\u015f\u0131s\u0131n\u0131 alma\u011fa k\u00f6m\u0259k ed\u0259c\u0259yin\u0259 g\u00f6r\u0259 deyil, h\u0259m d\u0259 bu virusdan \u00f6l\u0259n milyonlarla insana borclu oldu\u011fumuz \u00fc\u00e7\u00fcnd\u00fcr. Bu, \u00dcST \u00fc\u00e7\u00fcn prioritetdir\u201d ba\u015f direktor deyib.<\/p>\n<p>Qlobal s\u0259hiyy\u0259 f\u00f6vq\u0259lad\u0259 hala 2020-ci ilin yanvar ay\u0131n\u0131n sonundan 5 may 2023-c\u00fc il tarixin\u0259d\u0259k \u015fahidlik etdi. T\u0259\u015fkilat\u0131n sayt\u0131nda d\u0259rc olunan 8 noyabr 2023-c\u00fc il tarixin\u0259 olan m\u0259lumata g\u00f6r\u0259, d\u00fcnyada 771 820 937 koronavirusa yoluxma hal\u0131, 6 978 175 \u00f6l\u00fcm hal\u0131 qeyd\u0259 al\u0131n\u0131b.\/\/APA<\/p>\n<\/div>\n<div><\/div>\n<div>\n<div class=\"banner banner-6cdd60ea0045eb7a6ec44c54d29ed402\" data-banner=\"MTg0\"><\/div>\n<\/div>\n","protected":false},"excerpt":{"rendered":"<p>\u00dcmumd\u00fcnya S\u0259hiyy\u0259 T\u0259\u015fkilat\u0131 (\u00dcST) COVID-19 pandemiyas\u0131n\u0131n s\u0259b\u0259bl\u0259rini ara\u015fd\u0131rmaqda davam ed\u0259c\u0259k. Bunu \u00dcST-nin ba\u015f direktoru Tedros Adhanom Qebreyesus bildirib. Onun s\u00f6zl\u0259rin\u0259 g\u00f6r, x\u0259st\u0259liyin ilkin hallar\u0131n\u0131n daha h\u0259rt\u0259r\u0259fli t\u0259hlil\u0259 ehtiyac var idi. \u201c\u00dcST COVID-19 pandemiyas\u0131n\u0131n ba\u015flan\u011f\u0131c\u0131n\u0131 ba\u015fa d\u00fc\u015fm\u0259k \u00fc\u00e7\u00fcn f\u0259aliyy\u0259tini dayand\u0131rmayacaq. Bu, t\u0259kc\u0259 g\u0259l\u0259c\u0259k pandemiyalar\u0131n qar\u015f\u0131s\u0131n\u0131 alma\u011fa k\u00f6m\u0259k ed\u0259c\u0259yin\u0259 g\u00f6r\u0259 deyil, h\u0259m d\u0259 bu virusdan \u00f6l\u0259n milyonlarla insana borclu oldu\u011fumuz \u00fc\u00e7\u00fcnd\u00fcr. Bu, \u00dcST \u00fc\u00e7\u00fcn prioritetdir\u201d ba\u015f direktor deyib. Qlobal s\u0259hiyy\u0259 f\u00f6vq\u0259lad\u0259 hala 2020-ci ilin yanvar ay\u0131n\u0131n sonundan 5 may 2023-c\u00fc il tarixin\u0259d\u0259k \u015fahidlik etdi. T\u0259\u015fkilat\u0131n sayt\u0131nda d\u0259rc olunan 8 noyabr 2023-c\u00fc il&hellip;<\/p>\n","protected":false},"author":2,"featured_media":655947,"comment_status":"closed","ping_status":"closed","sticky":false,"template":"","format":"standard","meta":{"om_disable_all_campaigns":false,"_monsterinsights_skip_tracking":false,"_monsterinsights_sitenote_active":false,"_monsterinsights_sitenote_note":"","_monsterinsights_sitenote_category":0},"categories":[1],"tags":[],"aioseo_notices":[],"gutentor_comment":0,"rttpg_featured_image_url":{"full":["https:\/\/arantv.az\/wp-content\/uploads\/2023\/11\/fcfa261187b87ba60d24e9c712ae50bd.jpg",870,500,false],"landscape":["https:\/\/arantv.az\/wp-content\/uploads\/2023\/11\/fcfa261187b87ba60d24e9c712ae50bd.jpg",870,500,false],"portraits":["https:\/\/arantv.az\/wp-content\/uploads\/2023\/11\/fcfa261187b87ba60d24e9c712ae50bd.jpg",870,500,false],"thumbnail":["https:\/\/arantv.az\/wp-content\/uploads\/2023\/11\/fcfa261187b87ba60d24e9c712ae50bd-500x280.jpg",500,280,true],"medium":["https:\/\/arantv.az\/wp-content\/uploads\/2023\/11\/fcfa261187b87ba60d24e9c712ae50bd-635x365.jpg",635,365,true],"large":["https:\/\/arantv.az\/wp-content\/uploads\/2023\/11\/fcfa261187b87ba60d24e9c712ae50bd-840x483.jpg",640,368,true],"1536x1536":["https:\/\/arantv.az\/wp-content\/uploads\/2023\/11\/fcfa261187b87ba60d24e9c712ae50bd.jpg",870,500,false],"2048x2048":["https:\/\/arantv.az\/wp-content\/uploads\/2023\/11\/fcfa261187b87ba60d24e9c712ae50bd.jpg",870,500,false],"post-thumbnail":["https:\/\/arantv.az\/wp-content\/uploads\/2023\/11\/fcfa261187b87ba60d24e9c712ae50bd-240x172.jpg",240,172,true],"advps-thumb-one":["https:\/\/arantv.az\/wp-content\/uploads\/2023\/11\/fcfa261187b87ba60d24e9c712ae50bd.jpg",870,500,false]},"rttpg_author":{"display_name":"V\u00fcsal Rafiqo\u011flu","author_link":"https:\/\/arantv.az\/?author=2"},"rttpg_comment":0,"rttpg_category":"<a href=\"https:\/\/arantv.az\/?cat=1\" rel=\"category\">C\u0259miyy\u0259t<\/a>","rttpg_excerpt":"\u00dcmumd\u00fcnya S\u0259hiyy\u0259 T\u0259\u015fkilat\u0131 (\u00dcST) COVID-19 pandemiyas\u0131n\u0131n s\u0259b\u0259bl\u0259rini ara\u015fd\u0131rmaqda davam ed\u0259c\u0259k. Bunu \u00dcST-nin ba\u015f direktoru Tedros Adhanom Qebreyesus bildirib. Onun s\u00f6zl\u0259rin\u0259 g\u00f6r, x\u0259st\u0259liyin ilkin hallar\u0131n\u0131n daha h\u0259rt\u0259r\u0259fli t\u0259hlil\u0259 ehtiyac var idi. \u201c\u00dcST COVID-19 pandemiyas\u0131n\u0131n ba\u015flan\u011f\u0131c\u0131n\u0131 ba\u015fa d\u00fc\u015fm\u0259k \u00fc\u00e7\u00fcn f\u0259aliyy\u0259tini dayand\u0131rmayacaq. Bu, t\u0259kc\u0259 g\u0259l\u0259c\u0259k pandemiyalar\u0131n qar\u015f\u0131s\u0131n\u0131 alma\u011fa k\u00f6m\u0259k ed\u0259c\u0259yin\u0259 g\u00f6r\u0259 deyil, h\u0259m d\u0259 bu virusdan \u00f6l\u0259n milyonlarla&hellip;","_links":{"self":[{"href":"https:\/\/arantv.az\/index.php?rest_route=\/wp\/v2\/posts\/655946"}],"collection":[{"href":"https:\/\/arantv.az\/index.php?rest_route=\/wp\/v2\/posts"}],"about":[{"href":"https:\/\/arantv.az\/index.php?rest_route=\/wp\/v2\/types\/post"}],"author":[{"embeddable":true,"href":"https:\/\/arantv.az\/index.php?rest_route=\/wp\/v2\/users\/2"}],"replies":[{"embeddable":true,"href":"https:\/\/arantv.az\/index.php?rest_route=%2Fwp%2Fv2%2Fcomments&post=655946"}],"version-history":[{"count":0,"href":"https:\/\/arantv.az\/index.php?rest_route=\/wp\/v2\/posts\/655946\/revisions"}],"wp:featuredmedia":[{"embeddable":true,"href":"https:\/\/arantv.az\/index.php?rest_route=\/wp\/v2\/media\/655947"}],"wp:attachment":[{"href":"https:\/\/arantv.az\/index.php?rest_route=%2Fwp%2Fv2%2Fmedia&parent=655946"}],"wp:term":[{"taxonomy":"category","embeddable":true,"href":"https:\/\/arantv.az\/index.php?rest_route=%2Fwp%2Fv2%2Fcategories&post=655946"},{"taxonomy":"post_tag","embeddable":true,"href":"https:\/\/arantv.az\/index.php?rest_route=%2Fwp%2Fv2%2Ftags&post=655946"}],"curies":[{"name":"wp","href":"https:\/\/api.w.org\/{rel}","templated":true}]}}