{"id":655949,"date":"2023-11-14T10:04:58","date_gmt":"2023-11-14T06:04:58","guid":{"rendered":"https:\/\/arantv.az\/?p=655949"},"modified":"2023-11-14T10:04:58","modified_gmt":"2023-11-14T06:04:58","slug":"agzinin-sozunu-bil-agayi-mehdi","status":"publish","type":"post","link":"https:\/\/arantv.az\/?p=655949","title":{"rendered":"A\u011fz\u0131n\u0131n s\u00f6z\u00fcn\u00fc bil, a\u011fayi Mehdi!"},"content":{"rendered":"<p>Anadang\u0259lm\u0259 a\u011fz\u0131\u0259yri olan\u0131n d\u00fcz\u0259ldiyini g\u00f6r\u0259n olubmu?\u00a0 Bu suala m\u00fcsb\u0259t cavab ver\u0259ni h\u0259l\u0259 g\u00f6rm\u0259mi\u015f\u0259m, e\u015fitm\u0259mi\u015f\u0259m. Ola bil\u0259r ki, plastik c\u0259rrahiyy\u0259 \u0259m\u0259liyyat\u0131 il\u0259 m\u00fc\u0259yy\u0259n q\u0259d\u0259r d\u00fcz\u0259ldilsin, amma yen\u0259 d\u0259 tamamil\u0259 d\u00fcz\u0259l\u0259n deyil.\u00a0 Mehdi S\u00fcbhaninin a\u011fz\u0131 kimi. Bu adam\u0131n da a\u011fz\u0131 d\u00fcz\u0259lmir ki, d\u00fcz\u0259lmir, baba. V\u0259zif\u0259si bunun s\u00f6z\u00fcn\u00fc ona, onun s\u00f6z\u00fcn\u00fc buna da\u015f\u0131maq olan olan a\u011fayi S\u00fcbhani\u00a0 dan\u0131\u015fanda s\u00f6z\u00fcn\u0259 s\u0259rh\u0259d qoymur, \u201cc\u0131z\u0131qdan q\u0131ra\u011fa \u00e7\u0131x\u0131b \u00f6zf\u0259aliyy\u0259t\u0259 ke\u00e7ir.\u201d Ancaq onun s\u00f6z\u00fc d\u00f6vl\u0259t ad\u0131ndan deyildiyi\u00a0 hesab edildiyi \u00fc\u00e7\u00fcn b\u0259z\u0259n pis hallan\u0131r. Bel\u0259 m\u0259lum olur ki, Mehdi S\u00fcbhani dan\u0131\u015fd\u0131qlar\u0131n\u0131n f\u0259rqin\u0259 varm\u0131r, a\u011fl\u0131na g\u0259l\u0259ni \u00fcy\u00fcd\u00fcb t\u00f6k\u00fcr. Ancaq o, t\u0259sad\u00fcfi adam deyil, r\u0259smi \u015f\u0259xsdir, diplomatd\u0131r, dan\u0131\u015fd\u0131\u011f\u0131 s\u00f6z\u00fcn m\u0259nas\u0131n\u0131, yerini v\u0259 \u00e7\u0259kisini bilm\u0259lidir.<\/p>\n<p>Nec\u0259 ola bil\u0259r ki, \u0130ran Prezidenti \u0130brahim R\u0259isi noyabr\u0131n 9-da Da\u015fk\u0259ndd\u0259 az\u0259rbaycanl\u0131 h\u0259mkar\u0131 \u0130lham \u018fliyevl\u0259 g\u00f6r\u00fc\u015f zaman\u0131 Az\u0259rbaycan\u0131n uzun ill\u0259rd\u0259n sonra \u00f6z \u0259razi b\u00fct\u00f6vl\u00fcy\u00fcn\u00fc t\u0259min etm\u0259si, Qaraba\u011f\u0131n yenid\u0259n Az\u0259rbaycana qovu\u015fmas\u0131 m\u00fcnasib\u0259til\u0259 d\u00f6vl\u0259t ba\u015f\u00e7\u0131m\u0131z\u0131 t\u0259brik edir, lakin bundan bir g\u00fcn sonra \u0130ran\u0131n Erm\u0259nistandak\u0131 s\u0259firi Mehdi S\u00fcbhani \u00f6z prezidentinin s\u00f6yl\u0259dikl\u0259rinin \u0259ksini bildirir? Y\u0259ni, s\u0259fir o q\u0259d\u0259r a\u011f\u0131z bah\u0259m edib ki, onu v\u0259zif\u0259y\u0259 t\u0259yin ed\u0259n d\u00f6vl\u0259t ba\u015f\u00e7\u0131s\u0131n\u0131n fikirl\u0259rin\u0259 kobudcas\u0131na m\u00fcdaxil\u0259 edib v\u0259 ya onun \u0259ksini s\u00f6yl\u0259yib? B\u0259s o, bunu nec\u0259 edib? Q\u0131sas\u0131, \u0130ran s\u0259firi Az\u0259rbaycan\u0131n Qaraba\u011fda &#8220;etnik t\u0259mizl\u0259m\u0259&#8221; h\u0259yata ke\u00e7irdiyin\u0259 i\u015far\u0259 ed\u0259r\u0259k, Qaraba\u011fda erm\u0259nil\u0259rin &#8220;legitim&#8221; haqlar\u0131n\u0131n b\u0259rpas\u0131n\u0131n vacibliyind\u0259n dan\u0131\u015f\u0131b v\u0259 \u00f6z Prezidentinin dan\u0131\u015f\u0131qlar\u0131n\u0131n m\u0259nas\u0131n\u0131 he\u00e7\u0259 endirib.<\/p>\n<p>\u018fslind\u0259 \u0130ran s\u0259firinin bu m\u00f6vzuda dan\u0131\u015fma\u011fa haqq\u0131 yoxdur. Birincisi, erm\u0259nil\u0259r Az\u0259rbaycan qanunlar\u0131 il\u0259 ya\u015famaq ist\u0259m\u0259dikl\u0259rin\u0259 v\u0259 Az\u0259rbaycan v\u0259t\u0259nda\u015fl\u0131\u011f\u0131n\u0131 q\u0259bul etm\u0259dikl\u0259rin\u0259 g\u00f6r\u0259 \u0259razimizi t\u0259rk edibl\u0259r. Bu, onlar\u0131n se\u00e7imidir. He\u00e7 k\u0259si biziml\u0259 birg\u0259 ya\u015fama\u011fa vadar ed\u0259 bilm\u0259rik.\u00a0 \u0130kincisi, Tehran \u0130randa ya\u015fayan hans\u0131 etnik qrupun legitim haqlar\u0131n\u0131 v\u0259 h\u00fcquqlar\u0131n\u0131 t\u0259min edib ki, indi iranl\u0131 diplomat biz\u0259 bu m\u00f6vzuda &#8220;m\u0259sl\u0259h\u0259t&#8221; verm\u0259k ist\u0259yib? \u0130randa ya\u015fayan k\u00f6kl\u00fc etnikl\u0259r-az\u0259rbaycanl\u0131lar, k\u00fcrdl\u0259r, tatlar, b\u0259luclar v\u0259 qeyri mill\u0259tl\u0259r demokratik \u015f\u0259raitd\u0259, s\u00fcd g\u00f6l\u00fcnd\u0259 ya\u015fay\u0131rlar b\u0259lk\u0259?<\/p>\n<p>\u0130ran Prezidenti il\u0259 bu \u00f6lk\u0259nin s\u0259firinin bir-birin\u0259 zidd a\u00e7\u0131qlamalar verm\u0259l\u0259ri ondan x\u0259b\u0259r verir ki, Tehran Az\u0259rbaycanla m\u00fcnasib\u0259tl\u0259rd\u0259 \u0259vv\u0259lki kimi qal\u0131b, y\u0259ni, h\u0259mi\u015f\u0259 oldu\u011fu kimi, yen\u0259 d\u0259\u00a0 s\u0259mimi deyil. \u018fvv\u0259ll\u0259r\u00a0 SEPAH generallar\u0131n\u0131n, polkovnikl\u0259rinin, diplomatlar\u0131n\u0131n v\u0259 bir \u00e7ox ba\u015fqa d\u00f6vl\u0259t m\u0259murlar\u0131n\u0131n Az\u0259rbaycana h\u0259d\u0259 g\u00f6nd\u0259rm\u0259l\u0259ri, h\u00f6kum\u0259tin Araz sahill\u0259rin\u0259 qo\u015fun yeritm\u0259si\u00a0 q\u0259tiyy\u0259n dostluq m\u00fcnasib\u0259tl\u0259ri deyildi. Bunu r\u0259smi Bak\u0131 da unutmur. T\u0259sad\u00fcfi deyil ki, Az\u0259rbaycan Xarici \u0130\u015fl\u0259r Nazirliyi iranl\u0131 diplomat\u0131n t\u0259xribat\u00e7\u0131 fikirl\u0259rini d\u0259rhal \u00a0pisl\u0259yib. Az\u0259rbaycan Xarici \u0130\u015fl\u0259r Nazirliyi diqq\u0259ti \u0130ran r\u0259smil\u0259rinin v\u0259 diplomatlar\u0131n\u0131n eyni m\u00f6vzuda f\u0259rqli fikirl\u0259rin\u0259 \u00e7\u0259kib.<\/p>\n<p>Bel\u0259 g\u00f6r\u00fcn\u00fcr ki, \u0130randa d\u00f6vl\u0259t\u0259 r\u0259hb\u0259rlik ed\u0259nl\u0259rl\u0259 ikinci, \u00fc\u00e7\u00fcnc\u00fc, h\u0259tta\u00a0 d\u00f6rd\u00fcnc\u00fc ranql\u0131 m\u0259murlar\u0131n fikirl\u0259ri bir-birin\u0259 uy\u011fun g\u0259lmir v\u0259 \u00e7ox vaxt k\u0259skin ziddiyy\u0259t t\u0259\u015fkil edir. Bununla bel\u0259 Prezident v\u0259 ali dini r\u0259hb\u0259r onlarla s\u00f6z g\u00fcl\u0259\u015fdir\u0259n m\u0259murlara \u00f6z yerini g\u00f6st\u0259rm\u0259k q\u00fcdr\u0259tind\u0259 deyill\u0259r. \u201cN\u00fcmun\u0259\u201d g\u00f6z qaba\u011f\u0131ndad\u0131r, \u0259rk\u00f6y\u00fcn v\u0259 \u00e7oxbilmi\u015f s\u0259fir \u00f6z k\u00fcrs\u00fcs\u00fcnd\u0259 rahatca \u0259yl\u0259\u015fib v\u0259 he\u00e7 n\u0259d\u0259n qorxusu v\u0259 ya nigaran\u00e7\u0131l\u0131\u011f\u0131 yoxdur. Amma ola bil\u0259r ki, h\u0259min s\u00f6zl\u0259ri s\u0259fir\u0259 el\u0259 r\u0259smi Tehran \u00f6z\u00fc dedizdirib. M\u0259qs\u0259d erm\u0259ni qarda\u015flar\u0131n\u0131 sakitl\u0259\u015fdirm\u0259kdir. Y\u0259ni, dedikl\u0259rimizd\u0259n narahat olmay\u0131n, q\u0259lb\u0259n sizinl\u0259yik. Molla rejimi Az\u0259rbaycanla m\u00fcnasib\u0259tl\u0259rd\u0259 bel\u0259 \u201ceksperimentl\u0259ri\u201d d\u0259f\u0259l\u0259rl\u0259 s\u0131naqdan ke\u00e7irib. Ancaq m\u00fc\u0259llifini if\u015fa ed\u0259n bel\u0259 a\u011f\u0131ls\u0131z \u201cs\u0131naqlar\u201d\u00a0 \u0130ran h\u00f6kum\u0259tinin n\u00fcfuzuna x\u0259l\u0259l g\u0259tirir, onun qeyri-ciddiliyin\u0259 d\u0259lal\u0259t edir. Onsuz da son ill\u0259r \u0130ran h\u00f6kum\u0259ti d\u00fcnya d\u00f6vl\u0259tl\u0259ri aras\u0131nda n\u00fcfuzunu itirm\u0259kd\u0259n \u0259lav\u0259 aqressiv siyas\u0259ti il\u0259 \u00f6z\u00fcn\u0259 xeyli d\u00fc\u015fm\u0259n qazan\u0131b. D\u00fc\u015fm\u0259n\u00e7ilik v\u0259 davakarl\u0131q is\u0259 h\u0259l\u0259 he\u00e7 k\u0259s\u0259 xeyir g\u0259tirm\u0259yib. Bu sad\u0259 h\u0259qiq\u0259ti qanmaq n\u0259 b\u00f6y\u00fck i\u015fdir ki?!<\/p>\n","protected":false},"excerpt":{"rendered":"<p>Anadang\u0259lm\u0259 a\u011fz\u0131\u0259yri olan\u0131n d\u00fcz\u0259ldiyini g\u00f6r\u0259n olubmu?\u00a0 Bu suala m\u00fcsb\u0259t cavab ver\u0259ni h\u0259l\u0259 g\u00f6rm\u0259mi\u015f\u0259m, e\u015fitm\u0259mi\u015f\u0259m. Ola bil\u0259r ki, plastik c\u0259rrahiyy\u0259 \u0259m\u0259liyyat\u0131 il\u0259 m\u00fc\u0259yy\u0259n q\u0259d\u0259r d\u00fcz\u0259ldilsin, amma yen\u0259 d\u0259 tamamil\u0259 d\u00fcz\u0259l\u0259n deyil.\u00a0 Mehdi S\u00fcbhaninin a\u011fz\u0131 kimi. Bu adam\u0131n da a\u011fz\u0131 d\u00fcz\u0259lmir ki, d\u00fcz\u0259lmir, baba. V\u0259zif\u0259si bunun s\u00f6z\u00fcn\u00fc ona, onun s\u00f6z\u00fcn\u00fc buna da\u015f\u0131maq olan olan a\u011fayi S\u00fcbhani\u00a0 dan\u0131\u015fanda s\u00f6z\u00fcn\u0259 s\u0259rh\u0259d qoymur, \u201cc\u0131z\u0131qdan q\u0131ra\u011fa \u00e7\u0131x\u0131b \u00f6zf\u0259aliyy\u0259t\u0259 ke\u00e7ir.\u201d Ancaq onun s\u00f6z\u00fc d\u00f6vl\u0259t ad\u0131ndan deyildiyi\u00a0 hesab edildiyi \u00fc\u00e7\u00fcn b\u0259z\u0259n pis hallan\u0131r. Bel\u0259 m\u0259lum olur ki, Mehdi S\u00fcbhani dan\u0131\u015fd\u0131qlar\u0131n\u0131n f\u0259rqin\u0259 varm\u0131r, a\u011fl\u0131na g\u0259l\u0259ni \u00fcy\u00fcd\u00fcb t\u00f6k\u00fcr. Ancaq o,&hellip;<\/p>\n","protected":false},"author":2,"featured_media":655950,"comment_status":"closed","ping_status":"closed","sticky":false,"template":"","format":"standard","meta":{"om_disable_all_campaigns":false,"_monsterinsights_skip_tracking":false,"_monsterinsights_sitenote_active":false,"_monsterinsights_sitenote_note":"","_monsterinsights_sitenote_category":0},"categories":[19],"tags":[],"aioseo_notices":[],"gutentor_comment":0,"rttpg_featured_image_url":{"full":["https:\/\/arantv.az\/wp-content\/uploads\/2023\/11\/060fd70a169988138597354854710907735.jpg",975,540,false],"landscape":["https:\/\/arantv.az\/wp-content\/uploads\/2023\/11\/060fd70a169988138597354854710907735.jpg",975,540,false],"portraits":["https:\/\/arantv.az\/wp-content\/uploads\/2023\/11\/060fd70a169988138597354854710907735.jpg",975,540,false],"thumbnail":["https:\/\/arantv.az\/wp-content\/uploads\/2023\/11\/060fd70a169988138597354854710907735-500x280.jpg",500,280,true],"medium":["https:\/\/arantv.az\/wp-content\/uploads\/2023\/11\/060fd70a169988138597354854710907735-660x365.jpg",660,365,true],"large":["https:\/\/arantv.az\/wp-content\/uploads\/2023\/11\/060fd70a169988138597354854710907735-840x465.jpg",640,354,true],"1536x1536":["https:\/\/arantv.az\/wp-content\/uploads\/2023\/11\/060fd70a169988138597354854710907735.jpg",975,540,false],"2048x2048":["https:\/\/arantv.az\/wp-content\/uploads\/2023\/11\/060fd70a169988138597354854710907735.jpg",975,540,false],"post-thumbnail":["https:\/\/arantv.az\/wp-content\/uploads\/2023\/11\/060fd70a169988138597354854710907735-240x172.jpg",240,172,true],"advps-thumb-one":["https:\/\/arantv.az\/wp-content\/uploads\/2023\/11\/060fd70a169988138597354854710907735.jpg",975,540,false]},"rttpg_author":{"display_name":"V\u00fcsal Rafiqo\u011flu","author_link":"https:\/\/arantv.az\/?author=2"},"rttpg_comment":0,"rttpg_category":"<a href=\"https:\/\/arantv.az\/?cat=19\" rel=\"category\">G\u00fcnd\u0259m<\/a>","rttpg_excerpt":"Anadang\u0259lm\u0259 a\u011fz\u0131\u0259yri olan\u0131n d\u00fcz\u0259ldiyini g\u00f6r\u0259n olubmu?\u00a0 Bu suala m\u00fcsb\u0259t cavab ver\u0259ni h\u0259l\u0259 g\u00f6rm\u0259mi\u015f\u0259m, e\u015fitm\u0259mi\u015f\u0259m. Ola bil\u0259r ki, plastik c\u0259rrahiyy\u0259 \u0259m\u0259liyyat\u0131 il\u0259 m\u00fc\u0259yy\u0259n q\u0259d\u0259r d\u00fcz\u0259ldilsin, amma yen\u0259 d\u0259 tamamil\u0259 d\u00fcz\u0259l\u0259n deyil.\u00a0 Mehdi S\u00fcbhaninin a\u011fz\u0131 kimi. Bu adam\u0131n da a\u011fz\u0131 d\u00fcz\u0259lmir ki, d\u00fcz\u0259lmir, baba. V\u0259zif\u0259si bunun s\u00f6z\u00fcn\u00fc ona, onun s\u00f6z\u00fcn\u00fc buna da\u015f\u0131maq olan olan a\u011fayi S\u00fcbhani\u00a0 dan\u0131\u015fanda&hellip;","_links":{"self":[{"href":"https:\/\/arantv.az\/index.php?rest_route=\/wp\/v2\/posts\/655949"}],"collection":[{"href":"https:\/\/arantv.az\/index.php?rest_route=\/wp\/v2\/posts"}],"about":[{"href":"https:\/\/arantv.az\/index.php?rest_route=\/wp\/v2\/types\/post"}],"author":[{"embeddable":true,"href":"https:\/\/arantv.az\/index.php?rest_route=\/wp\/v2\/users\/2"}],"replies":[{"embeddable":true,"href":"https:\/\/arantv.az\/index.php?rest_route=%2Fwp%2Fv2%2Fcomments&post=655949"}],"version-history":[{"count":0,"href":"https:\/\/arantv.az\/index.php?rest_route=\/wp\/v2\/posts\/655949\/revisions"}],"wp:featuredmedia":[{"embeddable":true,"href":"https:\/\/arantv.az\/index.php?rest_route=\/wp\/v2\/media\/655950"}],"wp:attachment":[{"href":"https:\/\/arantv.az\/index.php?rest_route=%2Fwp%2Fv2%2Fmedia&parent=655949"}],"wp:term":[{"taxonomy":"category","embeddable":true,"href":"https:\/\/arantv.az\/index.php?rest_route=%2Fwp%2Fv2%2Fcategories&post=655949"},{"taxonomy":"post_tag","embeddable":true,"href":"https:\/\/arantv.az\/index.php?rest_route=%2Fwp%2Fv2%2Ftags&post=655949"}],"curies":[{"name":"wp","href":"https:\/\/api.w.org\/{rel}","templated":true}]}}