{"id":655952,"date":"2023-11-14T10:05:51","date_gmt":"2023-11-14T06:05:51","guid":{"rendered":"https:\/\/arantv.az\/?p=655952"},"modified":"2023-11-14T10:05:51","modified_gmt":"2023-11-14T06:05:51","slug":"susa-2026-ci-il-ucun-eco-nun-turizm-paytaxti-elan-edilib","status":"publish","type":"post","link":"https:\/\/arantv.az\/?p=655952","title":{"rendered":"\u015eu\u015fa 2026-c\u0131 il \u00fc\u00e7\u00fcn ECO-nun \u00abTurizm paytaxt\u0131\u00bb elan edilib"},"content":{"rendered":"<p><em><strong>Noyabr\u0131n 9-da \u00d6zb\u0259kistan\u0131n paytaxt\u0131 Da\u015fk\u0259ndd\u0259 ke\u00e7iril\u0259n \u0130qtisadi \u018fm\u0259kda\u015fl\u0131q T\u0259\u015fkilat\u0131n\u0131n 16-c\u0131 Zirv\u0259 toplant\u0131s\u0131nda qeyd edildiyi kimi, C\u0259nubi Qafqaz b\u00f6lg\u0259sin\u0259 s\u00fclh v\u0259 rifah g\u0259tir\u0259r\u0259k beyn\u0259lxalq birliyin maraqlar\u0131na xidm\u0259t ed\u0259c\u0259k Z\u0259ng\u0259zur d\u0259hlizinin a\u00e7\u0131lmas\u0131 regionun n\u0259qliyyat sektorunun inki\u015faf\u0131 \u00fc\u00e7\u00fcn yeni imkanlar yaradacaq<\/strong><\/em><\/p>\n<p>M\u00fcst\u0259qilliyini b\u0259rpa etdikd\u0259n sonra xarici siyas\u0259tind\u0259 b\u00fct\u00fcn d\u00f6vl\u0259tl\u0259rl\u0259 qar\u015f\u0131l\u0131ql\u0131 anla\u015fma prinsipl\u0259rin\u0259 sadiq qalan Az\u0259rbaycan t\u0259msil olundu\u011fu beyn\u0259lxalq t\u0259\u015fkilatlarda da ikit\u0259r\u0259fli v\u0259 \u00e7oxt\u0259r\u0259fli \u0259m\u0259kda\u015fl\u0131\u011f\u0131 bu istiqam\u0259td\u0259 davam etdirir. 1992-ci il noyabr\u0131n 28-d\u0259 \u0130qtisadi \u018fm\u0259kda\u015fl\u0131q T\u0259\u015fkilat\u0131na (ECO) \u00fczv olan \u00f6lk\u0259miz \u00f6t\u0259n m\u00fcdd\u0259td\u0259 qurumda t\u0259msil olunan d\u00f6vl\u0259l\u0259rl\u0259 \u0259laq\u0259l\u0259rini geni\u015fl\u0259ndirmi\u015f, f\u0259all\u0131\u011f\u0131n\u0131 art\u0131rm\u0131\u015fd\u0131r. Ulu \u00d6nd\u0259r Heyd\u0259r \u018fliyevin h\u0259yata ke\u00e7irdiyi iqtisadi islahatlar\u0131 d\u00fczg\u00fcn v\u0259 m\u00fck\u0259mm\u0259l idar\u0259etm\u0259 prinsipl\u0259ri \u0259sas\u0131nda davam etdir\u0259n, m\u00fck\u0259mm\u0259l proqram v\u0259 layih\u0259l\u0259ri realla\u015fd\u0131rmaqla, Az\u0259rbaycan\u0131n inki\u015faf modelini formala\u015fd\u0131ran, beyn\u0259lxalq iqtisadi \u0259m\u0259kda\u015fl\u0131\u011f\u0131n geni\u015fl\u0259nm\u0259sin\u0259 xidm\u0259t ed\u0259n Prezident \u0130lham \u018fliyev faydal\u0131 t\u0259\u015f\u0259bb\u00fcsl\u0259ri il\u0259 bu t\u0259\u015fkilat\u0131n i\u015find\u0259 d\u0259 yax\u0131ndan i\u015ftirak edir. Son 20 ild\u0259 milli iqtisadiyyat\u0131m\u0131z\u0131n \u015fax\u0259l\u0259ndirilm\u0259si, ard\u0131c\u0131l v\u0259 davaml\u0131 inki\u015faf\u0131n, makroiqtisadi sabitliyin t\u0259min olunmas\u0131 istiqam\u0259tind\u0259 g\u00f6r\u00fcl\u0259n i\u015fl\u0259rin n\u0259tic\u0259sidir ki, \u00f6lk\u0259mizd\u0259 akkredit\u0259 olunmu\u015f bir s\u0131ra beyn\u0259lxalq maliyy\u0259 institutlar\u0131 il\u0259 Az\u0259rbaycan H\u00f6kum\u0259ti aras\u0131nda qar\u015f\u0131l\u0131ql\u0131 etimada v\u0259 h\u00f6rm\u0259t\u0259 \u0259saslanan \u0259m\u0259kda\u015fl\u0131q formala\u015f\u0131b. \u0130qtisadi inki\u015faf\u0131, investisiya c\u0259lbediciliyi il\u0259 diqq\u0259t\u00e7\u0259k\u0259n respublikam\u0131z d\u00fcnya iqtisadiyyat\u0131na daha s\u00fcr\u0259tl\u0259 inteqrasiya ed\u0259n \u00f6lk\u0259l\u0259r aras\u0131nda da f\u0259rql\u0259nir. Etibarl\u0131 t\u0259r\u0259fda\u015f kimi d\u00fcnyan\u0131n enerji v\u0259 n\u0259qliyyat x\u0259rit\u0259l\u0259rinin yenil\u0259nm\u0259sin\u0259 \u00f6n\u0259mli t\u00f6hf\u0259l\u0259r ver\u0259n Az\u0259rbaycan\u0131n maliyy\u0259 institutlar\u0131n\u0131n hesabatlar\u0131nda ilk s\u0131ralarda yer almas\u0131 \u00f6lk\u0259 iqtisadiyyat\u0131n\u0131n dinamik inki\u015faf\u0131 il\u0259 birba\u015fa ba\u011fl\u0131d\u0131r. X\u00fcsusil\u0259 Avropa \u00f6lk\u0259l\u0259rinin enerji t\u0259hl\u00fck\u0259sizliyinin t\u0259minat\u0131nda rolu artan Az\u0259rbaycan\u0131n region \u00f6lk\u0259l\u0259rini birl\u0259\u015fdir\u0259n \u0130qtisadi \u018fm\u0259kda\u015fl\u0131q T\u0259\u015fkilat\u0131ndak\u0131 f\u0259all\u0131\u011f\u0131 da y\u00fcks\u0259k qiym\u0259tl\u0259ndirilir. ECO-nun 9-cu v\u0259 12-ci Zirv\u0259 toplant\u0131lar\u0131n\u0131n m\u00fcvafiq olaraq 2006 v\u0259 2012-ci ill\u0259rd\u0259 respublikam\u0131zda ke\u00e7irilm\u0259si, Bak\u0131 b\u0259yannam\u0259l\u0259rinin q\u0259bulu \u00f6lk\u0259miz\u0259 maraqdan qaynaqlan\u0131r.<\/p>\n<p>\u00d6lk\u0259mizin t\u0259\u015fkilatla \u0259laq\u0259sini \u00abAz\u0259rbaycan \u0130\u018fT-in f\u0259al \u00fczv\u00fcd\u00fcr. \u0130\u018fT-\u0259 \u00fczv d\u00f6vl\u0259tl\u0259rl\u0259 m\u00fcnasib\u0259tl\u0259rimiz dostluq v\u0259 qar\u015f\u0131l\u0131ql\u0131 h\u00f6rm\u0259t\u0259 \u0259saslan\u0131r. Biz, h\u0259m\u00e7inin beyn\u0259lxalq platformalarda, o c\u00fcml\u0259d\u0259n \u0130slam \u018fm\u0259kda\u015fl\u0131q T\u0259\u015fkilat\u0131 v\u0259 Qo\u015fulmama H\u0259r\u0259kat\u0131 \u00e7\u0259r\u00e7iv\u0259sind\u0259 \u0130\u018fT-\u0259 \u00fczv d\u00f6vl\u0259tl\u0259rl\u0259 s\u0259m\u0259r\u0259li \u0259m\u0259kda\u015fl\u0131q edirik\u00bb s\u00f6zl\u0259ri il\u0259 xarakteriz\u0259 ed\u0259n Prezident \u0130lham \u018fliyev \u201d qar\u015f\u0131l\u0131ql\u0131 \u0259m\u0259kda\u015fl\u0131q \u00fc\u00e7\u00fcn \u00f6n\u0259mli platforma olan bu t\u0259\u015fkilat\u0131n f\u0259aliyy\u0259tinin t\u0259kmill\u0259\u015fdirilm\u0259si il\u0259 ba\u011fl\u0131 m\u00fczakir\u0259l\u0259rd\u0259 f\u0259all\u0131q g\u00f6st\u0259rir, maraql\u0131 t\u0259\u015f\u0259bb\u00fcsl\u0259ri il\u0259 diqq\u0259ti c\u0259lb edir.<br \/>\nECO-nun Zirv\u0259 toplant\u0131lar\u0131na ev sahibliyi ed\u0259n Az\u0259rbaycanda ke\u00e7iril\u0259n daha bir t\u0259dbir tarixi hadis\u0259 kimi yadda\u015flarda qald\u0131. 2023-c\u00fc il oktyabr\u0131n 10-da qurumun Nazirl\u0259r \u015euras\u0131n\u0131n \u015eu\u015fada t\u0259\u015fkil olunan 27-ci iclas\u0131nda Az\u0259rbaycan\u0131n m\u0259d\u0259niyy\u0259t paytaxt\u0131 2026-c\u0131 il \u00fc\u00e7\u00fcn ECO-nun \u00abTurizm paytaxt\u0131\u00bb elan edildi.<\/p>\n<p>\u0130qtisadi \u018fm\u0259kda\u015fl\u0131q T\u0259\u015fkilat\u0131n\u0131n Nazirl\u0259r \u015euras\u0131n\u0131n 27-ci iclas\u0131n\u0131n i\u015ftirak\u00e7\u0131lar\u0131na t\u0259brik m\u0259ktubunda otuz ild\u0259n sonra \u0259razil\u0259rimizd\u0259 m\u00f6vcud olan \u00abboz\u201d zona\u00bbn\u0131n aradan qald\u0131r\u0131lmas\u0131n\u0131, separatizm\u0259 son qoyulmas\u0131n\u0131 beyn\u0259lxalq h\u00fcququn v\u0259 \u0259dal\u0259tin t\u0259nt\u0259n\u0259si adland\u0131ran Prezident \u0130lham \u018fliyev b\u00f6lg\u0259d\u0259 sabitliyin t\u0259r\u0259fdar\u0131 v\u0259 s\u00fclh t\u0259\u015f\u0259bb\u00fcsl\u0259rinin m\u00fc\u0259llifi kimi tan\u0131nan Az\u0259rbaycan\u0131n 3+3 \u0259m\u0259kda\u015fl\u0131q format\u0131n\u0131 C\u0259nubi Qafqaz\u0131n \u0259m\u0259kda\u015fl\u0131q m\u0259kan\u0131na \u00e7evrilm\u0259si \u00fc\u00e7\u00fcn yaranan tarixi \u015f\u0259rait kimi d\u0259y\u0259rl\u0259ndirmi\u015f, F\u00fczuli \u015f\u0259h\u0259rind\u0259 art\u0131q in\u015fas\u0131 ba\u015fa \u00e7atm\u0131\u015f m\u0259kt\u0259b\u0259 v\u0259 tikilm\u0259kd\u0259 olan yarad\u0131c\u0131l\u0131q m\u0259rk\u0259zin\u0259 g\u00f6r\u0259 qarda\u015f \u00d6zb\u0259kistana v\u0259 Qazax\u0131stana t\u0259\u015f\u0259kk\u00fcr\u00fcn\u00fc bildirmi\u015fdir. M\u0259ktubda, h\u0259m\u00e7inin milli prioritetl\u0259rimizd\u0259n olan B\u00f6y\u00fck Qay\u0131d\u0131\u015f\u201d Proqram\u0131n\u0131n, \u00abya\u015f\u0131l enerji\u00bb\u201d zonas\u0131 elan edilmi\u015f Qaraba\u011f v\u0259 \u015e\u0259rqi Z\u0259ng\u0259zur iqtisadi rayonlar\u0131n\u0131n dir\u00e7\u0259lm\u0259sinin t\u0259\u015fkilata \u00fczv d\u00f6vl\u0259tl\u0259ri \u00fc\u00e7\u00fcn d\u0259 b\u00f6y\u00fck \u0259h\u0259miyy\u0259t da\u015f\u0131d\u0131\u011f\u0131 qeyd olunub. Etibarl\u0131 tranzit \u00f6lk\u0259 olan Az\u0259rbaycan\u0131n n\u0259qliyyat-logistika infrastrukturunun ECO \u00f6lk\u0259l\u0259ri \u00fc\u00e7\u00fcn a\u00e7\u0131q oldu\u011fu bildirilir. Qeyd olundu\u011fu kimi, \u0130ran \u0130slam Respublikas\u0131n\u0131n \u0259razisi vasit\u0259sil\u0259 Nax\u00e7\u0131van Muxtar Respublikas\u0131na \u00e7\u0131x\u0131\u015f imkan\u0131 yaradacaq avtomobil v\u0259 d\u0259mir yolunun \u00e7\u0259kilm\u0259si bar\u0259d\u0259 bu \u00f6lk\u0259 il\u0259 raz\u0131l\u0131q \u0259ld\u0259 olunmu\u015fdur. Az\u0259rbaycan, eyni zamanda, \u015eimal-C\u0259nub N\u0259qliyyat D\u0259hlizinin \u00f6t\u00fcr\u00fcc\u00fcl\u00fck qabiliyy\u0259tinin daha da geni\u015fl\u0259ndirilm\u0259si \u00fcz\u0259rind\u0259 f\u0259al \u00e7al\u0131\u015f\u0131r.<\/p>\n<p>Noyabr\u0131n 9-da \u00d6zb\u0259kistan\u0131n paytaxt\u0131 Da\u015fk\u0259ndd\u0259 ke\u00e7iril\u0259n \u0130qtisadi \u018fm\u0259kda\u015fl\u0131q T\u0259\u015fkilat\u0131n\u0131n 16-c\u0131 Zirv\u0259 toplant\u0131s\u0131nda \u00e7\u0131x\u0131\u015f ed\u0259n d\u00f6vl\u0259t ba\u015f\u00e7\u0131m\u0131z Az\u0259rbaycan iqtisadiyyat\u0131n\u0131n dinamik inki\u015faf\u0131ndan s\u00f6z a\u00e7araq bildirmi\u015fdir ki, son 20 ild\u0259 Az\u0259rbaycan iqtisadiyyat\u0131na 310 milyard AB\u015e dollar\u0131 h\u0259cmind\u0259 s\u0259rmay\u0259 qoyulub v\u0259 bunun 200 milyard dollar\u0131 qeyri-neft sektorunun pay\u0131na d\u00fc\u015f\u00fcr ki, bu g\u00f6st\u0259riciy\u0259 \u00f6lk\u0259mizd\u0259 yaranan m\u00fcnbit s\u0259rmay\u0259 iqliminin n\u0259tic\u0259sind\u0259 nail olunmu\u015fdur.\u201d<\/p>\n<p>D\u00fcnya \u00f6lk\u0259l\u0259rinin maraq g\u00f6st\u0259rdiyi v\u0259 Az\u0259rbaycan\u0131n t\u0259\u015f\u0259bb\u00fcs\u00fc olan \u00abya\u015f\u0131l enerji\u00bb potensial\u0131 bir \u00e7ox beyn\u0259lxalq t\u0259\u015fkilatlar kimi ECO-nun da diqq\u0259t m\u0259rk\u0259zind\u0259dir. Zirv\u0259 toplant\u0131s\u0131nda Az\u0259rbaycan\u0131n enerji resuslar\u0131 haqq\u0131nda \u0259trafl\u0131 dan\u0131\u015fan Prezident \u0130lham \u018fliyev diqq\u0259t\u0259 \u00e7atd\u0131rm\u0131\u015fd\u0131r ki, neft v\u0259 qaz ehtiyatlar\u0131 il\u0259 z\u0259ngin olan, b\u0259rpa olunan enerji sektorunun inki\u015faf\u0131na diqq\u0259ti art\u0131ran Az\u0259rbaycan yax\u0131n g\u0259l\u0259c\u0259kd\u0259 ya\u015f\u0131l v\u0259 hidrogen enerjisi ixracat\u00e7\u0131s\u0131na \u00e7eviril\u0259c\u0259k.<br \/>\n\u00abAzad olunmu\u015f Qaraba\u011fda v\u0259 \u015e\u0259rqi Z\u0259ng\u0259zurda 2021-2023-c\u00fc ill\u0259r \u0259rzind\u0259 170 meqavat g\u00fcc\u00fcnd\u0259 hidroelektrik stansiyalar istifad\u0259y\u0259 verilib. 2024-c\u00fc ilin sonuna q\u0259d\u0259r bu r\u0259q\u0259m 270 meqavata \u00e7atacaq. Bir ne\u00e7\u0259 ild\u0259n sonra erm\u0259ni i\u015f\u011fal\u0131ndan azad edilmi\u015f \u0259razil\u0259rd\u0259 hidroelektrik stansiyalar\u0131n \u00fcmumi g\u00fcc\u00fc 500 meqavat t\u0259\u015fkil ed\u0259c\u0259k\u00bb\u201d s\u00f6yl\u0259y\u0259n d\u00f6vl\u0259t ba\u015f\u00e7\u0131m\u0131z g\u00f6r\u00fcl\u0259c\u0259k i\u015fl\u0259r bar\u0259d\u0259 \u0259trafl\u0131 m\u0259lumat vermi\u015fdir.<\/p>\n<p>\u00d6zb\u0259kistan Prezidenti \u015eavkat Mirziyoyev Az\u0259rbaycan\u0131n t\u0259\u015f\u0259bb\u00fcsl\u0259rini ECO-ya \u00fczv d\u00f6vl\u0259tl\u0259r aras\u0131ndak\u0131 t\u0259r\u0259fda\u015fl\u0131\u011f\u0131n geni\u015fl\u0259nm\u0259sin\u0259 b\u00f6y\u00fck t\u00f6hf\u0259 adland\u0131rm\u0131\u015fd\u0131r: \u00abBak\u0131da T\u0259miz Enerji M\u0259rk\u0259zinin v\u0259 Regional Elektrik Bazar\u0131n\u0131n t\u0259\u015fkili istiqam\u0259tind\u0259 \u0259m\u0259li t\u0259dbirl\u0259r h\u0259yata ke\u00e7irilir, h\u0259m\u00e7inin ekologiya sah\u0259sind\u0259 d\u0259 y\u00fcks\u0259k s\u0259viyy\u0259li dialoq platformas\u0131 yarad\u0131l\u0131b. Turizm sektorunda \u0259m\u0259kda\u015fl\u0131\u011f\u0131n daha da geni\u015fl\u0259ndirilm\u0259si m\u0259qs\u0259dil\u0259 ilk d\u0259f\u0259 olaraq tur-operatorlar \u015f\u0259b\u0259k\u0259si formala\u015fd\u0131r\u0131l\u0131b v\u0259 T\u0259hl\u00fck\u0259siz Turizmin \u0130nki\u015faf\u0131 Proqram\u0131 t\u0259sdiq edilib\u201d.\u00bb<\/p>\n<p>ECO-nun Ba\u015f katibi\u00a0Xusrav Nozirinin \u00abBiz, h\u0259m\u00e7inin turizm potensial\u0131n\u0131n inki\u015faf\u0131na diqq\u0259t yetiririk. \u00abTurizm paytaxtlar\u00bb\u0131\u201d konsepsiyas\u0131 \u00e7ox m\u00fch\u00fcm t\u0259\u015f\u0259bb\u00fcsd\u00fcr. \u0130ndiy\u0259d\u0259k 6 \u015f\u0259h\u0259r, o c\u00fcml\u0259d\u0259n Tacikistan\u0131n D\u00fc\u015f\u0259nb\u0259, \u0130ran\u0131n Sari v\u0259 \u018frd\u0259bil, \u00d6zb\u0259kistan\u0131n \u015e\u0259hris\u0259bz, T\u00fcrkiy\u0259nin \u018frzurum v\u0259 Az\u0259rbaycan\u0131n \u015eu\u015fa \u015f\u0259h\u0259rl\u0259ri \u00abTurizm paytaxtlar\u00bb\u0131\u201d se\u00e7ilib. \u00c7ox z\u0259ngin m\u0259d\u0259ni irs v\u0259 t\u0259bi\u0259timizin g\u00f6z\u0259llikl\u0259ri ideyalar\u0131n\u0131n t\u0259bli\u011fi m\u0259qs\u0259dil\u0259 turizm sah\u0259sinin se\u00e7ilm\u0259si m\u00fcnt\u0259z\u0259m yana\u015fma olacaq\u00bb s\u00f6zl\u0259ri \u00f6lk\u0259mizin t\u0259bii s\u0259rv\u0259tl\u0259rin\u0259, g\u00f6z\u0259l, s\u0259fal\u0131 g\u00fc\u015f\u0259l\u0259rin\u0259 maraqdan qaynaqlan\u0131r.<br \/>\nZirv\u0259 toplant\u0131s\u0131nda d\u00fcnyan\u0131n apar\u0131c\u0131 ya\u015f\u0131l enerji \u015firk\u0259tl\u0259ri olan xarici investorlarla imzalanan sazi\u015fl\u0259rin v\u0259 anla\u015fma memorandumlar\u0131n\u0131n \u0259h\u0259miyy\u0259tind\u0259n b\u0259hs ed\u0259n Prezident \u0130lham \u018fliyevin \u00abBu ilin oktyabr ay\u0131nda Az\u0259rbaycanda \u00abMasdar\u201d\u00bb \u015firk\u0259ti t\u0259r\u0259find\u0259n in\u015fa edilmi\u015f 230 meqavat g\u00fcc\u00fcnd\u0259 Qarada\u011f G\u00fcn\u0259\u015f Elektrik Stansiyas\u0131n\u0131n a\u00e7\u0131l\u0131\u015f\u0131 olub. Bu, X\u0259z\u0259r d\u0259nizi v\u0259 Qafqaz regionunda \u0259n b\u00f6y\u00fck g\u00fcn\u0259\u015f elektrik stansiyas\u0131d\u0131r\u00bb s\u00f6zl\u0259rini t\u0259sdiql\u0259y\u0259n faktlar yet\u0259rinc\u0259dir. Azad olunmu\u015f Qaraba\u011fda v\u0259 \u015e\u0259rqi Z\u0259ng\u0259zurda 2021-2023-c\u00fc ill\u0259r \u0259rzind\u0259 170 meqavat g\u00fcc\u00fcnd\u0259 hidroelektrik stansiyalar istifad\u0259y\u0259 verilib. 2024-c\u00fc ilin sonuna q\u0259d\u0259r bu r\u0259q\u0259m 270 meqavata \u00e7atacaq. Bir ne\u00e7\u0259 ild\u0259n sonra erm\u0259ni i\u015f\u011fal\u0131ndan azad edilmi\u015f \u0259razil\u0259rd\u0259 hidroelektrik stansiyalar\u0131n \u00fcmumi g\u00fcc\u00fc 500 meqavat t\u0259\u015fkil ed\u0259c\u0259k.<\/p>\n<p>Az\u0259rbaycan\u0131n 20 faiz\u0259 yax\u0131n \u0259razisini t\u0259qrib\u0259n 30 il \u0259rzind\u0259 i\u015f\u011fal alt\u0131nda saxlayan Erm\u0259nistan\u0131n etnik t\u0259mizl\u0259m\u0259 siyas\u0259tinin qurban\u0131 olan bir milyondan art\u0131q az\u0259rbaycanl\u0131n\u0131n m\u0259ruz qald\u0131d\u0131\u011f\u0131 erm\u0259ni vandalizmi, v\u0259h\u015filiyi diqq\u0259t\u0259 \u00e7atd\u0131r\u0131lm\u0131\u015fd\u0131r. 2020-ci ild\u0259 Az\u0259rbaycan BMT Nizamnam\u0259sind\u0259n ir\u0259li g\u0259l\u0259n legitim \u00f6z\u00fcn\u00fcm\u00fcdafi\u0259 h\u00fcququndan istifad\u0259 ed\u0259r\u0259k V\u0259t\u0259n m\u00fcharib\u0259sind\u0259 Erm\u0259nistan\u0131 d\u00f6y\u00fc\u015f meydan\u0131nda m\u0259\u011flubiyy\u0259t\u0259 u\u011fratd\u0131 v\u0259 BMT T\u0259hl\u00fck\u0259sizlik \u015euras\u0131n\u0131n 1993-c\u00fc ild\u0259 q\u0259bul etdiyi v\u0259 27 il \u0259rzind\u0259 ka\u011f\u0131z \u00fcz\u0259rind\u0259 qalm\u0131\u015f d\u00f6rd q\u0259tnam\u0259nin icras\u0131n\u0131 \u00f6z\u00fc t\u0259min etdi. Vur\u011fulanm\u0131\u015fd\u0131r ki, Erm\u0259nistan i\u015f\u011fal alt\u0131nda saxlad\u0131\u011f\u0131 Az\u0259rbaycan\u0131n doqquz \u015f\u0259h\u0259rini v\u0259 y\u00fczl\u0259rl\u0259 k\u0259ndini yer \u00fcz\u00fcnd\u0259n silmi\u015f, \u0130slam dinin\u0259 m\u0259xsus m\u0259d\u0259ni v\u0259 tarixi irsimizi da\u011f\u0131tm\u0131\u015f v\u0259 t\u0259hqir etmi\u015fdir. Erm\u0259ni vandallar\u0131 67 m\u0259scidd\u0259n 65-ni tamamil\u0259 da\u011f\u0131tm\u0131\u015f, b\u0259zil\u0259rind\u0259n is\u0259 t\u00f6vl\u0259 kimi istifad\u0259 olunmu\u015fdur. Bu il sentyabr\u0131n 19-20-d\u0259 ke\u00e7irilmi\u015f birg\u00fcnl\u00fck antiterror t\u0259dbirl\u0259ri n\u0259tic\u0259sind\u0259 Qaraba\u011fdak\u0131 qanunsuz separat\u00e7\u0131 rejim\u0259 \u00f6l\u00fcmc\u00fcl z\u0259rb\u0259 vuran, \u0259dal\u0259ti b\u0259rpa ed\u0259n Az\u0259rbaycan\u0131n beyn\u0259lxalq s\u0259viyy\u0259d\u0259 tan\u0131nm\u0131\u015f \u0259razil\u0259ri \u00fcz\u0259rind\u0259 suverenliyi tam b\u0259rpa olundu.<\/p>\n<p>Zirv\u0259 toplant\u0131s\u0131nda \u00f6lk\u0259mizin malik oldu\u011fu iqtisadi potensialdan, regional inki\u015fafa, h\u0259m\u00e7inin t\u0259\u015fkilata \u00fczv \u00f6lk\u0259l\u0259r aras\u0131nda logistik \u0259laq\u0259l\u0259rin daha da m\u00f6hk\u0259ml\u0259nm\u0259sin\u0259 veril\u0259n t\u00f6hf\u0259l\u0259rd\u0259n \u0259trafl\u0131 b\u0259hs edildi, b\u0259rpa olunan enerji sektorunun inki\u015faf\u0131 istiqam\u0259tind\u0259 g\u00f6r\u00fcl\u0259n i\u015fl\u0259r statistik r\u0259q\u0259ml\u0259rl\u0259 diqq\u0259t\u0259 \u00e7atd\u0131r\u0131lm\u0131\u015fd\u0131r.<\/p>\n<p>Prezident \u0130lham \u018fliyev tranzit-n\u0259qliyyat v\u0259 logistika sah\u0259l\u0259rind\u0259 etibarl\u0131 t\u0259r\u0259fda\u015fa \u00e7evril\u0259n Az\u0259rbaycan\u0131n Avrasiyan\u0131n \u015e\u0259rq-Q\u0259rb v\u0259 \u015eimal-C\u0259nub n\u0259qliyyat d\u0259hlizl\u0259ri vasit\u0259sil\u0259 \u00f6t\u00fcrm\u0259 qabiliyy\u0259tinin geni\u015fl\u0259ndirilm\u0259sinin ECO m\u0259kan\u0131n\u0131n n\u0259qliyyat t\u0259hl\u00fck\u0259sizliyinin m\u00f6hk\u0259ml\u0259nm\u0259si \u00fc\u00e7\u00fcn n\u0259 d\u0259r\u0259c\u0259d\u0259 faydal\u0131 oldu\u011funu \u00abAz\u0259rbaycan son ill\u0259rd\u0259 Avrasiyan\u0131n \u0259sas, etibarl\u0131 n\u0259qliyyat v\u0259 logistika m\u0259rk\u0259zl\u0259rind\u0259n biri kimi \u00f6z\u00fcn\u00fc s\u00fcbut edib. Yaln\u0131z iki \u00f6lk\u0259y\u0259 deyil, eyni zamanda, C\u0259nubi Qafqaz regionuna s\u00fclh v\u0259 rifah g\u0259tir\u0259r\u0259k beyn\u0259lxalq birliyin maraqlar\u0131na xidm\u0259t ed\u0259c\u0259k Z\u0259ng\u0259zur d\u0259hlizinin a\u00e7\u0131lmas\u0131 regionun n\u0259qliyyat sektorunda yeni imkanlar yaradacaq. Bu g\u00fcn Az\u0259rbaycanda ist\u0259r \u00f6lk\u0259 s\u0259viyy\u0259sind\u0259, ist\u0259rs\u0259 d\u0259 beyn\u0259lxalq s\u0259viyy\u0259d\u0259 \u0259ld\u0259 edil\u0259n b\u00fct\u00fcn u\u011furlar yeni \u00e7a\u011f\u0131r\u0131\u015flara cavab ver\u0259n m\u00fck\u0259mm\u0259l v\u0259 dayan\u0131ql\u0131 idar\u0259etm\u0259 modelinin t\u0259tbiqinin bariz n\u00fcmun\u0259sidir\u00bb s\u00f6zl\u0259ri il\u0259 a\u00e7\u0131qlanm\u0131\u015fd\u0131r.<\/p>\n<p>Zirv\u0259 toplant\u0131s\u0131nda Az\u0259rbaycan\u0131n b\u00f6lg\u0259d\u0259 sabitliyin t\u0259minat\u0131 \u00fc\u00e7\u00fcn g\u00f6st\u0259rdiyi f\u0259dakarl\u0131\u011f\u0131 y\u00fcks\u0259k qiym\u0259tl\u0259ndir\u0259n T\u00fcrkiy\u0259 Prezidenti\u00a0R\u0259c\u0259b Tayyib \u018frdo\u011fan fikrini \u00abQaraba\u011fda 30 ild\u0259n art\u0131q davam ed\u0259n i\u015f\u011fal\u0131n tamamil\u0259 aradan qald\u0131r\u0131lmas\u0131 il\u0259 b\u00f6lg\u0259mizd\u0259 davaml\u0131 s\u00fclh\u0259 bir add\u0131m daha yax\u0131nla\u015fd\u0131\u011f\u0131m\u0131z\u0131 g\u00f6r\u00fcr\u00fck. Erm\u0259nistan\u0131n Az\u0259rbaycan qar\u015f\u0131s\u0131ndak\u0131 \u00f6hd\u0259likl\u0259rini yerin\u0259 yetirm\u0259si bunu asanla\u015fd\u0131racaq. Az\u0259rbaycan\u0131n q\u0259rb b\u00f6lg\u0259l\u0259ri il\u0259 Nax\u00e7\u0131van\u0131 birl\u0259\u015fdir\u0259c\u0259k n\u0259qliyyat x\u0259tl\u0259rinin \u0259n yax\u0131n d\u00f6vrd\u0259 yarad\u0131lmas\u0131 da x\u00fcsusi strateji \u0259h\u0259miyy\u0259t k\u0259sb edir\u201d\u00bb s\u00f6zl\u0259ri il\u0259 d\u0259 t\u0259sdiql\u0259mi\u015fdir.<\/p>\n","protected":false},"excerpt":{"rendered":"<p>Noyabr\u0131n 9-da \u00d6zb\u0259kistan\u0131n paytaxt\u0131 Da\u015fk\u0259ndd\u0259 ke\u00e7iril\u0259n \u0130qtisadi \u018fm\u0259kda\u015fl\u0131q T\u0259\u015fkilat\u0131n\u0131n 16-c\u0131 Zirv\u0259 toplant\u0131s\u0131nda qeyd edildiyi kimi, C\u0259nubi Qafqaz b\u00f6lg\u0259sin\u0259 s\u00fclh v\u0259 rifah g\u0259tir\u0259r\u0259k beyn\u0259lxalq birliyin maraqlar\u0131na xidm\u0259t ed\u0259c\u0259k Z\u0259ng\u0259zur d\u0259hlizinin a\u00e7\u0131lmas\u0131 regionun n\u0259qliyyat sektorunun inki\u015faf\u0131 \u00fc\u00e7\u00fcn yeni imkanlar yaradacaq M\u00fcst\u0259qilliyini b\u0259rpa etdikd\u0259n sonra xarici siyas\u0259tind\u0259 b\u00fct\u00fcn d\u00f6vl\u0259tl\u0259rl\u0259 qar\u015f\u0131l\u0131ql\u0131 anla\u015fma prinsipl\u0259rin\u0259 sadiq qalan Az\u0259rbaycan t\u0259msil olundu\u011fu beyn\u0259lxalq t\u0259\u015fkilatlarda da ikit\u0259r\u0259fli v\u0259 \u00e7oxt\u0259r\u0259fli \u0259m\u0259kda\u015fl\u0131\u011f\u0131 bu istiqam\u0259td\u0259 davam etdirir. 1992-ci il noyabr\u0131n 28-d\u0259 \u0130qtisadi \u018fm\u0259kda\u015fl\u0131q T\u0259\u015fkilat\u0131na (ECO) \u00fczv olan \u00f6lk\u0259miz \u00f6t\u0259n m\u00fcdd\u0259td\u0259 qurumda t\u0259msil olunan d\u00f6vl\u0259l\u0259rl\u0259 \u0259laq\u0259l\u0259rini geni\u015fl\u0259ndirmi\u015f, f\u0259all\u0131\u011f\u0131n\u0131 art\u0131rm\u0131\u015fd\u0131r. Ulu \u00d6nd\u0259r Heyd\u0259r \u018fliyevin&hellip;<\/p>\n","protected":false},"author":2,"featured_media":655953,"comment_status":"closed","ping_status":"closed","sticky":false,"template":"","format":"standard","meta":{"om_disable_all_campaigns":false,"_monsterinsights_skip_tracking":false,"_monsterinsights_sitenote_active":false,"_monsterinsights_sitenote_note":"","_monsterinsights_sitenote_category":0},"categories":[19],"tags":[],"aioseo_notices":[],"gutentor_comment":0,"rttpg_featured_image_url":{"full":["https:\/\/arantv.az\/wp-content\/uploads\/2023\/11\/e71e5cd1169988157554439556610522113.jpg",975,540,false],"landscape":["https:\/\/arantv.az\/wp-content\/uploads\/2023\/11\/e71e5cd1169988157554439556610522113.jpg",975,540,false],"portraits":["https:\/\/arantv.az\/wp-content\/uploads\/2023\/11\/e71e5cd1169988157554439556610522113.jpg",975,540,false],"thumbnail":["https:\/\/arantv.az\/wp-content\/uploads\/2023\/11\/e71e5cd1169988157554439556610522113-500x280.jpg",500,280,true],"medium":["https:\/\/arantv.az\/wp-content\/uploads\/2023\/11\/e71e5cd1169988157554439556610522113-660x365.jpg",660,365,true],"large":["https:\/\/arantv.az\/wp-content\/uploads\/2023\/11\/e71e5cd1169988157554439556610522113-840x465.jpg",640,354,true],"1536x1536":["https:\/\/arantv.az\/wp-content\/uploads\/2023\/11\/e71e5cd1169988157554439556610522113.jpg",975,540,false],"2048x2048":["https:\/\/arantv.az\/wp-content\/uploads\/2023\/11\/e71e5cd1169988157554439556610522113.jpg",975,540,false],"post-thumbnail":["https:\/\/arantv.az\/wp-content\/uploads\/2023\/11\/e71e5cd1169988157554439556610522113-240x172.jpg",240,172,true],"advps-thumb-one":["https:\/\/arantv.az\/wp-content\/uploads\/2023\/11\/e71e5cd1169988157554439556610522113.jpg",975,540,false]},"rttpg_author":{"display_name":"V\u00fcsal Rafiqo\u011flu","author_link":"https:\/\/arantv.az\/?author=2"},"rttpg_comment":0,"rttpg_category":"<a href=\"https:\/\/arantv.az\/?cat=19\" rel=\"category\">G\u00fcnd\u0259m<\/a>","rttpg_excerpt":"Noyabr\u0131n 9-da \u00d6zb\u0259kistan\u0131n paytaxt\u0131 Da\u015fk\u0259ndd\u0259 ke\u00e7iril\u0259n \u0130qtisadi \u018fm\u0259kda\u015fl\u0131q T\u0259\u015fkilat\u0131n\u0131n 16-c\u0131 Zirv\u0259 toplant\u0131s\u0131nda qeyd edildiyi kimi, C\u0259nubi Qafqaz b\u00f6lg\u0259sin\u0259 s\u00fclh v\u0259 rifah g\u0259tir\u0259r\u0259k beyn\u0259lxalq birliyin maraqlar\u0131na xidm\u0259t ed\u0259c\u0259k Z\u0259ng\u0259zur d\u0259hlizinin a\u00e7\u0131lmas\u0131 regionun n\u0259qliyyat sektorunun inki\u015faf\u0131 \u00fc\u00e7\u00fcn yeni imkanlar yaradacaq M\u00fcst\u0259qilliyini b\u0259rpa etdikd\u0259n sonra xarici siyas\u0259tind\u0259 b\u00fct\u00fcn d\u00f6vl\u0259tl\u0259rl\u0259 qar\u015f\u0131l\u0131ql\u0131 anla\u015fma prinsipl\u0259rin\u0259 sadiq qalan Az\u0259rbaycan t\u0259msil olundu\u011fu beyn\u0259lxalq&hellip;","_links":{"self":[{"href":"https:\/\/arantv.az\/index.php?rest_route=\/wp\/v2\/posts\/655952"}],"collection":[{"href":"https:\/\/arantv.az\/index.php?rest_route=\/wp\/v2\/posts"}],"about":[{"href":"https:\/\/arantv.az\/index.php?rest_route=\/wp\/v2\/types\/post"}],"author":[{"embeddable":true,"href":"https:\/\/arantv.az\/index.php?rest_route=\/wp\/v2\/users\/2"}],"replies":[{"embeddable":true,"href":"https:\/\/arantv.az\/index.php?rest_route=%2Fwp%2Fv2%2Fcomments&post=655952"}],"version-history":[{"count":0,"href":"https:\/\/arantv.az\/index.php?rest_route=\/wp\/v2\/posts\/655952\/revisions"}],"wp:featuredmedia":[{"embeddable":true,"href":"https:\/\/arantv.az\/index.php?rest_route=\/wp\/v2\/media\/655953"}],"wp:attachment":[{"href":"https:\/\/arantv.az\/index.php?rest_route=%2Fwp%2Fv2%2Fmedia&parent=655952"}],"wp:term":[{"taxonomy":"category","embeddable":true,"href":"https:\/\/arantv.az\/index.php?rest_route=%2Fwp%2Fv2%2Fcategories&post=655952"},{"taxonomy":"post_tag","embeddable":true,"href":"https:\/\/arantv.az\/index.php?rest_route=%2Fwp%2Fv2%2Ftags&post=655952"}],"curies":[{"name":"wp","href":"https:\/\/api.w.org\/{rel}","templated":true}]}}