{"id":655955,"date":"2023-11-14T10:07:29","date_gmt":"2023-11-14T06:07:29","guid":{"rendered":"https:\/\/arantv.az\/?p=655955"},"modified":"2023-11-14T10:07:29","modified_gmt":"2023-11-14T06:07:29","slug":"erm%c9%99nistan-az%c9%99rbaycanlilarin-geriqayitma-huququnu-inkar-edir","status":"publish","type":"post","link":"https:\/\/arantv.az\/?p=655955","title":{"rendered":"Erm\u0259nistan az\u0259rbaycanl\u0131lar\u0131n geriqay\u0131tma h\u00fcququnu inkar edir"},"content":{"rendered":"<p><em><strong>D\u00f6vl\u0259t ba\u015f\u00e7\u0131s\u0131 \u0130lham \u018fliyev bildirir ki, Az\u0259rbaycan haz\u0131rda birg\u0259ya\u015fay\u0131\u015f,\u00a0 geriqay\u0131tma h\u00fcququ il\u0259 \u0259laq\u0259dar ayd\u0131n v\u0259 \u015f\u0259ffaf proqram\u0131 t\u0259qdim edib<\/strong><\/em><\/p>\n<p>Tarixi Z\u0259f\u0259rimizin \u00fc\u00e7\u00fcnc\u00fc ili arxada qald\u0131. D\u00f6vl\u0259t ba\u015f\u00e7\u0131s\u0131, M\u00fcz\u0259ff\u0259r Ali Ba\u015f Komandan \u0130lham \u018fliyev bu il xalq\u0131m\u0131za Z\u0259f\u0259r t\u0259brikini \u00a0Xank\u0259ndind\u0259 ke\u00e7iril\u0259n h\u0259rbi paraddan \u00e7atd\u0131rd\u0131.\u00a0 Z\u0259f\u0259r dolu g\u00fcnl\u0259ri il\u0259 tarixini z\u0259nginl\u0259\u015fdir\u0259n qalib Az\u0259rbaycan qalibiyy\u0259t r\u0259mzi olan \u00fc\u00e7r\u0259ngli bayra\u011f\u0131n\u0131 bu torpaqda dal\u011fland\u0131rd\u0131\u011f\u0131\u00a0 \u00fc\u00e7\u00fcn q\u00fcrurludur. C\u0259nab \u0130lham \u018fliyev \u00a0qeyd etdi ki, h\u0259m m\u0259nim, h\u0259m sizin, h\u0259m Az\u0259rbaycan xalq\u0131, h\u0259m d\u0259 b\u00fct\u00fcn d\u00fcnya az\u0259rbaycanl\u0131lar\u0131 \u00fc\u00e7\u00fcn bundan b\u00f6y\u00fck xo\u015fb\u0259xtlik ola bilm\u0259z.<\/p>\n<p>Bu m\u0259qama da x\u00fcsusi diqq\u0259t y\u00f6n\u0259ldildi ki, d\u00f6rd il bundan \u0259vv\u0259l Xank\u0259ndi \u015f\u0259h\u0259r stadionunda Erm\u0259nistan\u0131n ba\u015f naziri \u00e7\u0131x\u0131\u015f ed\u0259rk\u0259n t\u0259k\u0259bb\u00fcrl\u0259 demi\u015fdi: \u201cQaraba\u011f Erm\u0259nistand\u0131r v\u0259 n\u00f6qt\u0259\u201d. Biz ona, onun kimil\u0259rin\u0259 v\u0259 onlar\u0131n arxas\u0131nda duranlara d\u00f6y\u00fc\u015f meydan\u0131nda qan t\u00f6k\u0259r\u0259k, \u015f\u0259hidl\u0259r ver\u0259r\u0259k g\u00f6st\u0259rdik ki, o, s\u0259hv yolda idi: \u00abBiz g\u00f6st\u0259rdik ki, Qaraba\u011f Az\u0259rbaycand\u0131r, d\u00f6y\u00fc\u015f\u0259r\u0259k, vuru\u015faraq, he\u00e7 n\u0259y\u0259 baxmayaraq v\u0259 bu g\u00fcn h\u0259r k\u0259s bilm\u0259lidir ki, biziml\u0259 bundan sonra he\u00e7 kim zarafat etm\u0259sin. Erm\u0259nistan r\u0259hb\u0259rliyi \u0259g\u0259r revan\u015fist fikirl\u0259rl\u0259 ya\u015fay\u0131rsa, Erm\u0259nistan\u0131n arxas\u0131nda dayanan manipulyasiyaya \u00f6yr\u0259\u015fmi\u015f \u00f6lk\u0259l\u0259r \u0259g\u0259r yen\u0259 d\u0259 Az\u0259rbaycan \u00fc\u00e7\u00fcn hans\u0131sa m\u0259krli plan qurursa, o, bug\u00fcnk\u00fc parada bir n\u0259z\u0259r yetirsin\u2026 XXI \u0259srd\u0259 he\u00e7 bir ordu bizim q\u0259d\u0259r pe\u015f\u0259karl\u0131q, f\u0259dakarl\u0131q g\u00f6st\u0259rm\u0259mi\u015fdir. He\u00e7 bir xalq \u00f6z do\u011fma torpa\u011f\u0131n\u0131 bu q\u0259d\u0259r \u0259ziz tutub u\u011frunda \u00f6l\u00fcm\u0259 getm\u0259y\u0259 haz\u0131r olmam\u0131\u015fd\u0131r. Bunu biz ham\u0131m\u0131z yax\u015f\u0131 bilirik, bunu d\u00fcnya da bilsin.\u00bb<\/p>\n<p>Az\u0259rbaycan Z\u0259f\u0259ri il\u0259 tarixi \u0259dal\u0259ti b\u0259rpa etdi.\u00a0 Bu reall\u0131q daim \u00f6n\u0259 \u00e7\u0259kilir ki, ke\u00e7mi\u015fini unutmayan, bu g\u00fcn\u00fc il\u0259 q\u00fcrur duyan v\u0259 g\u0259l\u0259c\u0259y\u0259 b\u00f6y\u00fck inamla add\u0131mlayan xalq tarixin b\u00fct\u00fcn s\u0131naqlar\u0131ndan \u015f\u0259r\u0259fl\u0259 \u00e7\u0131x\u0131r. Az\u0259rbaycan yenilm\u0259zliyi, m\u0259\u011frurlu\u011fu, tarixin\u0259 sahib \u00e7\u0131xan xalq olaraq daim d\u00fcnyan\u0131n diqq\u0259tind\u0259dir. Bu g\u00fcn qalib Az\u0259rbaycan\u0131n u\u011furlar\u0131ndan dan\u0131\u015f\u0131r\u0131q. \u00a0T\u0259bii ki, bu u\u011furlar d\u00fc\u015f\u00fcn\u00fclm\u00fc\u015f v\u0259 g\u0259l\u0259c\u0259y\u0259 hesablanm\u0131\u015f siyas\u0259tin, b\u00f6y\u00fck s\u0259yl\u0259rin n\u0259tic\u0259sidir. Az\u0259rbaycan 30 ild\u0259n sonra d\u00fcnyan\u0131n diqq\u0259tini qalibiyy\u0259tin\u0259, tarixi \u0259dal\u0259ti b\u0259rpa ed\u0259r\u0259k regionda v\u0259 d\u00fcnyada yeni reall\u0131qlar yaratmas\u0131na y\u00f6n\u0259ltdi. D\u00f6vl\u0259t ba\u015f\u00e7\u0131s\u0131 \u0130lham \u018fliyevin 2021-ci ild\u0259 \u00a0 Vaqif\u00a0 Poeziya G\u00fcnl\u0259rinin a\u00e7\u0131l\u0131\u015f m\u0259rasimind\u0259ki \u00e7\u0131x\u0131\u015f\u0131nda s\u00f6yl\u0259diyi fikirl\u0259ri yada salmaq ist\u0259rdik: \u00ab\u0130\u015f\u011fal d\u00f6vr\u00fcnd\u0259 bir \u00e7oxlar\u0131m\u0131z &#8211; h\u0259m ke\u00e7mi\u015f m\u0259cburi k\u00f6\u00e7k\u00fcnl\u0259r, h\u0259m b\u00fct\u00fcn Az\u0259rbaycan xalq\u0131, o c\u00fcml\u0259d\u0259n d\u0259 m\u0259n d\u0259f\u0259l\u0259rl\u0259 fikirl\u0259\u015firdik ki, d\u00fcnyada \u0259dal\u0259t yoxdur. \u00c7\u00fcnki \u0259dal\u0259t olsayd\u0131, biz bu v\u0259ziyy\u0259t\u0259 d\u00fc\u015fm\u0259zdik. M\u0259n d\u0259 o c\u00fcml\u0259d\u0259n bel\u0259 fikird\u0259 idim. Ancaq h\u0259yat g\u00f6st\u0259rdi ki, \u0259dal\u0259t var, sad\u0259c\u0259, d\u00f6z\u00fcml\u00fc olmaq laz\u0131md\u0131r, s\u0259birli olmaq laz\u0131md\u0131r, \u0259dal\u0259t\u0259 inanmaq laz\u0131md\u0131r v\u0259 \u0259dal\u0259t\u0259 nail olmaq \u00fc\u00e7\u00fcn \u00e7al\u0131\u015fmaq laz\u0131md\u0131r, h\u0259d\u0259f\u0259 do\u011fru getm\u0259k laz\u0131md\u0131r. \u018fdal\u0259ti b\u0259rpa etm\u0259k \u00fc\u00e7\u00fcn f\u0259dakarl\u0131q g\u00f6st\u0259rm\u0259k laz\u0131md\u0131r. Bu g\u00fcn biz ham\u0131m\u0131z \u00fcr\u0259yimizd\u0259 deyirik v\u0259 a\u00e7\u0131q deyirik ki, b\u0259li, \u0259dal\u0259t var, \u0259dal\u0259t b\u0259rpa edildi, biz bu g\u00fcn \u015eu\u015faday\u0131q v\u0259 bundan sonra \u015eu\u015fada \u0259b\u0259di ya\u015fayaca\u011f\u0131q.\u00bb<\/p>\n<p>Az\u0259rbaycan 30 il d\u00fcnyadan \u0259dal\u0259t g\u00f6zl\u0259m\u0259kl\u0259 yana\u015f\u0131, b\u00fct\u00fcn sah\u0259l\u0259rd\u0259 inki\u015fafa, t\u0259r\u0259qqiy\u0259 nail oldu. Bu g\u00fcn b\u00f6y\u00fck q\u00fcrur hissi il\u0259 qeyd edirik ki, Az\u0259rbaycan\u0131n s\u00f6z\u00fc il\u0259 imzas\u0131 aras\u0131nda he\u00e7 bir f\u0259rq yoxdur. Regionda v\u0259 d\u00fcnyada yeni reall\u0131qlar yaradan Az\u0259rbaycan b\u00f6lg\u0259d\u0259 dayan\u0131ql\u0131 s\u00fclh\u00fcn t\u0259min edilm\u0259si m\u0259qs\u0259dil\u0259 Erm\u0259nistana s\u00fclh t\u0259klifini edir, yeni \u0259m\u0259kda\u015fl\u0131q formatlar\u0131n\u0131n yarad\u0131lmas\u0131 \u00fc\u00e7\u00fcn bu m\u00fch\u00fcm add\u0131ma b\u00f6y\u00fck ehtiyac\u0131n oldu\u011fu bildirilir. Az\u0259rbaycan h\u0259r zaman oldu\u011fu kimi, bu g\u00fcn d\u0259 d\u00fcnyaya s\u00fclh, dostluq, \u0259m\u0259kda\u015fl\u0131q \u00e7a\u011f\u0131r\u0131\u015f\u0131n\u0131 edir.<\/p>\n<p>M\u00f6ht\u0259\u015f\u0259m Q\u0259l\u0259b\u0259miz Heyd\u0259r \u018fliyev yolunun Az\u0259rbaycana qazand\u0131rd\u0131\u011f\u0131 u\u011furlar\u0131n m\u0259cmusu, g\u0259l\u0259c\u0259k h\u0259d\u0259fl\u0259rin t\u0259qdimat\u0131 oldu. 30 il \u00a0arzusunda oldu\u011fumuz h\u0259d\u0259fimiz\u00a0 reall\u0131\u011fa \u00e7evrildi.<\/p>\n<p>M\u00fcnaqi\u015f\u0259nin h\u0259llinin\u00a0 30 il uzanmas\u0131nda d\u00fcnya g\u00fccl\u0259rinin\u00a0 ikili standartlara \u0259saslanan\u00a0 siyas\u0259ti az rol oynamad\u0131.\u00a0 Bir t\u0259r\u0259fd\u0259n Erm\u0259nistana maddi v\u0259 m\u0259n\u0259vi d\u0259st\u0259k g\u00f6st\u0259rilir, silahland\u0131r\u0131l\u0131r, i\u015f\u011fal\u00e7\u0131 d\u00f6vl\u0259t oldu\u011fu dil\u0259 g\u0259tirilmir, dig\u0259r t\u0259r\u0259fd\u0259n d\u0259\u00a0 m\u00fcnaqi\u015f\u0259nin s\u00fclh yolu il\u0259 h\u0259llinin m\u00fcmk\u00fcnl\u00fcy\u00fc bar\u0259d\u0259 fikirl\u0259r s\u00f6yl\u0259nilirdi. Bu gedi\u015fl\u0259rin n\u0259tic\u0259si g\u00f6z \u00f6n\u00fcnd\u0259dir. D\u00f6vl\u0259t\u00a0 ba\u015f\u00e7\u0131s\u0131 \u0130lham \u018fliyev Xank\u0259ndid\u0259 ke\u00e7iril\u0259n h\u0259rbi paraddak\u0131 \u00e7\u0131x\u0131\u015f\u0131nda da bu m\u0259qam\u0131 x\u00fcsusi vur\u011fulad\u0131. \u00abO vaxt h\u0259l\u0259 s\u00fclh dan\u0131\u015f\u0131qlar\u0131na m\u00fc\u0259yy\u0259n \u00fcmidl\u0259r var idi\u00bb dey\u0259n c\u0259nab \u0130lham \u018fliyev bildirdi ki, ancaq ill\u0259r ke\u00e7dikc\u0259 bu \u00fcmidl\u0259r t\u00fck\u0259nirdi. Erm\u0259nistan \u00f6z xo\u015fu il\u0259\u00a0 torpaqlar\u0131m\u0131zdan \u00e7\u0131xmaq ist\u0259mirdi. Qaraba\u011f m\u00fcnaqi\u015f\u0259sinin nizamlanmas\u0131 il\u0259 m\u0259\u015f\u011ful olmu\u015f vasit\u0259\u00e7il\u0259r faktiki olaraq v\u0259ziyy\u0259ti dondurma\u011fa \u00e7al\u0131\u015f\u0131rd\u0131lar. Hesab edirdil\u0259r ki, Az\u0259rbaycan xalq\u0131 bu v\u0259ziyy\u0259tl\u0259 bar\u0131\u015facaq. Ancaq Az\u0259rbaycan xalq\u0131 he\u00e7 vaxt bu v\u0259ziyy\u0259tl\u0259 bar\u0131\u015fmaq fikrind\u0259 deyildi.<\/p>\n<p>D\u00f6vl\u0259t ba\u015f\u00e7\u0131s\u0131 \u0130lham \u018fliyev \u0259n y\u00fcks\u0259k tribunalardan b\u0259yan etdi ki. Az\u0259rbaycan xalq\u0131 he\u00e7 vaxt i\u015f\u011falla bar\u0131\u015fmayacaq. Bir qar\u0131\u015f torpa\u011f\u0131m\u0131z bel\u0259 d\u00fc\u015fm\u0259n\u0259 verilm\u0259y\u0259c\u0259k. Az\u0259rbaycan\u0131n \u0259razi b\u00fct\u00f6vl\u00fcy\u00fc dan\u0131\u015f\u0131qlar m\u00f6vzusu deyil v\u0259 ola da bilm\u0259z. M\u00fcz\u0259ff\u0259r Ali Ba\u015f Komandan \u0130lham \u018fliyevin b\u0259yanatlar\u0131 s\u0131ras\u0131nda bu m\u00fch\u00fcm \u00e7a\u011f\u0131r\u0131\u015f da x\u00fcsusi yer tutdu ki, Az\u0259rbaycan torpa\u011f\u0131nda ikinci erm\u0259ni d\u00f6vl\u0259tinin yarad\u0131lmas\u0131na icaz\u0259 verm\u0259y\u0259c\u0259yik. R\u0259smi Bak\u0131 s\u00fclh dan\u0131\u015f\u0131qlar\u0131 s\u0259m\u0259r\u0259 verm\u0259y\u0259c\u0259yi \u00a0t\u0259qdird\u0259\u00a0 m\u00fcnaqi\u015f\u0259nin h\u0259llind\u0259 h\u0259rb variant\u0131n\u0131n istisna edilm\u0259diyini daim b\u0259yan edib. Az\u0259rbaycan\u0131n tam haqq\u0131 var idi ki, torpaqlar\u0131n\u0131 ist\u0259nil\u0259n yolla azad etsin. M\u00fcnaqi\u015f\u0259nin nizamlanmas\u0131 \u00fc\u00e7\u00fcn m\u00f6hk\u0259m h\u00fcquqi bazan\u0131n\u0131n m\u00f6vcud olmas\u0131na baxmayaraq bu s\u0259n\u0259dl\u0259rin\u00a0 ka\u011f\u0131z \u00fcz\u0259rind\u0259 qalmas\u0131 daim \u00e7oxsayl\u0131 suallar\u0131na yaranmas\u0131na s\u0259b\u0259b olmu\u015fdur. BMT T\u0259hl\u00fck\u0259sizlik \u015euras\u0131n\u0131n q\u0259tnam\u0259l\u0259rinin icras\u0131 il\u0259 ba\u011fl\u0131 d\u00f6vl\u0259t ba\u015f\u00e7\u0131s\u0131 \u0130lham \u018fliyev \u0259n y\u00fcks\u0259k tribunalardan b\u0259yan edirdi ki, n\u0259 \u00fc\u00e7\u00fcn b\u0259zi d\u00f6vl\u0259tl\u0259r \u00fc\u00e7\u00fcn bu q\u0259tnam\u0259l\u0259r 1-2 saat \u0259rzind\u0259 icra edilir, Az\u0259rbaycana g\u0259ldikd\u0259 is\u0259 27 il g\u00f6zl\u0259dik.<\/p>\n<p>T\u0259bii ki, bu, d\u00fcnyan\u0131n apar\u0131c\u0131 d\u00f6vl\u0259tl\u0259rinin ikili standartlara\u00a0 \u0259saslanan siyas\u0259tinin n\u0259tic\u0259l\u0259ri idi. Postm\u00fcnaqi\u015f\u0259 d\u00f6vr\u00fcn\u00fcn reall\u0131qlar\u0131 fonunda BMT-d\u0259 islahatlar\u0131n z\u0259ruriliyi, eyni zamanda, T\u0259hl\u00fck\u0259sizlik \u015euras\u0131n\u0131n t\u0259rkibinin geni\u015fl\u0259ndirilm\u0259si m\u0259s\u0259l\u0259l\u0259rinin g\u00fcnd\u0259m\u0259 g\u0259tirilm\u0259si d\u0259 s\u0259b\u0259bsiz deyil. D\u00fcnyada s\u00fclh\u00fcn v\u0259 t\u0259hl\u00fck\u0259sizliyin t\u0259minat\u0131nda m\u00fch\u00fcm rol oynayan qurumun q\u0259bul etdiyi q\u0259tnam\u0259 27 il ka\u011f\u0131z \u00fcz\u0259rind\u0259 qal\u0131r. T\u0259\u0259cc\u00fcbl\u00fc deyilmi? Maraqlar \u0259dal\u0259ti v\u0259 beyn\u0259lxalq h\u00fcququ \u00fcst\u0259l\u0259yirs\u0259, bu halda h\u0259min qurumlara qar\u015f\u0131 etimad m\u00fchitinin m\u00f6vcudlu\u011fundan dan\u0131\u015fma\u011fa l\u00fczum varm\u0131?\u00a0 44 g\u00fcnl\u00fck \u0130kinci Qaraba\u011f m\u00fcharib\u0259sind\u0259 BMT T\u0259hl\u00fck\u0259sizlik \u015euras\u0131n\u0131n 4 q\u0259tnam\u0259sini t\u0259kba\u015f\u0131na icra ed\u0259n Az\u0259rbaycan bir daha s\u00fcbut etdi ki, \u0259dal\u0259t v\u0259 beyn\u0259lxalq h\u00fcquq deyil\u0259n m\u0259fhumlar var, sad\u0259c\u0259 onlar\u0131n t\u0259tbiqi \u00fc\u00e7\u00fcn vahid mexanizm olmal\u0131d\u0131r.<\/p>\n<p>D\u00f6vl\u0259t ba\u015f\u00e7\u0131s\u0131, M\u00fcz\u0259ff\u0259r Ali Ba\u015f Komandan \u0130lham \u018fliyev Xank\u0259ndi parad\u0131ndan bir daha bu reall\u0131\u011f\u0131 \u00e7atd\u0131rd\u0131 ki, \u0259g\u0259r Erm\u0259nistan r\u0259hb\u0259rliyi v\u0259 onun arxas\u0131nda o vaxt v\u0259 bu g\u00fcn duran b\u0259zi xarici q\u00fcvv\u0259l\u0259r m\u0259nim s\u00f6zl\u0259rim\u0259 qulaq assayd\u0131lar, \u0130kinci Qaraba\u011f m\u00fcharib\u0259sin\u0259 ehtiyac qalmazd\u0131: \u00abM\u0259n d\u0259f\u0259l\u0259rl\u0259 deyirdim, Erm\u0259nistan r\u0259hb\u0259rliyin\u0259 m\u00fcraci\u0259t ed\u0259r\u0259k deyirdim ki, \u0259g\u0259r siz bizim torpa\u011f\u0131m\u0131zdan \u00e7\u0131xmasan\u0131z, d\u00f6y\u00fc\u015f meydan\u0131nda biziml\u0259 \u00fcz-\u00fcz\u0259 g\u0259l\u0259c\u0259ksiniz v\u0259 sizin arxan\u0131zda kim ist\u0259yirs\u0259 dursun, bu, bizi haqq yolumuzdan d\u00f6nd\u0259r\u0259 bilm\u0259z. 44 g\u00fcnl\u00fck V\u0259t\u0259n m\u00fcharib\u0259si bunu bir daha g\u00f6st\u0259rdi.\u00bb<\/p>\n<p>M\u00fcharib\u0259y\u0259 g\u00f6r\u0259 m\u0259suliyy\u0259t yaln\u0131z Erm\u0259nistan\u0131n\u00a0 deyil, h\u0259m\u00e7inin onu beyn\u0259lxalq h\u00fcquqa riay\u0259t etm\u0259y\u0259 m\u0259cbur ed\u0259 bilm\u0259y\u0259n v\u0259 ya bunu etm\u0259k ist\u0259m\u0259y\u0259nl\u0259rin \u00fcz\u0259rin\u0259 d\u00fc\u015f\u00fcr. N\u0259tic\u0259d\u0259 Az\u0259rbaycan bu q\u0259tnam\u0259l\u0259ri beyn\u0259lxalq h\u00fcququn normalar\u0131 \u00e7\u0259r\u00e7iv\u0259sind\u0259 \u00f6z\u00fc h\u0259yata ke\u00e7irdi. Az\u0259rbaycan Birl\u0259\u015fmi\u015f Mill\u0259tl\u0259r T\u0259\u015fkilat\u0131n\u0131n T\u0259hl\u00fck\u0259sizlik \u015euras\u0131n\u0131n q\u0259tnam\u0259l\u0259rini \u00f6z\u00fc yerin\u0259 yetirdi. BMT-nin Nizamnam\u0259si \u0259sas g\u00f6t\u00fcr\u00fcld\u00fc. 51-ci madd\u0259 h\u0259r bir \u00f6lk\u0259nin \u00f6z\u00fcn\u00fcm\u00fcdafi\u0259 h\u00fcququnu tan\u0131y\u0131r.<\/p>\n<p>H\u0259ms\u0259drl\u0259rin erm\u0259nil\u0259rin t\u0259r\u0259fini saxlamalar\u0131, i\u015f\u011fal fakt\u0131na g\u00f6z yummalar\u0131 a\u00e7\u0131q-ayd\u0131n n\u0259z\u0259r\u0259 \u00e7arp\u0131rd\u0131. Bununla da i\u015f\u011fal\u00e7\u0131n\u0131n c\u0259zas\u0131z qalmas\u0131 b\u00f6lg\u0259nin t\u0259hl\u00fck\u0259sizliyin\u0259 b\u00f6y\u00fck t\u0259hl\u00fck\u0259 yarad\u0131rd\u0131. N\u0259tic\u0259siz dan\u0131\u015f\u0131qlar, vasit\u0259\u00e7il\u0259rin \u0259h\u0259miyy\u0259tsiz, ikili standartlara s\u00f6yk\u0259n\u0259n b\u0259yanatlar\u0131 prosesin uzanmas\u0131na xidm\u0259t edirdi. T\u0259bii ki, Az\u0259rbaycan da m\u00fcnaqi\u015f\u0259 \u0259traf\u0131nda v\u0259ziyy\u0259tin sona q\u0259d\u0259r bu c\u00fcr davam etm\u0259si il\u0259 raz\u0131la\u015fm\u0131rd\u0131 v\u0259 n\u0259tic\u0259 g\u00f6z \u00f6n\u00fcnd\u0259dir. \u015e\u00fcbh\u0259siz ki, bel\u0259 bir \u015f\u0259raitd\u0259 Az\u0259rbaycan\u0131n yegan\u0259 yolu q\u0259ti m\u00f6vqe n\u00fcmayi\u015f etdir\u0259r\u0259k m\u00fcnaqi\u015f\u0259nin h\u0259rbi vasit\u0259 il\u0259 h\u0259llin\u0259 \u00fcst\u00fcnl\u00fck verm\u0259si idi. Az\u0259rbaycan \u0259ks-h\u00fcc\u00fcm \u0259m\u0259liyyatlar\u0131na haqq-\u0259dal\u0259t u\u011frunda qo\u015fuldu, 30 il d\u00fc\u015fm\u0259n tapda\u011f\u0131nda qalan torpaqlar\u0131n\u0131 azad etm\u0259k namin\u0259 m\u00fcharib\u0259 apard\u0131. \u018fn \u0259sas\u0131 \u00f6z torpaqlar\u0131nda d\u00f6y\u00fc\u015fd\u00fc.<\/p>\n<p>\u0130kinci Qaraba\u011f m\u00fcharib\u0259si \u00f6lk\u0259 Prezi\u00addenti, Ali Ba\u015f Komandan \u0130lham \u018fliyevin s\u0259rk\u0259rd\u0259lik baca\u00adr\u0131\u011f\u0131n\u0131, \u00e7\u0259tin, a\u011f\u0131r \u015f\u0259raitd\u0259 d\u00fczg\u00fcn q\u0259rar verm\u0259k istedad\u0131n\u0131 bir daha b\u00fct\u00fcn d\u00fcnya\u00adya n\u00fcmayi\u015f etdirdi. D\u00f6y\u00fc\u015f meydan\u0131nda, siyasi m\u00fcst\u0259vid\u0259, ist\u0259nil\u0259n formatda g\u00fcc\u00fcm\u00fcz\u00fc, m\u00fcst\u0259qilliyimizi g\u00f6st\u0259rdik. D\u00f6vl\u0259t ba\u015f\u00e7\u0131s\u0131 \u0130lham \u018fliyev 10 noyabr 2020-ci il tarixli \u00fc\u00e7t\u0259r\u0259fli B\u0259yanat\u0131n imzalanmas\u0131 il\u0259 ba\u011fl\u0131\u00a0\u00a0 xalqa m\u00fcraci\u0259tind\u0259 bildirmi\u015fdir ki,\u00a0 g\u00fcn g\u0259l\u0259c\u0259k m\u00fcharib\u0259 d\u00f6vr\u00fcn\u00fcn ictimaiyy\u0259t\u0259 \u00e7atd\u0131r\u0131la bil\u0259c\u0259k b\u0259zi m\u0259qamlar\u0131 y\u0259qin ki, a\u00e7\u0131qlanacaq: \u00abOla bilsin ki, m\u0259n d\u0259 hans\u0131sa m\u0259s\u0259l\u0259nin \u00fcst\u00fcnd\u0259n o p\u0259rd\u0259ni g\u00f6t\u00fcr\u0259 bil\u0259r\u0259m. Onda h\u0259r k\u0259s g\u00f6r\u0259c\u0259k ki, biz n\u0259 q\u0259d\u0259r b\u00f6y\u00fck s\u0131naqlardan \u00e7\u0131xd\u0131q, n\u0259 q\u0259d\u0259r b\u00f6y\u00fck t\u0259zyiql\u0259r\u0259 m\u0259ruz qald\u0131q. Dem\u0259k olar ki, g\u00fcnd\u0259lik rejimd\u0259, dayan\u0131n, dayan\u0131n, dayan\u0131n, dayan\u0131n. Amma biz qaba\u011fa getdik. \u00c7\u00fcnki m\u0259n xalq\u0131n d\u0259st\u0259yini hiss edirdim, xalq\u0131n inam\u0131n\u0131 g\u00f6r\u00fcrd\u00fcm. M\u0259ni he\u00e7 n\u0259 dayand\u0131ra bilm\u0259zdi. \u00c7\u00fcnki m\u0259n bilirdim ki, biz haql\u0131y\u0131q. Biz \u00f6z \u0259razi b\u00fct\u00f6vl\u00fcy\u00fcm\u00fcz\u00fc b\u0259rpa edirik, \u00f6z torpaqla\u00adr\u0131m\u0131z\u0131 qaytar\u0131r\u0131q.\u00bb<\/p>\n<p>Prezident \u0130lham \u018fliyev noyabr\u0131n 13-d\u0259 AT\u018fT Parlament Assambleyas\u0131n\u0131n prezidenti Pia Kauman\u0131 q\u0259bul ed\u0259rk\u0259n d\u0259 bu kimi m\u0259s\u0259l\u0259l\u0259r\u0259\u00a0 x\u00fcsusi diqq\u0259t g\u00f6st\u0259rdi. \u00a0G\u00f6r\u00fc\u015fd\u0259 C\u0259nubi Qafqaz regionunda v\u0259ziyy\u0259tl\u0259 v\u0259 AT\u018fT Parlament Assambleyas\u0131n\u0131n rolu il\u0259 ba\u011fl\u0131 fikir m\u00fcbadil\u0259si apar\u0131ld\u0131.<\/p>\n<p>D\u00f6vl\u0259timizin ba\u015f\u00e7\u0131s\u0131 qeyd etdi ki, C\u0259nubi Qafqaz regionunda art\u0131q yeni reall\u0131qlar yaran\u0131b. Regionda ba\u015f vermi\u015f son hadis\u0259l\u0259r Erm\u0259nistan\u0131n Az\u0259rbaycana qar\u015f\u0131 30 il\u0259 yax\u0131n davam etmi\u015f i\u015f\u011fal\u0131 v\u0259 h\u0259rbi t\u0259cav\u00fcz\u00fc kontekstind\u0259 n\u0259z\u0259rd\u0259n ke\u00e7irilm\u0259lidir. Bu i\u015f\u011fal v\u0259 t\u0259cav\u00fcz\u00fcn n\u0259tic\u0259l\u0259rin\u0259 bax\u0131lmadan regionun g\u0259l\u0259c\u0259yi il\u0259 ba\u011fl\u0131 bax\u0131\u015flar\u0131n ir\u0259li s\u00fcr\u00fclm\u0259si d\u00fczg\u00fcn yana\u015fma olmaz. Prezident \u0130lham \u018fliyev bildirdi ki, Erm\u0259nistan Az\u0259rbaycan torpaqlar\u0131n\u0131n i\u015f\u011fal\u0131n\u0131 \u0259b\u0259dil\u0259\u015fdirm\u0259y\u0259 \u00e7al\u0131\u015f\u0131rd\u0131. \u0130\u015f\u011fal d\u00f6vr\u00fcnd\u0259 h\u0259yata ke\u00e7irilmi\u015f vasit\u0259\u00e7ilik missiyalar\u0131 tamamil\u0259 u\u011fursuz olmu\u015f, i\u015f\u011fal v\u0259 t\u0259cav\u00fcz\u00fcn n\u0259tic\u0259l\u0259rini aradan qald\u0131rmam\u0131\u015fd\u0131r. \u00a044 g\u00fcnl\u00fck V\u0259t\u0259n m\u00fcharib\u0259sind\u0259n sonra imzalanm\u0131\u015f 2020-ci il 10 noyabr B\u0259yanat\u0131ndan ir\u0259li g\u0259l\u0259n \u00f6hd\u0259likl\u0259ri Erm\u0259nistan yerin\u0259 yetirm\u0259di. Bel\u0259 ki, Erm\u0259nistan n\u0259inki Qaraba\u011fdak\u0131 silahl\u0131 q\u00fcvv\u0259l\u0259rini \u0259razid\u0259n \u00e7\u0131xarmam\u0131\u015fd\u0131, h\u0259tta h\u0259min \u0259razini h\u0259rbi texnikan\u0131n, silahl\u0131 q\u00fcvv\u0259l\u0259rinin \u015f\u0259xsi hey\u0259tinin v\u0259 minalar\u0131n da\u015f\u0131nmas\u0131 \u00fc\u00e7\u00fcn m\u0259qs\u0259dy\u00f6nl\u00fc \u015f\u0259kild\u0259 istifad\u0259 edirdi. H\u0259m\u00e7inin Erm\u0259nistan \u015e\u0259rqi Z\u0259ng\u0259zurla Nax\u00e7\u0131van aras\u0131nda \u0259laq\u0259nin yarad\u0131lmas\u0131 il\u0259 ba\u011fl\u0131 \u00f6z \u00f6hd\u0259likl\u0259rini yerin\u0259 yetirm\u0259di. Art\u0131q bu m\u0259s\u0259l\u0259l\u0259r ke\u00e7mi\u015fd\u0259 qald\u0131. Haz\u0131rda regionun s\u00fclh g\u00fcnd\u0259liyi \u00fc\u00e7\u00fcn \u00e7ox yax\u015f\u0131 imkanlar var.<\/p>\n<p>D\u00f6vl\u0259timizin ba\u015f\u00e7\u0131s\u0131 vur\u011fulad\u0131 ki, 44 g\u00fcnl\u00fck V\u0259t\u0259n m\u00fcharib\u0259sind\u0259n sonra s\u00fclh m\u00fcqavil\u0259si v\u0259 onun \u0259sas\u0131n\u0131 t\u0259\u015fkil ed\u0259n prinsipl\u0259r t\u0259\u015f\u0259bb\u00fcs\u00fc il\u0259 d\u0259 m\u0259hz Az\u0259rbaycan \u00e7\u0131x\u0131\u015f edib. Az\u0259rbaycan C\u0259nubi Qafqazda davaml\u0131 s\u00fclh\u00fcn t\u0259r\u0259fdar\u0131d\u0131r v\u0259 regional s\u00fclh g\u00fcnd\u0259liyini, Erm\u0259nistanla m\u00fcnasib\u0259tl\u0259rin normalla\u015fd\u0131r\u0131lmas\u0131n\u0131 v\u0259 s\u00fclh m\u00fcqavil\u0259sinin imzalanmas\u0131n\u0131 d\u0259st\u0259kl\u0259yir. Az\u0259rbaycan haz\u0131rda birg\u0259ya\u015fay\u0131\u015f v\u0259 geriqay\u0131tma h\u00fcququ il\u0259 \u0259laq\u0259dar ayd\u0131n v\u0259 \u015f\u0259ffaf proqram\u0131 t\u0259qdim ets\u0259 d\u0259, az\u0259rbaycanl\u0131lar\u0131n Erm\u0259nistana geri qay\u0131d\u0131\u015f\u0131 il\u0259 ba\u011fl\u0131 geriqay\u0131tma h\u00fcququnu Erm\u0259nistan inkar edir v\u0259 bununla \u0259laq\u0259dar olaraq h\u0259r hans\u0131 bir bax\u0131\u015f ortaya qoymay\u0131b.<\/p>\n<p>G\u00f6r\u00fcnd\u00fcy\u00fc kimi, d\u00f6vl\u0259t ba\u015f\u00e7\u0131s\u0131 \u0130lham \u018fliyevin h\u0259r bir \u00e7\u0131x\u0131\u015f\u0131, ke\u00e7irdiyi g\u00f6r\u00fc\u015fl\u0259r i\u015f\u011fal v\u0259 postm\u00fcnaqi\u015f\u0259 d\u00f6vr\u00fcn\u00fcn reall\u0131qlar\u0131n\u0131n, eyni zamanda, regionun g\u0259l\u0259c\u0259yi il\u0259 ba\u011fl\u0131 h\u0259d\u0259fl\u0259rin t\u0259qdimat\u0131d\u0131r. Tarixi Z\u0259f\u0259rimizd\u0259n d\u0259rhal sonra Az\u0259rbaycan regionda davaml\u0131 s\u00fclh\u00fcn v\u0259 t\u0259hl\u00fck\u0259sizliyin t\u0259min edilm\u0259si, Erm\u0259nistanla m\u00fcnasib\u0259tl\u0259rind\u0259 yeni s\u0259hif\u0259nin a\u00e7\u0131lmas\u0131 \u00fc\u00e7\u00fcn qar\u015f\u0131 t\u0259r\u0259f\u0259 s\u00fclh t\u0259klifini edirs\u0259, bu, \u00f6lk\u0259mizin b\u00f6lg\u0259nin g\u0259l\u0259c\u0259yi il\u0259 ba\u011fl\u0131 h\u0259d\u0259fl\u0259rinin t\u0259qdimat\u0131d\u0131r. Art\u0131q Qaraba\u011fdak\u0131 erm\u0259nil\u0259rin reinteqrasiyas\u0131 prosesin\u0259 ba\u015flan\u0131b v\u0259 erm\u0259nil\u0259rl\u0259 birg\u0259ya\u015fay\u0131\u015f realla\u015f\u0131r.<\/p>\n","protected":false},"excerpt":{"rendered":"<p>D\u00f6vl\u0259t ba\u015f\u00e7\u0131s\u0131 \u0130lham \u018fliyev bildirir ki, Az\u0259rbaycan haz\u0131rda birg\u0259ya\u015fay\u0131\u015f,\u00a0 geriqay\u0131tma h\u00fcququ il\u0259 \u0259laq\u0259dar ayd\u0131n v\u0259 \u015f\u0259ffaf proqram\u0131 t\u0259qdim edib Tarixi Z\u0259f\u0259rimizin \u00fc\u00e7\u00fcnc\u00fc ili arxada qald\u0131. D\u00f6vl\u0259t ba\u015f\u00e7\u0131s\u0131, M\u00fcz\u0259ff\u0259r Ali Ba\u015f Komandan \u0130lham \u018fliyev bu il xalq\u0131m\u0131za Z\u0259f\u0259r t\u0259brikini \u00a0Xank\u0259ndind\u0259 ke\u00e7iril\u0259n h\u0259rbi paraddan \u00e7atd\u0131rd\u0131.\u00a0 Z\u0259f\u0259r dolu g\u00fcnl\u0259ri il\u0259 tarixini z\u0259nginl\u0259\u015fdir\u0259n qalib Az\u0259rbaycan qalibiyy\u0259t r\u0259mzi olan \u00fc\u00e7r\u0259ngli bayra\u011f\u0131n\u0131 bu torpaqda dal\u011fland\u0131rd\u0131\u011f\u0131\u00a0 \u00fc\u00e7\u00fcn q\u00fcrurludur. C\u0259nab \u0130lham \u018fliyev \u00a0qeyd etdi ki, h\u0259m m\u0259nim, h\u0259m sizin, h\u0259m Az\u0259rbaycan xalq\u0131, h\u0259m d\u0259 b\u00fct\u00fcn d\u00fcnya az\u0259rbaycanl\u0131lar\u0131 \u00fc\u00e7\u00fcn bundan b\u00f6y\u00fck xo\u015fb\u0259xtlik ola bilm\u0259z. Bu m\u0259qama da x\u00fcsusi diqq\u0259t&hellip;<\/p>\n","protected":false},"author":2,"featured_media":655956,"comment_status":"closed","ping_status":"closed","sticky":false,"template":"","format":"standard","meta":{"om_disable_all_campaigns":false,"_monsterinsights_skip_tracking":false,"_monsterinsights_sitenote_active":false,"_monsterinsights_sitenote_note":"","_monsterinsights_sitenote_category":0},"categories":[19],"tags":[],"aioseo_notices":[],"gutentor_comment":0,"rttpg_featured_image_url":{"full":["https:\/\/arantv.az\/wp-content\/uploads\/2023\/11\/ffa1e107169943496263306817210476428.jpg",975,540,false],"landscape":["https:\/\/arantv.az\/wp-content\/uploads\/2023\/11\/ffa1e107169943496263306817210476428.jpg",975,540,false],"portraits":["https:\/\/arantv.az\/wp-content\/uploads\/2023\/11\/ffa1e107169943496263306817210476428.jpg",975,540,false],"thumbnail":["https:\/\/arantv.az\/wp-content\/uploads\/2023\/11\/ffa1e107169943496263306817210476428-500x280.jpg",500,280,true],"medium":["https:\/\/arantv.az\/wp-content\/uploads\/2023\/11\/ffa1e107169943496263306817210476428-660x365.jpg",660,365,true],"large":["https:\/\/arantv.az\/wp-content\/uploads\/2023\/11\/ffa1e107169943496263306817210476428-840x465.jpg",640,354,true],"1536x1536":["https:\/\/arantv.az\/wp-content\/uploads\/2023\/11\/ffa1e107169943496263306817210476428.jpg",975,540,false],"2048x2048":["https:\/\/arantv.az\/wp-content\/uploads\/2023\/11\/ffa1e107169943496263306817210476428.jpg",975,540,false],"post-thumbnail":["https:\/\/arantv.az\/wp-content\/uploads\/2023\/11\/ffa1e107169943496263306817210476428-240x172.jpg",240,172,true],"advps-thumb-one":["https:\/\/arantv.az\/wp-content\/uploads\/2023\/11\/ffa1e107169943496263306817210476428.jpg",975,540,false]},"rttpg_author":{"display_name":"V\u00fcsal Rafiqo\u011flu","author_link":"https:\/\/arantv.az\/?author=2"},"rttpg_comment":0,"rttpg_category":"<a href=\"https:\/\/arantv.az\/?cat=19\" rel=\"category\">G\u00fcnd\u0259m<\/a>","rttpg_excerpt":"D\u00f6vl\u0259t ba\u015f\u00e7\u0131s\u0131 \u0130lham \u018fliyev bildirir ki, Az\u0259rbaycan haz\u0131rda birg\u0259ya\u015fay\u0131\u015f,\u00a0 geriqay\u0131tma h\u00fcququ il\u0259 \u0259laq\u0259dar ayd\u0131n v\u0259 \u015f\u0259ffaf proqram\u0131 t\u0259qdim edib Tarixi Z\u0259f\u0259rimizin \u00fc\u00e7\u00fcnc\u00fc ili arxada qald\u0131. D\u00f6vl\u0259t ba\u015f\u00e7\u0131s\u0131, M\u00fcz\u0259ff\u0259r Ali Ba\u015f Komandan \u0130lham \u018fliyev bu il xalq\u0131m\u0131za Z\u0259f\u0259r t\u0259brikini \u00a0Xank\u0259ndind\u0259 ke\u00e7iril\u0259n h\u0259rbi paraddan \u00e7atd\u0131rd\u0131.\u00a0 Z\u0259f\u0259r dolu g\u00fcnl\u0259ri il\u0259 tarixini z\u0259nginl\u0259\u015fdir\u0259n qalib Az\u0259rbaycan qalibiyy\u0259t r\u0259mzi olan \u00fc\u00e7r\u0259ngli&hellip;","_links":{"self":[{"href":"https:\/\/arantv.az\/index.php?rest_route=\/wp\/v2\/posts\/655955"}],"collection":[{"href":"https:\/\/arantv.az\/index.php?rest_route=\/wp\/v2\/posts"}],"about":[{"href":"https:\/\/arantv.az\/index.php?rest_route=\/wp\/v2\/types\/post"}],"author":[{"embeddable":true,"href":"https:\/\/arantv.az\/index.php?rest_route=\/wp\/v2\/users\/2"}],"replies":[{"embeddable":true,"href":"https:\/\/arantv.az\/index.php?rest_route=%2Fwp%2Fv2%2Fcomments&post=655955"}],"version-history":[{"count":0,"href":"https:\/\/arantv.az\/index.php?rest_route=\/wp\/v2\/posts\/655955\/revisions"}],"wp:featuredmedia":[{"embeddable":true,"href":"https:\/\/arantv.az\/index.php?rest_route=\/wp\/v2\/media\/655956"}],"wp:attachment":[{"href":"https:\/\/arantv.az\/index.php?rest_route=%2Fwp%2Fv2%2Fmedia&parent=655955"}],"wp:term":[{"taxonomy":"category","embeddable":true,"href":"https:\/\/arantv.az\/index.php?rest_route=%2Fwp%2Fv2%2Fcategories&post=655955"},{"taxonomy":"post_tag","embeddable":true,"href":"https:\/\/arantv.az\/index.php?rest_route=%2Fwp%2Fv2%2Ftags&post=655955"}],"curies":[{"name":"wp","href":"https:\/\/api.w.org\/{rel}","templated":true}]}}