{"id":655962,"date":"2023-11-14T10:08:58","date_gmt":"2023-11-14T06:08:58","guid":{"rendered":"https:\/\/arantv.az\/?p=655962"},"modified":"2023-11-14T10:08:58","modified_gmt":"2023-11-14T06:08:58","slug":"biz-ist%c9%99diyimiz%c9%99-nail-olduq","status":"publish","type":"post","link":"https:\/\/arantv.az\/?p=655962","title":{"rendered":"Biz ist\u0259diyimiz\u0259 nail olduq"},"content":{"rendered":"<p>8 noyabr \u00e7ox\u0259srlik tariximizin \u0259n m\u00f6ht\u0259\u015f\u0259m s\u0259hif\u0259l\u0259rind\u0259n biridir. Bu tarix d\u00fcnyaya s\u0259s salan Z\u0259f\u0259rimizin \u0259b\u0259dil\u0259\u015fdirildiyi tarixdir. Bu il V\u0259t\u0259n m\u00fcharib\u0259sind\u0259 Z\u0259f\u0259rimizin \u00fc\u00e7\u00fcnc\u00fc ild\u00f6n\u00fcm\u00fcn\u00fc daha m\u00f6ht\u0259\u015f\u0259m Z\u0259f\u0259r ruhunda qeyd etdik. D\u00f6vl\u0259t ba\u015f\u00e7\u0131s\u0131, M\u00fcz\u0259ff\u0259r Ali Ba\u015f Komandan \u0130lham \u018fliyevin, birinci xan\u0131m Mehriban \u018fliyevan\u0131n v\u0259 o\u011fullar\u0131 Heyd\u0259r \u018fliyevin i\u015ftirak\u0131 il\u0259 Xank\u0259ndi \u015f\u0259h\u0259rind\u0259 h\u0259rbi parad ke\u00e7irildi. Silahl\u0131 Q\u00fcvv\u0259l\u0259rin parad hey\u0259tl\u0259rinin Az\u0259rbaycan Respublikas\u0131n\u0131n D\u00f6vl\u0259t Bayra\u011f\u0131 v\u0259 \u015eu\u015fa \u015f\u0259h\u0259rin\u0259 sanc\u0131lan \u2013 Q\u0259l\u0259b\u0259nin r\u0259mzin\u0259 \u00e7evril\u0259n Z\u0259f\u0259r Bayra\u011f\u0131 alt\u0131nda tribunaya do\u011fru ir\u0259lil\u0259m\u0259l\u0259ri, ard\u0131nca Az\u0259rbaycan Ordusunun v\u0259 qo\u015fun n\u00f6vl\u0259rinin, lokal xarakterli antiterror t\u0259dbirl\u0259rind\u0259 i\u015ftirak etmi\u015f h\u0259rbi birl\u0259\u015fm\u0259l\u0259rin d\u00f6y\u00fc\u015f bayraqlar\u0131n\u0131n Xank\u0259ndi \u015f\u0259h\u0259rinin m\u0259rk\u0259zi meydan\u0131na g\u0259tirilm\u0259si h\u0259r birimizd\u0259 b\u00f6y\u00fck q\u00fcrur hissi yaratd\u0131.<\/p>\n<p>H\u0259rbi paraddak\u0131 \u00e7\u0131x\u0131\u015f\u0131nda \u201c\u0130yirmi il bundan \u0259vv\u0259l Prezident kimi \u00f6z f\u0259aliyy\u0259tim\u0259 ba\u015flayanda \u0259ziz xalq\u0131ma bildirmi\u015fdim ki, biz torpaqlar\u0131m\u0131z\u0131 m\u00fcharib\u0259 yolu il\u0259 azad etm\u0259y\u0259 haz\u0131r olmal\u0131y\u0131q. O vaxt h\u0259l\u0259 s\u00fclh dan\u0131\u015f\u0131qlar\u0131na m\u00fc\u0259yy\u0259n \u00fcmidl\u0259r var idi\u201d s\u00f6yl\u0259y\u0259n d\u00f6vl\u0259t ba\u015f\u00e7\u0131s\u0131, M\u00fcz\u0259ff\u0259r Ali Ba\u015f Komandan \u0130lham \u018fliyev bu reall\u0131\u011f\u0131 da x\u00fcsusi qeyd etdi ki, ancaq ill\u0259r ke\u00e7dikc\u0259 bu \u00fcmidl\u0259r t\u00fck\u0259nirdi. Erm\u0259nistan \u00f6z xo\u015fu il\u0259 torpaqlar\u0131m\u0131zdan \u00e7\u0131xmaq ist\u0259mirdi. Qaraba\u011f m\u00fcnaqi\u015f\u0259sinin nizamlanmas\u0131 il\u0259 m\u0259\u015f\u011ful olmu\u015f vasit\u0259\u00e7il\u0259r faktiki olaraq v\u0259ziyy\u0259ti dondurma\u011fa \u00e7al\u0131\u015f\u0131rd\u0131lar. Hesab edirdil\u0259r ki, Az\u0259rbaycan xalq\u0131 bu v\u0259ziyy\u0259tl\u0259 bar\u0131\u015facaq. Ancaq Az\u0259rbaycan xalq\u0131 he\u00e7 vaxt bu v\u0259ziyy\u0259tl\u0259 bar\u0131\u015fmaq fikrind\u0259 deyildi. Prezident \u0130lham \u018fliyev d\u0259f\u0259l\u0259rl\u0259\u00a0 m\u00fcxt\u0259lif k\u00fcrs\u00fcl\u0259rd\u0259n b\u0259yan etmi\u015fdir ki,\u00a0 bu v\u0259ziyy\u0259tl\u0259 bar\u0131\u015fmayaca\u011f\u0131q. Az\u0259rbaycan torpa\u011f\u0131nda ikinci erm\u0259ni d\u00f6vl\u0259tinin yarad\u0131lmas\u0131na icaz\u0259 verm\u0259y\u0259c\u0259yik, dan\u0131\u015f\u0131qlar n\u0259tic\u0259siz ba\u015fa \u00e7atsa, g\u00fcc t\u0259tbiq ed\u0259r\u0259k beyn\u0259lxalq h\u00fcquq \u0259sas\u0131nda \u00f6z do\u011fma torpaqlar\u0131m\u0131z\u0131 d\u00f6y\u00fc\u015f meydan\u0131nda i\u015f\u011fal\u00e7\u0131lardan azad ed\u0259c\u0259yik.<\/p>\n<p>C\u0259nab \u0130lham \u018fliyev h\u0259r zaman bu m\u0259qam\u0131 da diqq\u0259t\u0259 \u00e7atd\u0131r\u0131r ki, \u0259g\u0259r Erm\u0259nistan r\u0259hb\u0259rliyi v\u0259 onun arxas\u0131nda o vaxt v\u0259 bu g\u00fcn duran b\u0259zi xarici q\u00fcvv\u0259l\u0259r \u00a0s\u00f6zl\u0259rim\u0259 qulaq assayd\u0131lar, \u0130kinci Qaraba\u011f m\u00fcharib\u0259sin\u0259 ehtiyac qalmazd\u0131: \u201cM\u0259n d\u0259f\u0259l\u0259rl\u0259 deyirdim, Erm\u0259nistan r\u0259hb\u0259rliyin\u0259 m\u00fcraci\u0259t ed\u0259r\u0259k deyirdim ki, \u0259g\u0259r siz bizim torpa\u011f\u0131m\u0131zdan \u00e7\u0131xmasan\u0131z, d\u00f6y\u00fc\u015f meydan\u0131nda biziml\u0259 \u00fcz-\u00fcz\u0259 g\u0259l\u0259c\u0259ksiniz v\u0259 sizin arxan\u0131zda kim ist\u0259yirs\u0259 dursun, bu, bizi haqq yolumuzdan d\u00f6nd\u0259r\u0259 bilm\u0259z. 44 g\u00fcnl\u00fck V\u0259t\u0259n m\u00fcharib\u0259si bunu bir daha g\u00f6st\u0259rdi.\u201d<\/p>\n<p>V\u0259t\u0259n m\u00fcharib\u0259si xalq\u0131m\u0131z\u0131n q\u0259hr\u0259manl\u0131q salnam\u0259sin\u0259 yeni s\u0259hif\u0259l\u0259r yazd\u0131. 44 g\u00fcn davam ed\u0259n \u0259ks-h\u00fccum \u0259m\u0259liyyatlar\u0131 n\u0259tic\u0259sind\u0259 F\u00fczulinin, A\u011fdam\u0131n, C\u0259bray\u0131l\u0131n, K\u0259lb\u0259c\u0259rin, Qubadl\u0131n\u0131n, Z\u0259ngilan\u0131n, \u015eu\u015fan\u0131n, Hadrutun\u2026 300-\u0259 yax\u0131n k\u0259ndin, strateji y\u00fcks\u0259klikl\u0259rin i\u015f\u011faldan azad olunmas\u0131 il\u0259 b\u00f6lg\u0259d\u0259 yeni reall\u0131qlar \u00a0yaradan Az\u0259rbaycan Ordusunun u\u011furlar\u0131 Prezident, Ali Ba\u015f Komandan \u0130lham \u018fliyevin 17 illik g\u0259rgin siyasi-diplomatik s\u0259yl\u0259rinin, d\u00f6vl\u0259t\u00e7ilik t\u0259cr\u00fcb\u0259sinin, torpa\u011f\u0131na ba\u011fl\u0131l\u0131\u011f\u0131n\u0131n, \u0259sg\u0259r v\u0259 zabitl\u0259rimizin ruh y\u00fcks\u0259kliyinin, xalq-ordu birliyinin m\u0259ntiqi n\u0259tic\u0259sidir. D\u00f6vl\u0259t ba\u015f\u00e7\u0131s\u0131 \u0130lham \u018fliyevin qeyd etdiyi kimi, 20 ild\u0259 bu g\u00fcn\u0259 do\u011fru gedirdik. Beyn\u0259lxalq h\u00fcquq m\u00fcst\u0259visind\u0259 Az\u0259rbaycan\u0131n m\u00f6vqel\u0259ri m\u00f6hk\u0259ml\u0259ndirildi. Siyasi m\u00fcst\u0259vid\u0259 apar\u0131lan u\u011furlu f\u0259aliyy\u0259t n\u0259tic\u0259sind\u0259 b\u00fct\u00fcn d\u00fcnya\u00a0 haql\u0131 t\u0259r\u0259fin biz oldu\u011fumuzu q\u0259bul etm\u0259y\u0259 ba\u015flad\u0131.\u00a0 \u0130qtisadi sah\u0259d\u0259 apar\u0131lan\u00a0 islahatlar u\u011furlu n\u0259tic\u0259l\u0259r\u0259 yol a\u00e7d\u0131. \u0130qtisadi m\u00fcst\u0259qilliyin t\u0259min edilm\u0259si siyasi m\u00f6vqeyimizin m\u00f6hk\u0259ml\u0259ndirilm\u0259sind\u0259 \u00f6z s\u00f6z\u00fcn\u00fc dedi. Az\u0259rbaycan\u0131n xarici siyas\u0259tinin d\u0259yi\u015fm\u0259z prinsipl\u0259ri beyn\u0259lxalq m\u00fcnasib\u0259tl\u0259r sistemind\u0259 yeri v\u0259 rolunun m\u00f6hk\u0259ml\u0259nm\u0259sind\u0259 \u0259h\u0259miyy\u0259tli rol oynad\u0131.<\/p>\n<p>\u015eu\u015fa \u0259m\u0259liyyat\u0131 44 g\u00fcnl\u00fck V\u0259t\u0259n m\u00fcharib\u0259si d\u00f6vr\u00fcnd\u0259 x\u00fcsusi yer\u0259 malikdir. \u00c7\u00fcnki \u00e7ox \u00e7\u0259tin co\u011frafi v\u0259ziyy\u0259td\u0259 yerl\u0259\u015f\u0259n, al\u0131nmaz qala say\u0131lan \u015eu\u015fan\u0131 y\u00fcng\u00fcl silahlarla, bir \u00e7ox hallarda \u0259lb\u0259yaxa d\u00f6y\u00fc\u015fl\u0259r n\u0259tic\u0259sind\u0259 azad etm\u0259k b\u00f6y\u00fck g\u00fcc, pe\u015f\u0259karl\u0131q v\u0259 f\u0259dakarl\u0131q t\u0259l\u0259b edirdi. Az\u0259rbaycan \u00f6vladlar\u0131 bunu g\u00f6st\u0259rmi\u015fl\u0259r. \u201c\u015eu\u015fas\u0131z bizim i\u015fimiz yar\u0131m\u00e7\u0131q olar\u201d s\u00f6yl\u0259y\u0259n Ali Ba\u015f Komandan \u0130lham \u018fliyev ulu babalar\u0131m\u0131z\u0131n \u0259man\u0259tini xalq\u0131m\u0131za qaytarmaqla Ulu \u00d6nd\u0259r Heyd\u0259r \u018fliyevin v\u0259siyy\u0259tini d\u0259 yerin\u0259 yetirdi. D\u00f6y\u00fc\u015f \u0259m\u0259liyyatlar\u0131nda ordumuzun \u0259n m\u00fcasir h\u0259rbi texnika v\u0259 avadanl\u0131qlarla t\u0259chiz olunmas\u0131, y\u00fcks\u0259kd\u0259qiqlikli silahlardan istifad\u0259, m\u00f6vcud nizam-intizam q\u0259l\u0259b\u0259nin ba\u015fl\u0131ca amill\u0259ri olmaqla 27 il icras\u0131n\u0131 g\u00f6zl\u0259y\u0259n q\u0259tnam\u0259l\u0259rin q\u0259tnam\u0259l\u0259rin yerin\u0259 yetirilm\u0259sini realla\u015fd\u0131rd\u0131. \u00d6lk\u0259 Prezidenti, Silahl\u0131 Q\u00fcvv\u0259l\u0259rin Ali Ba\u015f Komandan\u0131 \u0130lham \u018fliyevin \u201cH\u00fccum!\u201d \u0259mrin\u0259 h\u0259r zaman haz\u0131r olduqlar\u0131n\u0131 bildir\u0259n Az\u0259rbaycan \u0259sg\u0259ri torpaqlar\u0131m\u0131z\u0131n i\u015f\u011faldan azad etm\u0259k q\u00fcdr\u0259tind\u0259 oldu\u011funu bir daha t\u0259sdiql\u0259di. \u015eu\u015fa z\u0259f\u0259rimizd\u0259n sonra Erm\u0259nistan siyasi r\u0259hb\u0259rliyi m\u0259\u011flubiyy\u0259ti d\u0259rk ed\u0259r\u0259k kapitulyasiya akt\u0131n\u0131 imzalama\u011fa m\u0259cbur oldu v\u0259 n\u0259tic\u0259d\u0259 A\u011fdam, K\u0259lb\u0259c\u0259r v\u0259 La\u00e7\u0131n rayonlar\u0131 bir g\u00fcll\u0259 at\u0131lmadan bel\u0259 d\u00fc\u015fm\u0259nd\u0259n azad olundu. T\u0259bii ki, Ordumuzun g\u00fcc\u00fc, q\u00fcdr\u0259ti bu rayonlar\u0131 da azad etm\u0259k imkan\u0131nda idi. Ancaq \u015f\u0259hidl\u0259rimizin say\u0131 daha \u00e7ox ola bil\u0259rdi. D\u00f6vl\u0259t ba\u015f\u00e7\u0131s\u0131 Xank\u0259ndi \u015f\u0259h\u0259rind\u0259 ke\u00e7iril\u0259n paradda \u00e7\u0131x\u0131\u015f\u0131nda diqq\u0259ti bu m\u00fch\u00fcm m\u0259qama y\u00f6n\u0259ld\u0259r\u0259k bildirdi ki, o vaxt Silahl\u0131 Q\u00fcvv\u0259l\u0259rimiz Xank\u0259ndinin bir add\u0131ml\u0131\u011f\u0131nda idi. M\u00fcharib\u0259nin o vaxt dayand\u0131r\u0131lmas\u0131 \u015f\u00fcurlu se\u00e7imimiz idi v\u0259 bu g\u00fcn burada &#8211; Xank\u0259ndi \u015f\u0259h\u0259rinin m\u0259rk\u0259zi meydan\u0131nda h\u0259rbi parad\u0131 ke\u00e7irm\u0259yimiz bir daha onu g\u00f6st\u0259rir ki, n\u0259 q\u0259d\u0259r d\u00fczg\u00fcn, m\u00fcdrik add\u0131m idi.<\/p>\n<p>C\u0259nab \u0130lham \u018fliyevin h\u0259r bir \u00e7\u0131x\u0131\u015f\u0131 Erm\u0259nistana v\u0259 ona havadarl\u0131q ed\u0259n d\u00f6vl\u0259tl\u0259r\u0259 mesajlar\u0131 il\u0259 z\u0259ngindir. \u201cBiz ist\u0259diyimiz\u0259 nail olduq, beyn\u0259lxalq h\u00fcququ b\u0259rpa etdik, tarixi \u0259dal\u0259ti b\u0259rpa etdik, milli l\u0259yaq\u0259timizi b\u0259rpa etdik, d\u00fc\u015fm\u0259n\u0259 onun yerini g\u00f6st\u0259rdik\u201d dey\u0259n M\u00fcz\u0259ff\u0259r Ali Ba\u015f Komandan \u0130lham \u018fliyev qeyd etdi ki, d\u00fc\u015fm\u0259n\u00a0 qaba\u011f\u0131m\u0131zda diz \u00e7\u00f6kd\u00fc v\u0259 bu g\u00fcn\u00a0 burada m\u00fcz\u0259ff\u0259r Silahl\u0131 Q\u00fcvv\u0259l\u0259rin qar\u015f\u0131s\u0131nda \u00e7\u0131x\u0131\u015f edir\u0259m: \u201cY\u0259ni, biz b\u00fct\u00fcn v\u0259zif\u0259l\u0259ri icra etmi\u015fik, ancaq bununla b\u0259rab\u0259r, bundan sonra da ordu quruculu\u011fu m\u0259s\u0259l\u0259l\u0259ri bizim \u00fc\u00e7\u00fcn prioritet m\u0259s\u0259l\u0259l\u0259rd\u0259n biri olacaq. Bunu ham\u0131 bilsin v\u0259 he\u00e7 kim bunu unutmas\u0131n.\u201d<\/p>\n<p><strong>Anar N\u0259biyev,<\/strong><br \/>\n<u>YAP Qazax rayon t\u0259\u015fkilat\u0131n\u0131n s\u0259dri<\/u><\/p>\n","protected":false},"excerpt":{"rendered":"<p>8 noyabr \u00e7ox\u0259srlik tariximizin \u0259n m\u00f6ht\u0259\u015f\u0259m s\u0259hif\u0259l\u0259rind\u0259n biridir. Bu tarix d\u00fcnyaya s\u0259s salan Z\u0259f\u0259rimizin \u0259b\u0259dil\u0259\u015fdirildiyi tarixdir. Bu il V\u0259t\u0259n m\u00fcharib\u0259sind\u0259 Z\u0259f\u0259rimizin \u00fc\u00e7\u00fcnc\u00fc ild\u00f6n\u00fcm\u00fcn\u00fc daha m\u00f6ht\u0259\u015f\u0259m Z\u0259f\u0259r ruhunda qeyd etdik. D\u00f6vl\u0259t ba\u015f\u00e7\u0131s\u0131, M\u00fcz\u0259ff\u0259r Ali Ba\u015f Komandan \u0130lham \u018fliyevin, birinci xan\u0131m Mehriban \u018fliyevan\u0131n v\u0259 o\u011fullar\u0131 Heyd\u0259r \u018fliyevin i\u015ftirak\u0131 il\u0259 Xank\u0259ndi \u015f\u0259h\u0259rind\u0259 h\u0259rbi parad ke\u00e7irildi. Silahl\u0131 Q\u00fcvv\u0259l\u0259rin parad hey\u0259tl\u0259rinin Az\u0259rbaycan Respublikas\u0131n\u0131n D\u00f6vl\u0259t Bayra\u011f\u0131 v\u0259 \u015eu\u015fa \u015f\u0259h\u0259rin\u0259 sanc\u0131lan \u2013 Q\u0259l\u0259b\u0259nin r\u0259mzin\u0259 \u00e7evril\u0259n Z\u0259f\u0259r Bayra\u011f\u0131 alt\u0131nda tribunaya do\u011fru ir\u0259lil\u0259m\u0259l\u0259ri, ard\u0131nca Az\u0259rbaycan Ordusunun v\u0259 qo\u015fun n\u00f6vl\u0259rinin, lokal xarakterli antiterror t\u0259dbirl\u0259rind\u0259 i\u015ftirak etmi\u015f h\u0259rbi birl\u0259\u015fm\u0259l\u0259rin d\u00f6y\u00fc\u015f bayraqlar\u0131n\u0131n&hellip;<\/p>\n","protected":false},"author":2,"featured_media":655963,"comment_status":"closed","ping_status":"closed","sticky":false,"template":"","format":"standard","meta":{"om_disable_all_campaigns":false,"_monsterinsights_skip_tracking":false,"_monsterinsights_sitenote_active":false,"_monsterinsights_sitenote_note":"","_monsterinsights_sitenote_category":0},"categories":[1],"tags":[],"aioseo_notices":[],"gutentor_comment":0,"rttpg_featured_image_url":{"full":["https:\/\/arantv.az\/wp-content\/uploads\/2023\/11\/f45a1078169987416620216866810068322.jpg",975,540,false],"landscape":["https:\/\/arantv.az\/wp-content\/uploads\/2023\/11\/f45a1078169987416620216866810068322.jpg",975,540,false],"portraits":["https:\/\/arantv.az\/wp-content\/uploads\/2023\/11\/f45a1078169987416620216866810068322.jpg",975,540,false],"thumbnail":["https:\/\/arantv.az\/wp-content\/uploads\/2023\/11\/f45a1078169987416620216866810068322-500x280.jpg",500,280,true],"medium":["https:\/\/arantv.az\/wp-content\/uploads\/2023\/11\/f45a1078169987416620216866810068322-660x365.jpg",660,365,true],"large":["https:\/\/arantv.az\/wp-content\/uploads\/2023\/11\/f45a1078169987416620216866810068322-840x465.jpg",640,354,true],"1536x1536":["https:\/\/arantv.az\/wp-content\/uploads\/2023\/11\/f45a1078169987416620216866810068322.jpg",975,540,false],"2048x2048":["https:\/\/arantv.az\/wp-content\/uploads\/2023\/11\/f45a1078169987416620216866810068322.jpg",975,540,false],"post-thumbnail":["https:\/\/arantv.az\/wp-content\/uploads\/2023\/11\/f45a1078169987416620216866810068322-240x172.jpg",240,172,true],"advps-thumb-one":["https:\/\/arantv.az\/wp-content\/uploads\/2023\/11\/f45a1078169987416620216866810068322.jpg",975,540,false]},"rttpg_author":{"display_name":"V\u00fcsal Rafiqo\u011flu","author_link":"https:\/\/arantv.az\/?author=2"},"rttpg_comment":0,"rttpg_category":"<a href=\"https:\/\/arantv.az\/?cat=1\" rel=\"category\">C\u0259miyy\u0259t<\/a>","rttpg_excerpt":"8 noyabr \u00e7ox\u0259srlik tariximizin \u0259n m\u00f6ht\u0259\u015f\u0259m s\u0259hif\u0259l\u0259rind\u0259n biridir. Bu tarix d\u00fcnyaya s\u0259s salan Z\u0259f\u0259rimizin \u0259b\u0259dil\u0259\u015fdirildiyi tarixdir. Bu il V\u0259t\u0259n m\u00fcharib\u0259sind\u0259 Z\u0259f\u0259rimizin \u00fc\u00e7\u00fcnc\u00fc ild\u00f6n\u00fcm\u00fcn\u00fc daha m\u00f6ht\u0259\u015f\u0259m Z\u0259f\u0259r ruhunda qeyd etdik. D\u00f6vl\u0259t ba\u015f\u00e7\u0131s\u0131, M\u00fcz\u0259ff\u0259r Ali Ba\u015f Komandan \u0130lham \u018fliyevin, birinci xan\u0131m Mehriban \u018fliyevan\u0131n v\u0259 o\u011fullar\u0131 Heyd\u0259r \u018fliyevin i\u015ftirak\u0131 il\u0259 Xank\u0259ndi \u015f\u0259h\u0259rind\u0259 h\u0259rbi parad ke\u00e7irildi. Silahl\u0131 Q\u00fcvv\u0259l\u0259rin parad&hellip;","_links":{"self":[{"href":"https:\/\/arantv.az\/index.php?rest_route=\/wp\/v2\/posts\/655962"}],"collection":[{"href":"https:\/\/arantv.az\/index.php?rest_route=\/wp\/v2\/posts"}],"about":[{"href":"https:\/\/arantv.az\/index.php?rest_route=\/wp\/v2\/types\/post"}],"author":[{"embeddable":true,"href":"https:\/\/arantv.az\/index.php?rest_route=\/wp\/v2\/users\/2"}],"replies":[{"embeddable":true,"href":"https:\/\/arantv.az\/index.php?rest_route=%2Fwp%2Fv2%2Fcomments&post=655962"}],"version-history":[{"count":0,"href":"https:\/\/arantv.az\/index.php?rest_route=\/wp\/v2\/posts\/655962\/revisions"}],"wp:featuredmedia":[{"embeddable":true,"href":"https:\/\/arantv.az\/index.php?rest_route=\/wp\/v2\/media\/655963"}],"wp:attachment":[{"href":"https:\/\/arantv.az\/index.php?rest_route=%2Fwp%2Fv2%2Fmedia&parent=655962"}],"wp:term":[{"taxonomy":"category","embeddable":true,"href":"https:\/\/arantv.az\/index.php?rest_route=%2Fwp%2Fv2%2Fcategories&post=655962"},{"taxonomy":"post_tag","embeddable":true,"href":"https:\/\/arantv.az\/index.php?rest_route=%2Fwp%2Fv2%2Ftags&post=655962"}],"curies":[{"name":"wp","href":"https:\/\/api.w.org\/{rel}","templated":true}]}}