{"id":655970,"date":"2023-11-14T10:18:21","date_gmt":"2023-11-14T06:18:21","guid":{"rendered":"https:\/\/arantv.az\/?p=655970"},"modified":"2023-11-14T10:18:21","modified_gmt":"2023-11-14T06:18:21","slug":"v%c9%99t%c9%99ndaslar-avtomat-v%c9%99-tuf%c9%99ngl%c9%99ri-polis%c9%99-t%c9%99hvil-veribl%c9%99r","status":"publish","type":"post","link":"https:\/\/arantv.az\/?p=655970","title":{"rendered":"V\u0259t\u0259nda\u015flar avtomat v\u0259 t\u00fcf\u0259ngl\u0259ri polis\u0259 t\u0259hvil veribl\u0259r"},"content":{"rendered":"<p>Noyabr\u0131n 13-d\u0259 polis \u0259m\u0259kda\u015flar\u0131 paytaxt v\u0259 respublikan\u0131n ayr\u0131-ayr\u0131 rayonlar\u0131nda bir\u00a0\u0259d\u0259d avtomat,\u00a010 \u0259d\u0259d m\u00fcxt\u0259lif markal\u0131 ov t\u00fcf\u0259ngi, iki patron dara\u011f\u0131 v\u0259 14 \u0259d\u0259d m\u00fcxt\u0259lif \u00e7apl\u0131 patron t\u0259hvil g\u00f6t\u00fcr\u00fcbl\u0259r.<\/p>\n<p>Bu bar\u0259d\u0259 Daxili \u0130\u015fl\u0259r Nazirliyinin M\u0259tbuat Xidm\u0259ti m\u0259lumat yay\u0131b.<\/p>\n<p>Bildirilib ki, ke\u00e7iril\u0259n \u0259m\u0259liyyat t\u0259dbirl\u0259ri il\u0259 be\u015f\u00a0ov t\u00fcf\u0259ngi a\u015fkar edil\u0259r\u0259k g\u00f6t\u00fcr\u00fcl\u00fcb.<\/p>\n","protected":false},"excerpt":{"rendered":"<p>Noyabr\u0131n 13-d\u0259 polis \u0259m\u0259kda\u015flar\u0131 paytaxt v\u0259 respublikan\u0131n ayr\u0131-ayr\u0131 rayonlar\u0131nda bir\u00a0\u0259d\u0259d avtomat,\u00a010 \u0259d\u0259d m\u00fcxt\u0259lif markal\u0131 ov t\u00fcf\u0259ngi, iki patron dara\u011f\u0131 v\u0259 14 \u0259d\u0259d m\u00fcxt\u0259lif \u00e7apl\u0131 patron t\u0259hvil g\u00f6t\u00fcr\u00fcbl\u0259r. Bu bar\u0259d\u0259 Daxili \u0130\u015fl\u0259r Nazirliyinin M\u0259tbuat Xidm\u0259ti m\u0259lumat yay\u0131b. Bildirilib ki, ke\u00e7iril\u0259n \u0259m\u0259liyyat t\u0259dbirl\u0259ri il\u0259 be\u015f\u00a0ov t\u00fcf\u0259ngi a\u015fkar edil\u0259r\u0259k g\u00f6t\u00fcr\u00fcl\u00fcb.<\/p>\n","protected":false},"author":2,"featured_media":483215,"comment_status":"closed","ping_status":"closed","sticky":false,"template":"","format":"standard","meta":{"om_disable_all_campaigns":false,"_monsterinsights_skip_tracking":false,"_monsterinsights_sitenote_active":false,"_monsterinsights_sitenote_note":"","_monsterinsights_sitenote_category":0},"categories":[5],"tags":[],"aioseo_notices":[],"gutentor_comment":0,"rttpg_featured_image_url":{"full":["https:\/\/arantv.az\/wp-content\/uploads\/2022\/06\/din_mvd_azerbaijan_140118_11654592765.jpg",650,433,false],"landscape":["https:\/\/arantv.az\/wp-content\/uploads\/2022\/06\/din_mvd_azerbaijan_140118_11654592765.jpg",650,433,false],"portraits":["https:\/\/arantv.az\/wp-content\/uploads\/2022\/06\/din_mvd_azerbaijan_140118_11654592765.jpg",650,433,false],"thumbnail":["https:\/\/arantv.az\/wp-content\/uploads\/2022\/06\/din_mvd_azerbaijan_140118_11654592765-500x280.jpg",500,280,true],"medium":["https:\/\/arantv.az\/wp-content\/uploads\/2022\/06\/din_mvd_azerbaijan_140118_11654592765-548x365.jpg",548,365,true],"large":["https:\/\/arantv.az\/wp-content\/uploads\/2022\/06\/din_mvd_azerbaijan_140118_11654592765.jpg",640,426,false],"1536x1536":["https:\/\/arantv.az\/wp-content\/uploads\/2022\/06\/din_mvd_azerbaijan_140118_11654592765.jpg",650,433,false],"2048x2048":["https:\/\/arantv.az\/wp-content\/uploads\/2022\/06\/din_mvd_azerbaijan_140118_11654592765.jpg",650,433,false],"post-thumbnail":["https:\/\/arantv.az\/wp-content\/uploads\/2022\/06\/din_mvd_azerbaijan_140118_11654592765-240x172.jpg",240,172,true],"advps-thumb-one":["https:\/\/arantv.az\/wp-content\/uploads\/2022\/06\/din_mvd_azerbaijan_140118_11654592765.jpg",650,433,false]},"rttpg_author":{"display_name":"V\u00fcsal Rafiqo\u011flu","author_link":"https:\/\/arantv.az\/?author=2"},"rttpg_comment":0,"rttpg_category":"<a href=\"https:\/\/arantv.az\/?cat=5\" rel=\"category\">Hadis\u0259<\/a>","rttpg_excerpt":"Noyabr\u0131n 13-d\u0259 polis \u0259m\u0259kda\u015flar\u0131 paytaxt v\u0259 respublikan\u0131n ayr\u0131-ayr\u0131 rayonlar\u0131nda bir\u00a0\u0259d\u0259d avtomat,\u00a010 \u0259d\u0259d m\u00fcxt\u0259lif markal\u0131 ov t\u00fcf\u0259ngi, iki patron dara\u011f\u0131 v\u0259 14 \u0259d\u0259d m\u00fcxt\u0259lif \u00e7apl\u0131 patron t\u0259hvil g\u00f6t\u00fcr\u00fcbl\u0259r. Bu bar\u0259d\u0259 Daxili \u0130\u015fl\u0259r Nazirliyinin M\u0259tbuat Xidm\u0259ti m\u0259lumat yay\u0131b. Bildirilib ki, ke\u00e7iril\u0259n \u0259m\u0259liyyat t\u0259dbirl\u0259ri il\u0259 be\u015f\u00a0ov t\u00fcf\u0259ngi a\u015fkar edil\u0259r\u0259k g\u00f6t\u00fcr\u00fcl\u00fcb.","_links":{"self":[{"href":"https:\/\/arantv.az\/index.php?rest_route=\/wp\/v2\/posts\/655970"}],"collection":[{"href":"https:\/\/arantv.az\/index.php?rest_route=\/wp\/v2\/posts"}],"about":[{"href":"https:\/\/arantv.az\/index.php?rest_route=\/wp\/v2\/types\/post"}],"author":[{"embeddable":true,"href":"https:\/\/arantv.az\/index.php?rest_route=\/wp\/v2\/users\/2"}],"replies":[{"embeddable":true,"href":"https:\/\/arantv.az\/index.php?rest_route=%2Fwp%2Fv2%2Fcomments&post=655970"}],"version-history":[{"count":0,"href":"https:\/\/arantv.az\/index.php?rest_route=\/wp\/v2\/posts\/655970\/revisions"}],"wp:featuredmedia":[{"embeddable":true,"href":"https:\/\/arantv.az\/index.php?rest_route=\/wp\/v2\/media\/483215"}],"wp:attachment":[{"href":"https:\/\/arantv.az\/index.php?rest_route=%2Fwp%2Fv2%2Fmedia&parent=655970"}],"wp:term":[{"taxonomy":"category","embeddable":true,"href":"https:\/\/arantv.az\/index.php?rest_route=%2Fwp%2Fv2%2Fcategories&post=655970"},{"taxonomy":"post_tag","embeddable":true,"href":"https:\/\/arantv.az\/index.php?rest_route=%2Fwp%2Fv2%2Ftags&post=655970"}],"curies":[{"name":"wp","href":"https:\/\/api.w.org\/{rel}","templated":true}]}}