{"id":655976,"date":"2023-11-14T10:45:40","date_gmt":"2023-11-14T06:45:40","guid":{"rendered":"https:\/\/arantv.az\/?p=655976"},"modified":"2023-11-14T10:45:40","modified_gmt":"2023-11-14T06:45:40","slug":"dovl%c9%99t-xidm%c9%99ti-polietilen-torbalarin-satisinda-45-50-azalma-musahid%c9%99-olunur","status":"publish","type":"post","link":"https:\/\/arantv.az\/?p=655976","title":{"rendered":"D\u00f6vl\u0259t Xidm\u0259ti: \u201cPolietilen torbalar\u0131n sat\u0131\u015f\u0131nda 45-50% azalma m\u00fc\u015fahid\u0259 olunur\u201d"},"content":{"rendered":"<p>Antiinhisar v\u0259 \u0130stehlak Bazar\u0131na N\u0259zar\u0259t D\u00f6vl\u0259t Xidm\u0259tinin m\u00fc\u015fahid\u0259l\u0259ri v\u0259 d\u00f6vl\u0259t-\u00f6z\u0259l t\u0259r\u0259fda\u015fl\u0131\u011f\u0131 \u00e7\u0259r\u00e7iv\u0259sind\u0259 \u201cTicar\u0259t \u015f\u0259b\u0259k\u0259l\u0259rinin inki\u015faf\u0131\u201d \u0130ctimai Birliyinin \u00fczv\u00fc olan iri market \u015f\u0259b\u0259k\u0259l\u0259rind\u0259n i\u015f\u00e7i qaydada \u0259ld\u0259 olunan m\u0259lumatlar g\u00f6st\u0259rir ki, 2023-c\u00fc ilin sentyabr ay\u0131nda 2023-c\u00fc ilin fevral ay\u0131 il\u0259 m\u00fcqayis\u0259d\u0259 (qanunvericiliyin t\u0259l\u0259bl\u0259rinin icras\u0131ndan \u0259vv\u0259l) ticar\u0259t obyektl\u0259rind\u0259 polietilen torbalar\u0131n sat\u0131\u015f\u0131nda 45-50% azalma m\u00fc\u015fahid\u0259 olunur.<\/p>\n<p>Bu bar\u0259d\u0259 APA-n\u0131n sor\u011fusuna cavab olaraq \u0130qtisadiyyat Nazirliyi yan\u0131nda Antiinhisar v\u0259 \u0130stehlak Bazar\u0131na N\u0259zar\u0259t D\u00f6vl\u0259t Xidm\u0259tind\u0259n deyilib.<\/p>\n<p>Bildirilib ki, D\u00f6vl\u0259t Xidm\u0259ti bu sah\u0259d\u0259 qanunvericiliyin t\u0259l\u0259bl\u0259rin\u0259 \u0259m\u0259l olunmas\u0131 il\u0259 ba\u011fl\u0131 m\u00fct\u0259madi t\u0259dbirl\u0259r h\u0259yata ke\u00e7irir:<\/p>\n<p>\u201cEyni zamanda, bu istiqam\u0259td\u0259 qanunvericiliyin t\u0259l\u0259bl\u0259rin\u0259 \u0259m\u0259l olunmas\u0131 il\u0259 ba\u011fl\u0131 \u201cTicar\u0259t \u015f\u0259b\u0259k\u0259l\u0259rinin inki\u015faf\u0131\u201d \u0130ctimai Birliyi v\u0259 Birliy\u0259 \u00fczv iri ticar\u0259t \u015f\u0259b\u0259k\u0259l\u0259rinin n\u00fcmay\u0259nd\u0259l\u0259ri il\u0259 bir ne\u00e7\u0259 d\u0259f\u0259 maarifl\u0259ndirici xarakterli g\u00f6r\u00fc\u015fl\u0259r ke\u00e7irilib\u201d.<\/p>\n<p>Xat\u0131rladaq ki , \u201c\u018ftraf m\u00fchitin m\u00fchafiz\u0259si haqq\u0131nda\u201d Az\u0259rbaycan Respublikas\u0131n\u0131n Qanununun 46-c\u0131 madd\u0259sin\u0259 \u0259sas\u0259n qal\u0131nl\u0131\u011f\u0131 15 mikrona q\u0259d\u0259r olan polietilen torbalar\u0131n, habel\u0259 bird\u0259f\u0259lik istifad\u0259 \u00fc\u00e7\u00fcn n\u0259z\u0259rd\u0259 tutulan plastik qar\u0131\u015fd\u0131r\u0131c\u0131 \u00e7ubuq, \u00e7\u0259ng\u0259l, qa\u015f\u0131q, b\u0131\u00e7aq, bo\u015fqab v\u0259 st\u0259kanlar\u0131n sahibkarlar t\u0259r\u0259find\u0259n idxal\u0131, istehsal\u0131, h\u0259m\u00e7inin ticar\u0259t, ictimai ia\u015f\u0259 v\u0259 dig\u0259r xidm\u0259t obyektl\u0259rind\u0259 istehlak\u00e7\u0131ya sat\u0131lmas\u0131 v\u0259 ya verilm\u0259si qada\u011fand\u0131r.<\/p>\n<p>Qanunvericiliy\u0259 \u0259sas\u0259n, istehlak\u00e7\u0131lar (al\u0131c\u0131lar) t\u0259r\u0259find\u0259n mallar\u0131n v\u0259 m\u0259hsullar\u0131n da\u015f\u0131nmas\u0131 \u00fc\u00e7\u00fcn n\u0259z\u0259rd\u0259 tutulan qal\u0131nl\u0131\u011f\u0131 15-50 mikron olan, qulplu v\u0259 qulpsuz, y\u00fcng\u00fcl\u00e7\u0259kili polietilen torbalar istehlak\u00e7\u0131lara (al\u0131c\u0131lara) ayr\u0131ca m\u0259hsul n\u00f6v\u00fc kimi t\u0259qdim edilm\u0259lidir. Bu n\u00f6v m\u0259hsullar\u0131n ayr\u0131ca t\u0259qdim edildiyi v\u0259 sat\u0131\u015f qiym\u0259ti bar\u0259d\u0259 istehlak\u00e7\u0131ya (al\u0131c\u0131ya) \u0259vv\u0259lc\u0259d\u0259n m\u0259lumat verilm\u0259lidir.<\/p>\n","protected":false},"excerpt":{"rendered":"<p>Antiinhisar v\u0259 \u0130stehlak Bazar\u0131na N\u0259zar\u0259t D\u00f6vl\u0259t Xidm\u0259tinin m\u00fc\u015fahid\u0259l\u0259ri v\u0259 d\u00f6vl\u0259t-\u00f6z\u0259l t\u0259r\u0259fda\u015fl\u0131\u011f\u0131 \u00e7\u0259r\u00e7iv\u0259sind\u0259 \u201cTicar\u0259t \u015f\u0259b\u0259k\u0259l\u0259rinin inki\u015faf\u0131\u201d \u0130ctimai Birliyinin \u00fczv\u00fc olan iri market \u015f\u0259b\u0259k\u0259l\u0259rind\u0259n i\u015f\u00e7i qaydada \u0259ld\u0259 olunan m\u0259lumatlar g\u00f6st\u0259rir ki, 2023-c\u00fc ilin sentyabr ay\u0131nda 2023-c\u00fc ilin fevral ay\u0131 il\u0259 m\u00fcqayis\u0259d\u0259 (qanunvericiliyin t\u0259l\u0259bl\u0259rinin icras\u0131ndan \u0259vv\u0259l) ticar\u0259t obyektl\u0259rind\u0259 polietilen torbalar\u0131n sat\u0131\u015f\u0131nda 45-50% azalma m\u00fc\u015fahid\u0259 olunur. Bu bar\u0259d\u0259 APA-n\u0131n sor\u011fusuna cavab olaraq \u0130qtisadiyyat Nazirliyi yan\u0131nda Antiinhisar v\u0259 \u0130stehlak Bazar\u0131na N\u0259zar\u0259t D\u00f6vl\u0259t Xidm\u0259tind\u0259n deyilib. Bildirilib ki, D\u00f6vl\u0259t Xidm\u0259ti bu sah\u0259d\u0259 qanunvericiliyin t\u0259l\u0259bl\u0259rin\u0259 \u0259m\u0259l olunmas\u0131 il\u0259 ba\u011fl\u0131 m\u00fct\u0259madi t\u0259dbirl\u0259r h\u0259yata ke\u00e7irir: \u201cEyni zamanda, bu istiqam\u0259td\u0259 qanunvericiliyin&hellip;<\/p>\n","protected":false},"author":2,"featured_media":655977,"comment_status":"closed","ping_status":"closed","sticky":false,"template":"","format":"standard","meta":{"om_disable_all_campaigns":false,"_monsterinsights_skip_tracking":false,"_monsterinsights_sitenote_active":false,"_monsterinsights_sitenote_note":"","_monsterinsights_sitenote_category":0},"categories":[1],"tags":[],"aioseo_notices":[],"gutentor_comment":0,"rttpg_featured_image_url":{"full":["https:\/\/arantv.az\/wp-content\/uploads\/2023\/11\/pol.jpg",620,413,false],"landscape":["https:\/\/arantv.az\/wp-content\/uploads\/2023\/11\/pol.jpg",620,413,false],"portraits":["https:\/\/arantv.az\/wp-content\/uploads\/2023\/11\/pol.jpg",620,413,false],"thumbnail":["https:\/\/arantv.az\/wp-content\/uploads\/2023\/11\/pol-500x280.jpg",500,280,true],"medium":["https:\/\/arantv.az\/wp-content\/uploads\/2023\/11\/pol-548x365.jpg",548,365,true],"large":["https:\/\/arantv.az\/wp-content\/uploads\/2023\/11\/pol.jpg",620,413,false],"1536x1536":["https:\/\/arantv.az\/wp-content\/uploads\/2023\/11\/pol.jpg",620,413,false],"2048x2048":["https:\/\/arantv.az\/wp-content\/uploads\/2023\/11\/pol.jpg",620,413,false],"post-thumbnail":["https:\/\/arantv.az\/wp-content\/uploads\/2023\/11\/pol-240x172.jpg",240,172,true],"advps-thumb-one":["https:\/\/arantv.az\/wp-content\/uploads\/2023\/11\/pol.jpg",620,413,false]},"rttpg_author":{"display_name":"V\u00fcsal Rafiqo\u011flu","author_link":"https:\/\/arantv.az\/?author=2"},"rttpg_comment":0,"rttpg_category":"<a href=\"https:\/\/arantv.az\/?cat=1\" rel=\"category\">C\u0259miyy\u0259t<\/a>","rttpg_excerpt":"Antiinhisar v\u0259 \u0130stehlak Bazar\u0131na N\u0259zar\u0259t D\u00f6vl\u0259t Xidm\u0259tinin m\u00fc\u015fahid\u0259l\u0259ri v\u0259 d\u00f6vl\u0259t-\u00f6z\u0259l t\u0259r\u0259fda\u015fl\u0131\u011f\u0131 \u00e7\u0259r\u00e7iv\u0259sind\u0259 \u201cTicar\u0259t \u015f\u0259b\u0259k\u0259l\u0259rinin inki\u015faf\u0131\u201d \u0130ctimai Birliyinin \u00fczv\u00fc olan iri market \u015f\u0259b\u0259k\u0259l\u0259rind\u0259n i\u015f\u00e7i qaydada \u0259ld\u0259 olunan m\u0259lumatlar g\u00f6st\u0259rir ki, 2023-c\u00fc ilin sentyabr ay\u0131nda 2023-c\u00fc ilin fevral ay\u0131 il\u0259 m\u00fcqayis\u0259d\u0259 (qanunvericiliyin t\u0259l\u0259bl\u0259rinin icras\u0131ndan \u0259vv\u0259l) ticar\u0259t obyektl\u0259rind\u0259 polietilen torbalar\u0131n sat\u0131\u015f\u0131nda 45-50% azalma m\u00fc\u015fahid\u0259 olunur. Bu bar\u0259d\u0259 APA-n\u0131n&hellip;","_links":{"self":[{"href":"https:\/\/arantv.az\/index.php?rest_route=\/wp\/v2\/posts\/655976"}],"collection":[{"href":"https:\/\/arantv.az\/index.php?rest_route=\/wp\/v2\/posts"}],"about":[{"href":"https:\/\/arantv.az\/index.php?rest_route=\/wp\/v2\/types\/post"}],"author":[{"embeddable":true,"href":"https:\/\/arantv.az\/index.php?rest_route=\/wp\/v2\/users\/2"}],"replies":[{"embeddable":true,"href":"https:\/\/arantv.az\/index.php?rest_route=%2Fwp%2Fv2%2Fcomments&post=655976"}],"version-history":[{"count":0,"href":"https:\/\/arantv.az\/index.php?rest_route=\/wp\/v2\/posts\/655976\/revisions"}],"wp:featuredmedia":[{"embeddable":true,"href":"https:\/\/arantv.az\/index.php?rest_route=\/wp\/v2\/media\/655977"}],"wp:attachment":[{"href":"https:\/\/arantv.az\/index.php?rest_route=%2Fwp%2Fv2%2Fmedia&parent=655976"}],"wp:term":[{"taxonomy":"category","embeddable":true,"href":"https:\/\/arantv.az\/index.php?rest_route=%2Fwp%2Fv2%2Fcategories&post=655976"},{"taxonomy":"post_tag","embeddable":true,"href":"https:\/\/arantv.az\/index.php?rest_route=%2Fwp%2Fv2%2Ftags&post=655976"}],"curies":[{"name":"wp","href":"https:\/\/api.w.org\/{rel}","templated":true}]}}