{"id":655992,"date":"2023-11-14T11:11:43","date_gmt":"2023-11-14T07:11:43","guid":{"rendered":"https:\/\/arantv.az\/?p=655992"},"modified":"2023-11-14T11:11:43","modified_gmt":"2023-11-14T07:11:43","slug":"generalin-h%c9%99bsd%c9%99n-cixan-bacisi-oglu-yeni-v%c9%99zif%c9%99y%c9%99-t%c9%99yin-edildi","status":"publish","type":"post","link":"https:\/\/arantv.az\/?p=655992","title":{"rendered":"General\u0131n h\u0259bsd\u0259n \u00e7\u0131xan bac\u0131s\u0131 o\u011flu yeni v\u0259zif\u0259y\u0259 T\u018fY\u0130N ED\u0130LD\u0130"},"content":{"rendered":"<p>R\u00fc\u015fv\u0259t ittiham\u0131 il\u0259 h\u0259bs edilmi\u015f F\u00f6vq\u0259lad\u0259 Hallar Nazirliyinin Modul tipli Hospital\u0131n\u0131n sabiq ba\u015f h\u0259kimi \u0130mran A\u011fayev yeni i\u015f\u0259 ba\u015flay\u0131b.<\/p>\n<p><strong>ARANTV.AZ<\/strong>-\u0131n m\u0259lumat\u0131na g\u00f6r\u0259, bu bar\u0259d\u0259 o, sosial \u015f\u0259b\u0259k\u0259 hesab\u0131nda payla\u015f\u0131m edib.<\/p>\n<p>Bel\u0259 ki, \u0130.A\u011fayev Az\u0259rbaycan Tibb Universitetinin T\u0259dris Stomatoloji Klinikas\u0131n\u0131n direktor m\u00fcavini v\u0259zif\u0259sin\u0259 t\u0259yin edilib.<\/p>\n<div id=\"22889818619\"><\/div>\n<p>Qeyd ed\u0259k ki, \u0130mran A\u011fayev f\u00f6vq\u0259lad\u0259 hallar nazirinin m\u00fcavini general-leytenant Faiq Ta\u011f\u0131zad\u0259nin bac\u0131s\u0131 o\u011fludur.<\/p>\n<p>Xat\u0131rladaq ki, \u0130mran A\u011fayev koronavirus x\u0259st\u0259l\u0259rinin FHN hospital\u0131n\u0131n \u201cVIP korpus\u201dlar\u0131na yerl\u0259\u015fdirm\u0259k v\u0259 \u00f6z\u0259l klinikadan hospitala k\u00f6\u00e7\u00fcr\u00fclm\u0259si m\u00fcqabilind\u0259 r\u00fc\u015fv\u0259t almaqda ittiham edilib. 2021-ci il aprelin 22-d\u0259 tutulub. Bak\u0131 A\u011f\u0131r Cinay\u0259tl\u0259r M\u0259hk\u0259m\u0259sinin h\u00f6km\u00fc il\u0259 \u0130mran A\u011fayev 8 il 3 ay m\u00fcdd\u0259t\u0259 azadl\u0131qdan m\u0259hrum edilib. Bak\u0131 Apellyasiya M\u0259hk\u0259m\u0259si onun c\u0259zas\u0131n\u0131 d\u00f6rd il\u0259, Ali M\u0259hk\u0259m\u0259 is\u0259 \u00fc\u00e7 il\u0259 endirib. Bel\u0259likl\u0259, bu il aprelin 22-d\u0259 onun c\u0259za m\u00fcdd\u0259tinin \u00fc\u00e7d\u0259iki hiss\u0259si tamam olub v\u0259 \u0130mran A\u011fayev azadl\u0131\u011fa burax\u0131l\u0131b.<\/p>\n","protected":false},"excerpt":{"rendered":"<p>R\u00fc\u015fv\u0259t ittiham\u0131 il\u0259 h\u0259bs edilmi\u015f F\u00f6vq\u0259lad\u0259 Hallar Nazirliyinin Modul tipli Hospital\u0131n\u0131n sabiq ba\u015f h\u0259kimi \u0130mran A\u011fayev yeni i\u015f\u0259 ba\u015flay\u0131b. ARANTV.AZ-\u0131n m\u0259lumat\u0131na g\u00f6r\u0259, bu bar\u0259d\u0259 o, sosial \u015f\u0259b\u0259k\u0259 hesab\u0131nda payla\u015f\u0131m edib. Bel\u0259 ki, \u0130.A\u011fayev Az\u0259rbaycan Tibb Universitetinin T\u0259dris Stomatoloji Klinikas\u0131n\u0131n direktor m\u00fcavini v\u0259zif\u0259sin\u0259 t\u0259yin edilib. Qeyd ed\u0259k ki, \u0130mran A\u011fayev f\u00f6vq\u0259lad\u0259 hallar nazirinin m\u00fcavini general-leytenant Faiq Ta\u011f\u0131zad\u0259nin bac\u0131s\u0131 o\u011fludur. Xat\u0131rladaq ki, \u0130mran A\u011fayev koronavirus x\u0259st\u0259l\u0259rinin FHN hospital\u0131n\u0131n \u201cVIP korpus\u201dlar\u0131na yerl\u0259\u015fdirm\u0259k v\u0259 \u00f6z\u0259l klinikadan hospitala k\u00f6\u00e7\u00fcr\u00fclm\u0259si m\u00fcqabilind\u0259 r\u00fc\u015fv\u0259t almaqda ittiham edilib. 2021-ci il aprelin 22-d\u0259 tutulub. Bak\u0131 A\u011f\u0131r Cinay\u0259tl\u0259r M\u0259hk\u0259m\u0259sinin h\u00f6km\u00fc il\u0259&hellip;<\/p>\n","protected":false},"author":2,"featured_media":655993,"comment_status":"closed","ping_status":"closed","sticky":false,"template":"","format":"standard","meta":{"om_disable_all_campaigns":false,"_monsterinsights_skip_tracking":false,"_monsterinsights_sitenote_active":false,"_monsterinsights_sitenote_note":"","_monsterinsights_sitenote_category":0},"categories":[1],"tags":[],"aioseo_notices":[],"gutentor_comment":0,"rttpg_featured_image_url":{"full":["https:\/\/arantv.az\/wp-content\/uploads\/2023\/11\/1699943090.1697439950.1683018015.1669901116.1661233786_845558.jpg",620,413,false],"landscape":["https:\/\/arantv.az\/wp-content\/uploads\/2023\/11\/1699943090.1697439950.1683018015.1669901116.1661233786_845558.jpg",620,413,false],"portraits":["https:\/\/arantv.az\/wp-content\/uploads\/2023\/11\/1699943090.1697439950.1683018015.1669901116.1661233786_845558.jpg",620,413,false],"thumbnail":["https:\/\/arantv.az\/wp-content\/uploads\/2023\/11\/1699943090.1697439950.1683018015.1669901116.1661233786_845558-500x280.jpg",500,280,true],"medium":["https:\/\/arantv.az\/wp-content\/uploads\/2023\/11\/1699943090.1697439950.1683018015.1669901116.1661233786_845558-548x365.jpg",548,365,true],"large":["https:\/\/arantv.az\/wp-content\/uploads\/2023\/11\/1699943090.1697439950.1683018015.1669901116.1661233786_845558.jpg",620,413,false],"1536x1536":["https:\/\/arantv.az\/wp-content\/uploads\/2023\/11\/1699943090.1697439950.1683018015.1669901116.1661233786_845558.jpg",620,413,false],"2048x2048":["https:\/\/arantv.az\/wp-content\/uploads\/2023\/11\/1699943090.1697439950.1683018015.1669901116.1661233786_845558.jpg",620,413,false],"post-thumbnail":["https:\/\/arantv.az\/wp-content\/uploads\/2023\/11\/1699943090.1697439950.1683018015.1669901116.1661233786_845558-240x172.jpg",240,172,true],"advps-thumb-one":["https:\/\/arantv.az\/wp-content\/uploads\/2023\/11\/1699943090.1697439950.1683018015.1669901116.1661233786_845558.jpg",620,413,false]},"rttpg_author":{"display_name":"V\u00fcsal Rafiqo\u011flu","author_link":"https:\/\/arantv.az\/?author=2"},"rttpg_comment":0,"rttpg_category":"<a href=\"https:\/\/arantv.az\/?cat=1\" rel=\"category\">C\u0259miyy\u0259t<\/a>","rttpg_excerpt":"R\u00fc\u015fv\u0259t ittiham\u0131 il\u0259 h\u0259bs edilmi\u015f F\u00f6vq\u0259lad\u0259 Hallar Nazirliyinin Modul tipli Hospital\u0131n\u0131n sabiq ba\u015f h\u0259kimi \u0130mran A\u011fayev yeni i\u015f\u0259 ba\u015flay\u0131b. ARANTV.AZ-\u0131n m\u0259lumat\u0131na g\u00f6r\u0259, bu bar\u0259d\u0259 o, sosial \u015f\u0259b\u0259k\u0259 hesab\u0131nda payla\u015f\u0131m edib. Bel\u0259 ki, \u0130.A\u011fayev Az\u0259rbaycan Tibb Universitetinin T\u0259dris Stomatoloji Klinikas\u0131n\u0131n direktor m\u00fcavini v\u0259zif\u0259sin\u0259 t\u0259yin edilib. Qeyd ed\u0259k ki, \u0130mran A\u011fayev f\u00f6vq\u0259lad\u0259 hallar nazirinin m\u00fcavini general-leytenant Faiq&hellip;","_links":{"self":[{"href":"https:\/\/arantv.az\/index.php?rest_route=\/wp\/v2\/posts\/655992"}],"collection":[{"href":"https:\/\/arantv.az\/index.php?rest_route=\/wp\/v2\/posts"}],"about":[{"href":"https:\/\/arantv.az\/index.php?rest_route=\/wp\/v2\/types\/post"}],"author":[{"embeddable":true,"href":"https:\/\/arantv.az\/index.php?rest_route=\/wp\/v2\/users\/2"}],"replies":[{"embeddable":true,"href":"https:\/\/arantv.az\/index.php?rest_route=%2Fwp%2Fv2%2Fcomments&post=655992"}],"version-history":[{"count":0,"href":"https:\/\/arantv.az\/index.php?rest_route=\/wp\/v2\/posts\/655992\/revisions"}],"wp:featuredmedia":[{"embeddable":true,"href":"https:\/\/arantv.az\/index.php?rest_route=\/wp\/v2\/media\/655993"}],"wp:attachment":[{"href":"https:\/\/arantv.az\/index.php?rest_route=%2Fwp%2Fv2%2Fmedia&parent=655992"}],"wp:term":[{"taxonomy":"category","embeddable":true,"href":"https:\/\/arantv.az\/index.php?rest_route=%2Fwp%2Fv2%2Fcategories&post=655992"},{"taxonomy":"post_tag","embeddable":true,"href":"https:\/\/arantv.az\/index.php?rest_route=%2Fwp%2Fv2%2Ftags&post=655992"}],"curies":[{"name":"wp","href":"https:\/\/api.w.org\/{rel}","templated":true}]}}