{"id":655998,"date":"2023-11-14T11:18:44","date_gmt":"2023-11-14T07:18:44","guid":{"rendered":"https:\/\/arantv.az\/?p=655998"},"modified":"2023-11-14T11:18:44","modified_gmt":"2023-11-14T07:18:44","slug":"xarici-media-numay%c9%99nd%c9%99l%c9%99ri-v%c9%99-turoperatorlar-az%c9%99rbaycanin-ornitoloji-turizm-imkanlari-il%c9%99-tanis-olublar","status":"publish","type":"post","link":"https:\/\/arantv.az\/?p=655998","title":{"rendered":"Xarici media n\u00fcmay\u0259nd\u0259l\u0259ri v\u0259 turoperatorlar Az\u0259rbaycan\u0131n ornitoloji turizm imkanlar\u0131 il\u0259 tan\u0131\u015f olublar"},"content":{"rendered":"<p>Az\u0259rbaycan\u0131n ornitoloji turizm \u00fczr\u0259 potensial\u0131n\u0131n t\u0259qdim olunmas\u0131 m\u0259qs\u0259dil\u0259 Az\u0259rbaycan Turizm B\u00fcrosu 8-13 noyabrda B\u00f6y\u00fck Britaniya, \u0130sve\u00e7, Bolqar\u0131stan v\u0259 C\u0259nubi Afrikadan olan media n\u00fcmay\u0259nd\u0259l\u0259ri v\u0259 qu\u015f m\u00fc\u015fahid\u0259si \u00fczr\u0259 ixtisasla\u015fm\u0131\u015f turoperatorlar \u00fc\u00e7\u00fcn tan\u0131t\u0131m s\u0259f\u0259ri t\u0259\u015fkil edib.<\/p>\n<p>Bu bar\u0259d\u0259 D\u00f6vl\u0259t Turizm Agentliyind\u0259n m\u0259lumat verilib.<\/p>\n<p>S\u0259f\u0259r zaman\u0131 xarici qonaqlar \u201cBe\u015fbarmaq da\u011f\u0131\u201d D\u00f6vl\u0259t Tarix-M\u0259d\u0259niyy\u0259t v\u0259 T\u0259bi\u0259t Qoru\u011funun \u0259razisind\u0259 qu\u015flar\u0131n Qafqaz da\u011flar\u0131 il\u0259 X\u0259z\u0259r d\u0259nizi aras\u0131nda 90 km uzunlu\u011funda ke\u00e7id yolunu \u0259hat\u0259 ed\u0259n \u201cdarbo\u011faz\u201d\u0131 ziyar\u0259t ed\u0259r\u0259k pay\u0131z miqrasiyas\u0131n\u0131 m\u00fc\u015fahid\u0259 edibl\u0259r.<\/p>\n<p>Bundan \u0259lav\u0259, Az\u0259rbaycanda \u0259sas qu\u015f m\u00fc\u015fahid\u0259si \u0259razil\u0259ri kimi tan\u0131nan \u015eirvan, Q\u0131z\u0131la\u011fac, Hirkan Milli Parklar\u0131, Mahmud\u00e7ala g\u00f6l\u00fc, Varvara su anbar\u0131, X\u0131z\u0131 da\u011flar\u0131, el\u0259c\u0259 d\u0259 dig\u0259r \u0259razil\u0259r\u0259 s\u0259f\u0259rl\u0259r h\u0259yata ke\u00e7irilib, Az\u0259rbaycanda m\u00f6vcud olan nadir qu\u015f n\u00f6vl\u0259ri m\u00fc\u015fahid\u0259 edilib.<\/p>\n<p>Proqram \u00e7\u0259r\u00e7iv\u0259sind\u0259 s\u0259f\u0259r i\u015ftirak\u00e7\u0131lar\u0131 \u00fc\u00e7\u00fcn ornitoloji turizml\u0259 ba\u011fl\u0131 t\u0259qdimatlar, h\u0259m\u00e7inin B2B formatl\u0131 g\u00f6r\u00fc\u015fl\u0259r t\u0259\u015fkil olunub.<\/p>\n<p>D\u00f6vl\u0259t Turizm Agentliyinin tabeliyind\u0259 olan \u201cBe\u015fbarmaq\u201d D\u00f6vl\u0259t Tarix v\u0259 M\u0259d\u0259niyy\u0259t qoru\u011fu v\u0259 dig\u0259r m\u00fcvafiq \u0259razil\u0259rd\u0259 ekoturizmin vacib bir istiqam\u0259ti kimi ornitoloji turizm imkanlar\u0131n\u0131n inki\u015faf etdirilm\u0259si v\u0259 t\u0259\u015fviqi prioritet istiqam\u0259tl\u0259rd\u0259n biri kimi m\u00fc\u0259yy\u0259nl\u0259\u015fdirilib.<\/p>\n","protected":false},"excerpt":{"rendered":"<p>Az\u0259rbaycan\u0131n ornitoloji turizm \u00fczr\u0259 potensial\u0131n\u0131n t\u0259qdim olunmas\u0131 m\u0259qs\u0259dil\u0259 Az\u0259rbaycan Turizm B\u00fcrosu 8-13 noyabrda B\u00f6y\u00fck Britaniya, \u0130sve\u00e7, Bolqar\u0131stan v\u0259 C\u0259nubi Afrikadan olan media n\u00fcmay\u0259nd\u0259l\u0259ri v\u0259 qu\u015f m\u00fc\u015fahid\u0259si \u00fczr\u0259 ixtisasla\u015fm\u0131\u015f turoperatorlar \u00fc\u00e7\u00fcn tan\u0131t\u0131m s\u0259f\u0259ri t\u0259\u015fkil edib. Bu bar\u0259d\u0259 D\u00f6vl\u0259t Turizm Agentliyind\u0259n m\u0259lumat verilib. S\u0259f\u0259r zaman\u0131 xarici qonaqlar \u201cBe\u015fbarmaq da\u011f\u0131\u201d D\u00f6vl\u0259t Tarix-M\u0259d\u0259niyy\u0259t v\u0259 T\u0259bi\u0259t Qoru\u011funun \u0259razisind\u0259 qu\u015flar\u0131n Qafqaz da\u011flar\u0131 il\u0259 X\u0259z\u0259r d\u0259nizi aras\u0131nda 90 km uzunlu\u011funda ke\u00e7id yolunu \u0259hat\u0259 ed\u0259n \u201cdarbo\u011faz\u201d\u0131 ziyar\u0259t ed\u0259r\u0259k pay\u0131z miqrasiyas\u0131n\u0131 m\u00fc\u015fahid\u0259 edibl\u0259r. Bundan \u0259lav\u0259, Az\u0259rbaycanda \u0259sas qu\u015f m\u00fc\u015fahid\u0259si \u0259razil\u0259ri kimi tan\u0131nan \u015eirvan, Q\u0131z\u0131la\u011fac, Hirkan Milli Parklar\u0131, Mahmud\u00e7ala g\u00f6l\u00fc,&hellip;<\/p>\n","protected":false},"author":2,"featured_media":655999,"comment_status":"closed","ping_status":"closed","sticky":false,"template":"","format":"standard","meta":{"om_disable_all_campaigns":false,"_monsterinsights_skip_tracking":false,"_monsterinsights_sitenote_active":false,"_monsterinsights_sitenote_note":"","_monsterinsights_sitenote_category":0},"categories":[1],"tags":[],"aioseo_notices":[],"gutentor_comment":0,"rttpg_featured_image_url":{"full":["https:\/\/arantv.az\/wp-content\/uploads\/2023\/11\/65530feb4502365530feb45024169994237865530feb4502165530feb45022.jpg",620,413,false],"landscape":["https:\/\/arantv.az\/wp-content\/uploads\/2023\/11\/65530feb4502365530feb45024169994237865530feb4502165530feb45022.jpg",620,413,false],"portraits":["https:\/\/arantv.az\/wp-content\/uploads\/2023\/11\/65530feb4502365530feb45024169994237865530feb4502165530feb45022.jpg",620,413,false],"thumbnail":["https:\/\/arantv.az\/wp-content\/uploads\/2023\/11\/65530feb4502365530feb45024169994237865530feb4502165530feb45022-500x280.jpg",500,280,true],"medium":["https:\/\/arantv.az\/wp-content\/uploads\/2023\/11\/65530feb4502365530feb45024169994237865530feb4502165530feb45022-548x365.jpg",548,365,true],"large":["https:\/\/arantv.az\/wp-content\/uploads\/2023\/11\/65530feb4502365530feb45024169994237865530feb4502165530feb45022.jpg",620,413,false],"1536x1536":["https:\/\/arantv.az\/wp-content\/uploads\/2023\/11\/65530feb4502365530feb45024169994237865530feb4502165530feb45022.jpg",620,413,false],"2048x2048":["https:\/\/arantv.az\/wp-content\/uploads\/2023\/11\/65530feb4502365530feb45024169994237865530feb4502165530feb45022.jpg",620,413,false],"post-thumbnail":["https:\/\/arantv.az\/wp-content\/uploads\/2023\/11\/65530feb4502365530feb45024169994237865530feb4502165530feb45022-240x172.jpg",240,172,true],"advps-thumb-one":["https:\/\/arantv.az\/wp-content\/uploads\/2023\/11\/65530feb4502365530feb45024169994237865530feb4502165530feb45022.jpg",620,413,false]},"rttpg_author":{"display_name":"V\u00fcsal Rafiqo\u011flu","author_link":"https:\/\/arantv.az\/?author=2"},"rttpg_comment":0,"rttpg_category":"<a href=\"https:\/\/arantv.az\/?cat=1\" rel=\"category\">C\u0259miyy\u0259t<\/a>","rttpg_excerpt":"Az\u0259rbaycan\u0131n ornitoloji turizm \u00fczr\u0259 potensial\u0131n\u0131n t\u0259qdim olunmas\u0131 m\u0259qs\u0259dil\u0259 Az\u0259rbaycan Turizm B\u00fcrosu 8-13 noyabrda B\u00f6y\u00fck Britaniya, \u0130sve\u00e7, Bolqar\u0131stan v\u0259 C\u0259nubi Afrikadan olan media n\u00fcmay\u0259nd\u0259l\u0259ri v\u0259 qu\u015f m\u00fc\u015fahid\u0259si \u00fczr\u0259 ixtisasla\u015fm\u0131\u015f turoperatorlar \u00fc\u00e7\u00fcn tan\u0131t\u0131m s\u0259f\u0259ri t\u0259\u015fkil edib. Bu bar\u0259d\u0259 D\u00f6vl\u0259t Turizm Agentliyind\u0259n m\u0259lumat verilib. S\u0259f\u0259r zaman\u0131 xarici qonaqlar \u201cBe\u015fbarmaq da\u011f\u0131\u201d D\u00f6vl\u0259t Tarix-M\u0259d\u0259niyy\u0259t v\u0259 T\u0259bi\u0259t Qoru\u011funun \u0259razisind\u0259 qu\u015flar\u0131n Qafqaz&hellip;","_links":{"self":[{"href":"https:\/\/arantv.az\/index.php?rest_route=\/wp\/v2\/posts\/655998"}],"collection":[{"href":"https:\/\/arantv.az\/index.php?rest_route=\/wp\/v2\/posts"}],"about":[{"href":"https:\/\/arantv.az\/index.php?rest_route=\/wp\/v2\/types\/post"}],"author":[{"embeddable":true,"href":"https:\/\/arantv.az\/index.php?rest_route=\/wp\/v2\/users\/2"}],"replies":[{"embeddable":true,"href":"https:\/\/arantv.az\/index.php?rest_route=%2Fwp%2Fv2%2Fcomments&post=655998"}],"version-history":[{"count":0,"href":"https:\/\/arantv.az\/index.php?rest_route=\/wp\/v2\/posts\/655998\/revisions"}],"wp:featuredmedia":[{"embeddable":true,"href":"https:\/\/arantv.az\/index.php?rest_route=\/wp\/v2\/media\/655999"}],"wp:attachment":[{"href":"https:\/\/arantv.az\/index.php?rest_route=%2Fwp%2Fv2%2Fmedia&parent=655998"}],"wp:term":[{"taxonomy":"category","embeddable":true,"href":"https:\/\/arantv.az\/index.php?rest_route=%2Fwp%2Fv2%2Fcategories&post=655998"},{"taxonomy":"post_tag","embeddable":true,"href":"https:\/\/arantv.az\/index.php?rest_route=%2Fwp%2Fv2%2Ftags&post=655998"}],"curies":[{"name":"wp","href":"https:\/\/api.w.org\/{rel}","templated":true}]}}