{"id":656001,"date":"2023-11-14T11:20:04","date_gmt":"2023-11-14T07:20:04","guid":{"rendered":"https:\/\/arantv.az\/?p=656001"},"modified":"2023-11-14T11:20:04","modified_gmt":"2023-11-14T07:20:04","slug":"pasinyanin-3-prinsipi-v%c9%99-sulhu-sabotaj-ed%c9%99n-prinsipsizliyi-ir%c9%99vanin-riyakarligi-bitmir","status":"publish","type":"post","link":"https:\/\/arantv.az\/?p=656001","title":{"rendered":"Pa\u015finyan\u0131n \u201c3 prinsip\u201di v\u0259 s\u00fclh\u00fc sabotaj ed\u0259n prinsipsizliyi &#8211; \u0130r\u0259van\u0131n riyakarl\u0131\u011f\u0131 bitmir"},"content":{"rendered":"<h3><strong>Siyasi \u015f\u0259rh\u00e7i: \u201cErm\u0259ni ba\u015f nazir s\u00fclh sazi\u015finin imzalanmas\u0131n\u0131 y\u0259qin ki, ist\u0259yir, lakin&#8230;\u201d<\/strong><\/h3>\n<p><strong>\u00d6t\u0259n h\u0259ft\u0259 AB\u015e-\u0131n Qafqazda dan\u0131\u015f\u0131qlar \u00fczr\u0259 ba\u015f m\u0259sl\u0259h\u0259t\u00e7isi Lui Bono bir ay \u0259rzind\u0259 ikinci d\u0259f\u0259 regionda oldu. \u0130r\u0259van ba\u015f \u00e7\u0259kdi. Bu h\u0259ft\u0259 is\u0259 Bak\u0131ya g\u0259l\u0259c\u0259yi g\u00f6zl\u0259nilir. G\u00f6r\u00fcn\u0259n budur ki, AB\u015e \u00f6z vasit\u0259\u00e7ilik t\u0259\u015f\u0259bb\u00fcsl\u0259rini t\u0259z\u0259d\u0259n b\u0259rpa el\u0259m\u0259k ist\u0259yir. X\u00fcsus\u0259n d\u0259 o fonda ki, Rusiya T\u0259hl\u00fck\u0259sizlik \u015euras\u0131n\u0131n katibi Nikolay Patru\u015fev ke\u00e7\u0259n h\u0259ft\u0259 b\u00f6lg\u0259d\u0259 s\u00fclh\u00fcn \u0259ld\u0259 olunmas\u0131na regiondan uzaq g\u00fccl\u0259rin mane oldu\u011funu s\u00f6yl\u0259yib. Onu da deyib ki, Moskva t\u0259r\u0259fl\u0259r aras\u0131nda s\u00fclh m\u00fcqavil\u0259si haz\u0131rl\u0131\u011f\u0131n\u0131n i\u00e7ind\u0259dir.<\/strong><\/p>\n<p><em>Erm\u0259nistan is\u0259 son vaxtlar Rusiya platformas\u0131ndan israrla yay\u0131n\u0131r, daha \u00e7ox \u00f6z\u00fcn\u00fc \u201ckomfort\u201dda hiss etdiyi Q\u0259rb\u0259, x\u00fcsus\u0259n d\u0259 Fransan\u0131n oldu\u011fu dan\u0131\u015f\u0131q masalar\u0131na v\u0259 formatlara can at\u0131r. \u0130r\u0259van h\u0259tta Moskvan\u0131 az qala fz\u0259rbaycanp\u0259r\u0259st m\u00f6vqe tutmaqda su\u00e7lama\u011fa ba\u015flay\u0131b.<\/em><\/p>\n<p>M\u0259s\u0259l\u0259n, Erm\u0259nistan\u0131n hakim \u201cM\u00fclki m\u00fcqavil\u0259\u201d partiyas\u0131ndan olan deputat Ovik A\u011fazaryan bildirib ki, Rusiya platformas\u0131 o q\u0259d\u0259r d\u0259 effektiv deyil, \u00e7\u00fcnki Rusiya art\u0131q m\u00fc\u0259yy\u0259n m\u0259nada bu m\u00fcnaqi\u015f\u0259nin t\u0259r\u0259fidir (y\u0259ni guya Bak\u0131n\u0131n m\u00f6vqeyind\u0259dir). \u201cM\u0259nc\u0259, bu s\u0259b\u0259bd\u0259n bizim ikilik qar\u015f\u0131s\u0131nda t\u0259nha oldu\u011fumuz yerd\u0259 Erm\u0259nistan\u0131n dan\u0131\u015f\u0131qlarda i\u015ftirak etm\u0259si q\u0259buledilm\u0259zdir. Son ill\u0259r biz m\u00fctt\u0259fiqimizin (Rusiyan\u0131n &#8211; red.) passivliyini v\u0259 f\u0259aliyy\u0259tsizliyini m\u00fc\u015fahid\u0259 edirik ki, bu da \u00e7ox a\u011f\u0131r n\u0259tic\u0259l\u0259r\u0259 g\u0259tirib \u00e7\u0131xar\u0131b\u201d, &#8211; A\u011fazaryan bildirib.<\/p>\n<p>Y\u0259ni bel\u0259 \u00e7\u0131x\u0131r, T\u00fcrkiy\u0259 lideri \u018frdo\u011fan\u0131n t\u0259klif etdiyi \u201cd\u00f6rdl\u00fc format\u201da da (Az\u0259rbaycan-T\u00fcrkiy\u0259-Erm\u0259nistan-Rusiya) Erm\u0259nistan \u00f6z\u00fcn\u00fc \u201ct\u0259nha\u201d hiss etdiyi \u00fc\u00e7\u00fcn qat\u0131lmayacaq. Yeri g\u0259lmi\u015fk\u0259n, noyabr\u0131n 9-da Da\u015fk\u0259ndd\u0259ki t\u0259dbird\u0259 R.T. \u018frdo\u011fan bir daha \u0130r\u0259vana s\u0259sl\u0259nib. Sitat: \u201cQaraba\u011f\u0131n azad olunmas\u0131 n\u0259tic\u0259sind\u0259 regionda s\u00fclh\u0259 bir az da yax\u0131nla\u015fd\u0131q. Erm\u0259nistan \u00f6hd\u0259likl\u0259rini yerin\u0259 yetirs\u0259, bu proses daha da asanla\u015facaq\u201d.<\/p>\n<p>Yerin\u0259 yetir\u0259c\u0259kmi? Bu arada m\u0259lum olub ki, Az\u0259rbaycan, Rusiya v\u0259 Erm\u0259nistan X\u0130N r\u0259hb\u0259rl\u0259ri uzun fasil\u0259d\u0259n sonra Moskvada g\u00f6r\u00fc\u015f\u0259c\u0259k. Lakin d\u0259qiq tarix b\u0259lli deyil. Eyni zamanda Br\u00fcsseld\u0259 g\u0259l\u0259n ay, ilsonu \u201c\u00fc\u00e7l\u00fc\u201d formatda (\u018fliyev-Pa\u015finyan-Mi\u015fel) n\u00f6vb\u0259ti g\u00f6r\u00fc\u015f bar\u0259d\u0259 K\u0130V-l\u0259rd\u0259 m\u0259lumat yay\u0131l\u0131b.<\/p>\n<p><strong>G\u00f6r\u00fcnd\u00fcy\u00fc kimi, sanki \u0259n yax\u015f\u0131 vasit\u0259\u00e7ilik u\u011frunda Rusiya v\u0259 Q\u0259rb (Va\u015finqton, Br\u00fcssel) aras\u0131nda n\u00f6vb\u0259ti yar\u0131\u015f ba\u015flay\u0131b. Nec\u0259 dey\u0259rl\u0259r, h\u0259r\u0259 \u00f6z format\u0131n\u0131 xilas etm\u0259y\u0259 \u00e7al\u0131\u015f\u0131r. Kimd\u0259 u\u011furlu al\u0131nacaq? H\u0259l\u0259lik s\u00f6yl\u0259m\u0259k \u00e7\u0259tindir.<\/strong><\/p>\n<p>Nikol Pa\u015finyan bu d\u0259f\u0259 Parisd\u0259, S\u00fclh Forumu \u00e7\u0259r\u00e7iv\u0259sind\u0259 Az\u0259rbaycan\u0131n \u00fcnvan\u0131na b\u00f6htanlar s\u0259sl\u0259ndirib, Bak\u0131n\u0131 h\u0259yas\u0131zcas\u0131na \u201cetnik t\u0259mizl\u0259m\u0259\u201dd\u0259 su\u00e7lay\u0131b. Ard\u0131nca da riyakarcas\u0131na s\u00fclhd\u0259n d\u0259m vurub, s\u00fclh m\u00fcqavil\u0259si \u00fc\u00e7\u00fcn \u0130r\u0259van\u0131n \u201c\u00fc\u00e7 prinsip\u201dini t\u0259krarlay\u0131b (eyni ritorikan\u0131 Parisd\u0259 YUNESKO-nun iclas\u0131nda Erm\u0259nistan xarici i\u015fl\u0259r naziri Ararat Mirzoyan s\u0259sl\u0259ndirib). \u201cBirinci prinsip ondan ibar\u0259tdir ki, Erm\u0259nistan v\u0259 Az\u0259rbaycan 29,8 min v\u0259 86,6 min kv\/km h\u00fcdudlarda bir-birinin \u0259razi b\u00fct\u00f6vl\u00fcy\u00fcn\u00fc tan\u0131y\u0131r. \u0130kinci prinsip &#8211; s\u0259rh\u0259dl\u0259rin delimitasiyas\u0131 v\u0259 demarkasiyas\u0131 1991-ci il Almat\u0131 B\u0259yannam\u0259sin\u0259 uy\u011fun apar\u0131lmal\u0131d\u0131r. \u00dc\u00e7\u00fcnc\u00fc prinsip regional kommunikasiyalar\u0131n ke\u00e7diyi \u00f6lk\u0259l\u0259rin suverenliyi, yurisdiksiyas\u0131 v\u0259 qanunvericiliyi \u00e7\u0259r\u00e7iv\u0259sind\u0259 a\u00e7\u0131lmas\u0131na aiddir\u201d.<\/p>\n<p><strong>\u00d6z n\u00f6vb\u0259sind\u0259 Bak\u0131 \u0130r\u0259vana g\u00f6nd\u0259rdiyi 5 prinsipl\u0259 ba\u011fl\u0131 yekun t\u0259klifl\u0259rin\u0259 ondan cavab g\u00f6zl\u0259yir.<\/strong><\/p>\n<p>B\u0259s \u0130r\u0259vana s\u00fclh anla\u015fmas\u0131 imzalama\u011fa n\u0259 mane olur? S\u00f6zs\u00fcz ki, Erm\u0259nistan gec-tez Az\u0259rbaycanla s\u00fclh s\u0259n\u0259dini imzalayacaq. \u00c7\u00fcnki bu ham\u0131dan \u00e7ox onun \u00f6z\u00fcn\u0259 laz\u0131md\u0131r. B\u0259s tarix? Pa\u015finyan d\u00f6n\u0259mind\u0259 bu m\u00fcmk\u00fcn olacaqm\u0131? Nikol \u0259sas n\u0259d\u0259n qorxur &#8211; terror edil\u0259c\u0259yind\u0259n, yoxsa Erm\u0259nistan\u0131n toparlanmas\u0131, silahlanmas\u0131 \u00fc\u00e7\u00fcn vaxt qazanaca\u011f\u0131n\u0131 x\u0259yal edir?<\/p>\n<p><img loading=\"lazy\" src=\"https:\/\/yeniazerbaycan.com\/yukle\/shekil\/2021_08_14_764808_14.8.2021.10.jpg\" alt=\"Abutal\u0131b S\u0259m\u0259dov: D\u00fcnya ictimaiyy\u0259ti bir daha Az\u0259rbaycan-T\u00fcrkiy\u0259  qarda\u015fl\u0131\u011f\u0131n\u0131n \u015fahidi oldu\" width=\"899\" height=\"629\" \/><\/p>\n<p><strong>Abutal\u0131b S\u0259m\u0259dov\u00a0<\/strong><\/p>\n<p><strong>Siyasi \u015f\u0259rh\u00e7i Abutal\u0131b S\u0259m\u0259dov \u201cYeni M\u00fcsavat\u201da bildirdi ki, Erm\u0259nistan\u0131n m\u00fc\u0259yy\u0259n d\u0259yi\u015fiklikl\u0259rl\u0259 Qranada da q\u0259bul olunan 3 t\u0259klifin \u0259slin\u0259 qalsa, q\u0259bulu m\u00fcmk\u00fcn olan m\u0259s\u0259l\u0259l\u0259rdir. Ancaq Nikol Pa\u015finyan b\u0259zi m\u0259s\u0259l\u0259l\u0259ri anlamaq ist\u0259mir v\u0259 bu da t\u0259biidir ki, dan\u0131\u015f\u0131qlarda m\u00fc\u0259yy\u0259n probleml\u0259r yarad\u0131r:<\/strong>\u00a0\u201cBirincisi, t\u0259l\u0259b, yaxud t\u0259klif edirdi ki, konkret r\u0259q\u0259m g\u00f6st\u0259rilsin. Ancaq o biri t\u0259r\u0259fd\u0259n deyir ki, Az\u0259rbaycan\u0131n 86,6 min kvadratkilometr \u0259razisin\u0259 8 i\u015f\u011fal olunmu\u015f k\u0259nd d\u0259 daxildir, Erm\u0259nistan\u0131n 29,8 min kvadratkilometr \u0259razisin\u0259 is\u0259 h\u0259m Ba\u015fk\u0259ndi, h\u0259m d\u0259 dig\u0259r k\u0259ndl\u0259ri daxil edir. Eyni zamanda onu da deyir ki, anklavlar\u0131n qaytar\u0131lmas\u0131 m\u00fc\u0259yy\u0259n probleml\u0259r yarada bil\u0259r v\u0259 \u0259razi m\u00fcbadil\u0259si imkanlar\u0131 da n\u0259z\u0259rd\u0259n ke\u00e7iril\u0259 bil\u0259r. T\u0259biidir ki, bu halda delimitasiya ke\u00e7irilm\u0259lidir v\u0259 ondan sonra ola bil\u0259r ki, Erm\u0259nistan\u0131n \u0259razisinin \u00f6l\u00e7\u00fcs\u00fcnd\u0259 azalma v\u0259 ya artma olsun. Eyni \u015fey Az\u0259rbaycana da aiddir. Y\u0259ni burada d\u0259qiq r\u0259q\u0259m t\u0259l\u0259b el\u0259m\u0259k hesab edir\u0259m ki, yaln\u0131z dan\u0131\u015f\u0131qlar\u0131 \u00e7\u0259tin\u0259 salmaq c\u0259hdidir. X\u0259rit\u0259l\u0259rl\u0259 ba\u011fl\u0131 da eyni \u015feyi dem\u0259k olar. Pa\u015finyan konkret 1975-ci il\u0259 x\u0259rit\u0259si \u0259sas\u0131nda delimitasiya apar\u0131lmas\u0131n\u0131 t\u0259klif edirdi. H\u0259tta Qranada da bunu q\u0259bul el\u0259m\u0259dil\u0259r v\u0259 son x\u0259rit\u0259l\u0259r \u0259sas\u0131nda apar\u0131lmas\u0131 daha d\u00fczg\u00fcn say\u0131ld\u0131. Son x\u0259rit\u0259l\u0259r dey\u0259nd\u0259 n\u0259 vaxt\u0131n x\u0259rit\u0259l\u0259rinin n\u0259z\u0259rd\u0259 tutulmas\u0131 da problemli m\u0259s\u0259l\u0259dir. Y\u0259ni burada da t\u0259kid el\u0259m\u0259k ki, m\u00fctl\u0259q bir x\u0259rit\u0259 \u0259sas\u0131nda -1975-ci il x\u0259rit\u0259si \u0259sas\u0131nda apar\u0131lmal\u0131d\u0131r, bu da t\u0259bii ki, \u0259lav\u0259 probleml\u0259r yarad\u0131b. \u00dcst\u0259lik, 2021-ci ilin noyabr\u0131nda So\u00e7id\u0259 imzalanm\u0131\u015f raz\u0131la\u015fmaya g\u00f6r\u0259 orada konkret bir x\u0259rit\u0259d\u0259n s\u00f6hb\u0259t getmir, x\u0259rit\u0259l\u0259rd\u0259n s\u00f6hb\u0259t gedir. Az\u0259rbaycan\u0131n da m\u00f6vqeyi bundan ibar\u0259tdir ki, delimitasiya Rusiya M\u00fcdafi\u0259 Nazirliyinin Ba\u015f Q\u0259rargah\u0131nda saxlan\u0131lan x\u0259rit\u0259l\u0259r \u0259sas\u0131nda apar\u0131lmal\u0131d\u0131r\u201d.<\/p>\n<p><strong>Siyasi \u015f\u0259rh\u00e7inin fikrinc\u0259, Pa\u015finyan s\u00fclh sazi\u015finin imzalanmas\u0131n\u0131 y\u0259qin ki, ist\u0259yir:<\/strong>\u00a0\u201cM\u0259n onun Erm\u0259nistan\u0131n g\u00fccl\u0259n\u0259c\u0259yin\u0259 \u00fcmid etdiyin\u0259 inanm\u0131ram. N\u0259 q\u0259d\u0259r t\u0259sad\u00fcfi siyas\u0259t\u00e7i olsa da Pa\u015finyan d\u0259rk edir ki, bel\u0259 bir \u015feyin olmas\u0131 m\u00fcmk\u00fcn deyil v\u0259 zaman ke\u00e7dikc\u0259 Az\u0259rbaycan Ordusu il\u0259 Erm\u0259nistan ordusu aras\u0131nda f\u0259rq daha da b\u00f6y\u00fcy\u0259c\u0259k. Bu, Erm\u0259nistan\u0131n t\u0259biidir ki, xeyrin\u0259 olmayacaq. S\u00fclh raz\u0131la\u015fmas\u0131n\u0131n imzalanmas\u0131nda \u0259sas problem Q\u0259rbl\u0259 Rusiya aras\u0131nda ziddiyy\u0259tl\u0259rin son h\u0259dd\u0259 q\u0259d\u0259r k\u0259skinl\u0259\u015fm\u0259si il\u0259 ba\u011fl\u0131d\u0131r. \u0130ndi \u0259sas m\u0259s\u0259l\u0259 sazi\u015fin harada imzalanmas\u0131d\u0131r. Rusiyada imzalanman\u0131 Q\u0259rb q\u0259bul el\u0259mir, Q\u0259rb platformas\u0131na Rusiya etiraz edir. Bu v\u0259ziyy\u0259ti ham\u0131dan \u0259vv\u0259l g\u00f6r\u0259n Az\u0259rbaycan Prezidenti G\u00fcrc\u00fcstan\u0131 t\u0259klif el\u0259di. G\u00fcman etm\u0259k olar ki, h\u0259m Rusiya, h\u0259m d\u0259 Q\u0259rb bu t\u0259klifi d\u0259rhal q\u0259bul etm\u0259li idil\u0259r v\u0259 Pa\u015finyan da raz\u0131l\u0131\u011f\u0131n\u0131 bildirm\u0259lidir. Lakin o, h\u0259l\u0259 d\u0259 raz\u0131l\u0131\u011f\u0131n\u0131 bildirm\u0259yib. Q\u0259rb d\u0259 g\u00f6r\u00fcn\u00fcr ki, icaz\u0259 verm\u0259diyin\u0259 g\u00f6r\u0259 Nikol susma\u011fa \u00fcst\u00fcnl\u00fck verir. \u018fsas problem d\u0259 budur. S\u00fclh sazi\u015finin m\u0259zmunundan daha \u00e7ox onun harada imzalanmas\u0131 \u0259sas problem kimi qar\u015f\u0131m\u0131zda durur. Gec-tez Erm\u0259nistan da bu n\u0259tic\u0259y\u0259 g\u0259lm\u0259lidir ki, G\u00fcrc\u00fcstandan \u0259lveri\u015fli variant yoxdur. \u018fks halda, \u00e7ox ciddi probleml\u0259r yaranacaq. Q\u0259rb son d\u00f6vrl\u0259rd\u0259 a\u00e7\u0131q erm\u0259nip\u0259r\u0259st m\u00f6vqey\u0259 ke\u00e7ib ki, bu da Az\u0259rbaycan\u0131n Q\u0259rbin vasit\u0259\u00e7iliyin\u0259 ciddi \u015f\u00fcbh\u0259 il\u0259 yana\u015fma\u011f\u0131na \u0259sas verib. Pa\u015finyan devrilm\u0259yind\u0259n v\u0259 ya terrora m\u0259ruz qalaca\u011f\u0131ndan \u015f\u00fcbh\u0259siz ki, qorxur v\u0259 bu amili daim n\u0259z\u0259r\u0259 al\u0131r. Ancaq bu, o q\u0259d\u0259r real deyil. Pa\u015finyan hakimiyy\u0259tini \u0259n \u00e7\u0259tin d\u00f6vrl\u0259rd\u0259 qoruyub v\u0259 s\u00fclh sazi\u015fini imzalayandan sonra da qoruyacaq\u201d.<\/p>\n","protected":false},"excerpt":{"rendered":"<p>Siyasi \u015f\u0259rh\u00e7i: \u201cErm\u0259ni ba\u015f nazir s\u00fclh sazi\u015finin imzalanmas\u0131n\u0131 y\u0259qin ki, ist\u0259yir, lakin&#8230;\u201d \u00d6t\u0259n h\u0259ft\u0259 AB\u015e-\u0131n Qafqazda dan\u0131\u015f\u0131qlar \u00fczr\u0259 ba\u015f m\u0259sl\u0259h\u0259t\u00e7isi Lui Bono bir ay \u0259rzind\u0259 ikinci d\u0259f\u0259 regionda oldu. \u0130r\u0259van ba\u015f \u00e7\u0259kdi. Bu h\u0259ft\u0259 is\u0259 Bak\u0131ya g\u0259l\u0259c\u0259yi g\u00f6zl\u0259nilir. G\u00f6r\u00fcn\u0259n budur ki, AB\u015e \u00f6z vasit\u0259\u00e7ilik t\u0259\u015f\u0259bb\u00fcsl\u0259rini t\u0259z\u0259d\u0259n b\u0259rpa el\u0259m\u0259k ist\u0259yir. X\u00fcsus\u0259n d\u0259 o fonda ki, Rusiya T\u0259hl\u00fck\u0259sizlik \u015euras\u0131n\u0131n katibi Nikolay Patru\u015fev ke\u00e7\u0259n h\u0259ft\u0259 b\u00f6lg\u0259d\u0259 s\u00fclh\u00fcn \u0259ld\u0259 olunmas\u0131na regiondan uzaq g\u00fccl\u0259rin mane oldu\u011funu s\u00f6yl\u0259yib. Onu da deyib ki, Moskva t\u0259r\u0259fl\u0259r aras\u0131nda s\u00fclh m\u00fcqavil\u0259si haz\u0131rl\u0131\u011f\u0131n\u0131n i\u00e7ind\u0259dir. Erm\u0259nistan is\u0259 son vaxtlar Rusiya platformas\u0131ndan israrla&hellip;<\/p>\n","protected":false},"author":2,"featured_media":656002,"comment_status":"closed","ping_status":"closed","sticky":false,"template":"","format":"standard","meta":{"om_disable_all_campaigns":false,"_monsterinsights_skip_tracking":false,"_monsterinsights_sitenote_active":false,"_monsterinsights_sitenote_note":"","_monsterinsights_sitenote_category":0},"categories":[4],"tags":[],"aioseo_notices":[],"gutentor_comment":0,"rttpg_featured_image_url":{"full":["https:\/\/arantv.az\/wp-content\/uploads\/2023\/11\/66f8beeef063836e55fcc63517a18f4b.jpg",750,467,false],"landscape":["https:\/\/arantv.az\/wp-content\/uploads\/2023\/11\/66f8beeef063836e55fcc63517a18f4b.jpg",750,467,false],"portraits":["https:\/\/arantv.az\/wp-content\/uploads\/2023\/11\/66f8beeef063836e55fcc63517a18f4b.jpg",750,467,false],"thumbnail":["https:\/\/arantv.az\/wp-content\/uploads\/2023\/11\/66f8beeef063836e55fcc63517a18f4b-500x280.jpg",500,280,true],"medium":["https:\/\/arantv.az\/wp-content\/uploads\/2023\/11\/66f8beeef063836e55fcc63517a18f4b-586x365.jpg",586,365,true],"large":["https:\/\/arantv.az\/wp-content\/uploads\/2023\/11\/66f8beeef063836e55fcc63517a18f4b.jpg",640,399,false],"1536x1536":["https:\/\/arantv.az\/wp-content\/uploads\/2023\/11\/66f8beeef063836e55fcc63517a18f4b.jpg",750,467,false],"2048x2048":["https:\/\/arantv.az\/wp-content\/uploads\/2023\/11\/66f8beeef063836e55fcc63517a18f4b.jpg",750,467,false],"post-thumbnail":["https:\/\/arantv.az\/wp-content\/uploads\/2023\/11\/66f8beeef063836e55fcc63517a18f4b-240x172.jpg",240,172,true],"advps-thumb-one":["https:\/\/arantv.az\/wp-content\/uploads\/2023\/11\/66f8beeef063836e55fcc63517a18f4b.jpg",750,467,false]},"rttpg_author":{"display_name":"V\u00fcsal Rafiqo\u011flu","author_link":"https:\/\/arantv.az\/?author=2"},"rttpg_comment":0,"rttpg_category":"<a href=\"https:\/\/arantv.az\/?cat=4\" rel=\"category\">Siyas\u0259t<\/a>","rttpg_excerpt":"Siyasi \u015f\u0259rh\u00e7i: \u201cErm\u0259ni ba\u015f nazir s\u00fclh sazi\u015finin imzalanmas\u0131n\u0131 y\u0259qin ki, ist\u0259yir, lakin&#8230;\u201d \u00d6t\u0259n h\u0259ft\u0259 AB\u015e-\u0131n Qafqazda dan\u0131\u015f\u0131qlar \u00fczr\u0259 ba\u015f m\u0259sl\u0259h\u0259t\u00e7isi Lui Bono bir ay \u0259rzind\u0259 ikinci d\u0259f\u0259 regionda oldu. \u0130r\u0259van ba\u015f \u00e7\u0259kdi. Bu h\u0259ft\u0259 is\u0259 Bak\u0131ya g\u0259l\u0259c\u0259yi g\u00f6zl\u0259nilir. G\u00f6r\u00fcn\u0259n budur ki, AB\u015e \u00f6z vasit\u0259\u00e7ilik t\u0259\u015f\u0259bb\u00fcsl\u0259rini t\u0259z\u0259d\u0259n b\u0259rpa el\u0259m\u0259k ist\u0259yir. X\u00fcsus\u0259n d\u0259 o fonda ki, Rusiya&hellip;","_links":{"self":[{"href":"https:\/\/arantv.az\/index.php?rest_route=\/wp\/v2\/posts\/656001"}],"collection":[{"href":"https:\/\/arantv.az\/index.php?rest_route=\/wp\/v2\/posts"}],"about":[{"href":"https:\/\/arantv.az\/index.php?rest_route=\/wp\/v2\/types\/post"}],"author":[{"embeddable":true,"href":"https:\/\/arantv.az\/index.php?rest_route=\/wp\/v2\/users\/2"}],"replies":[{"embeddable":true,"href":"https:\/\/arantv.az\/index.php?rest_route=%2Fwp%2Fv2%2Fcomments&post=656001"}],"version-history":[{"count":0,"href":"https:\/\/arantv.az\/index.php?rest_route=\/wp\/v2\/posts\/656001\/revisions"}],"wp:featuredmedia":[{"embeddable":true,"href":"https:\/\/arantv.az\/index.php?rest_route=\/wp\/v2\/media\/656002"}],"wp:attachment":[{"href":"https:\/\/arantv.az\/index.php?rest_route=%2Fwp%2Fv2%2Fmedia&parent=656001"}],"wp:term":[{"taxonomy":"category","embeddable":true,"href":"https:\/\/arantv.az\/index.php?rest_route=%2Fwp%2Fv2%2Fcategories&post=656001"},{"taxonomy":"post_tag","embeddable":true,"href":"https:\/\/arantv.az\/index.php?rest_route=%2Fwp%2Fv2%2Ftags&post=656001"}],"curies":[{"name":"wp","href":"https:\/\/api.w.org\/{rel}","templated":true}]}}